{"id":10417,"date":"2021-12-24T23:32:35","date_gmt":"2021-12-25T02:32:35","guid":{"rendered":"https:\/\/euvivoaselecao.com.br\/?p=10417"},"modified":"2021-12-24T23:32:35","modified_gmt":"2021-12-25T02:32:35","slug":"philippe-coutinho-distribui-500-cestas-basicas-no-terreno-onde-construira-instituto-que-levara-seu-nome-vasconet-site-de-noticias-do-clube-de-regatas-vasco-da-gama","status":"publish","type":"post","link":"https:\/\/euvivoaselecao.com.br\/index.php\/2021\/12\/24\/philippe-coutinho-distribui-500-cestas-basicas-no-terreno-onde-construira-instituto-que-levara-seu-nome-vasconet-site-de-noticias-do-clube-de-regatas-vasco-da-gama\/","title":{"rendered":"Philippe Coutinho distribui 500 cestas b\u00e1sicas no terreno onde construir\u00e1 instituto que levar\u00e1 seu nome &#8211; VASCONet &#8211; site de not\u00edcias do Clube de Regatas Vasco da Gama"},"content":{"rendered":"<p> <a href=\"https:\/\/news.google.com\/publications\/CAAqBwgKMMvIlgswru6tAw?hl=pt-BR&amp;gl=BR&amp;ceid=BR%3Apt-419\"><strong>SIGA-NOS<\/strong>  <\/a>            <\/p>\n<p>Philippe Coutinho distribui 500 cestas b\u00e1sicas no terreno onde construir\u00e1 instituto que levar\u00e1 seu nome Sexta-feira, 24\/12\/2021 &#8211; 21:29 De volta ao Rio de Janeiro, o meia Philippe Coutinho desembarcou de Barcelona para passar Natal com a fam\u00edlia e participou nessa quinta-feira de distribui\u00e7\u00e3o de 500 cestas b\u00e1sicas para a popula\u00e7\u00e3o em Vargem Grande, na zona oeste da cidade. <\/p>\n<p>O espa\u00e7o escolhido n\u00e3o foi \u00e0 toa. Vai ser naquele terreno que ele vai construir e inaugurar &#8211; com previs\u00e3o para 2022 &#8211; o futuro Instituto Philippe Coutinho, que vai unir educa\u00e7\u00e3o e esportes no local. <\/p>\n<p>Convocado novamente por Tite na \u00faltima lista do ano, Coutinho n\u00e3o entrou em campo, mas vive expectativa de voltar a ser lembrado pelo treinador da Sele\u00e7\u00e3o, na convoca\u00e7\u00e3o prevista para 14 de janeiro &#8211; jogos contra Equador, dia 27 de janeiro, em Quito, e Paraguai, dia 1\u00ba de fevereiro, em Belo Horizonte. <\/p>\n<p>O jogador revelado pelo Vasco, carioca na zona norte do Rio de Janeiro, h\u00e1 alguns anos realiza a\u00e7\u00f5es sociais deste tipo &#8211; durante a pandemia, em abril do ano passado, doou 20 toneladas de alimentos e tamb\u00e9m produtos de higiene para moradores da Mangueira e da Barreira do Vasco. <\/p>\n<p>Ele levou a esposa, os pais e os irm\u00e3os para participarem da a\u00e7\u00e3o social, que atendeu a 411 fam\u00edlias, com cerca de 1.500 beneficiadas. Foram cerca de dez toneladas de alimentos distribuidos. <\/p>\n<p><a href=\"\/news\/noticias16\/arquivos\/20211224-152405-1-philippe-coutinho-doa-500-cestas-basicas-em-terreno-de-futuro-instituto-social.jpg\" title=\"Philippe Coutinho doa 500 cestas b\u00e1sicas em terreno de futuro instituto social\" class=\"thickbox fancybox\" rel=\"ligthbox\">Philippe Coutinho doa 500 cestas b\u00e1sicas em terreno de futuro instituto social<\/a> <\/p>\n<p>Fonte: ge <\/p>\n<p>phil.coutinho <\/p>\n<p>O futebol me proporcionou a oportunidade em colaborar com aqueles que mais necessitam, e hoje realizar essa a\u00e7\u00e3o social onde em breve ser\u00e1 as instala\u00e7\u00f5es do instituto Philippe Coutinho faz se tornar um momento muito especial que marca o ponta p\u00e9 inicial da realiza\u00e7\u00e3o de um sonho meu e da minha fam\u00edlia. Sou muito grato a Deus por tudo e deixo aqui meus votos de um feliz Natal a todos, com sa\u00fade e paz! <\/p>\n<p><a href='\/news\/noticias16\/arquivos\/20211224-182112-1-.jpg' title='' class='thickbox fancybox' rel='ligthbox'><img src='\/news\/noticias16\/arquivos\/20211224-182112-1-.jpg' class='imagemgaleria img-responsive' alt=''>     <a href=\"https:\/\/news.google.com\/publications\/CAAqBwgKMMvIlgswru6tAw?hl=pt-BR&amp;gl=BR&amp;ceid=BR%3Apt-419\"><strong>SIGA-NOS<\/strong>  <\/a>     <\/a><a href='\/news\/noticias16\/arquivos\/20211224-182113-2-.jpg' title='' class='thickbox fancybox' rel='ligthbox'><img src='\/news\/noticias16\/arquivos\/20211224-182113-2-.jpg' class='imagemgaleria img-responsive' alt=''><\/a><a href='\/news\/noticias16\/arquivos\/20211224-182114-3-.jpg' title='' class='thickbox fancybox' rel='ligthbox'><img src='\/news\/noticias16\/arquivos\/20211224-182114-3-.jpg' class='imagemgaleria img-responsive' alt=''><\/a><a href='\/news\/noticias16\/arquivos\/20211224-182116-4-.jpg' title='' class='thickbox fancybox' rel='ligthbox'><img src='\/news\/noticias16\/arquivos\/20211224-182116-4-.jpg' class='imagemgaleria img-responsive' alt=''><\/a><a href='\/news\/noticias16\/arquivos\/20211224-182117-5-.jpg' title='' class='thickbox fancybox' rel='ligthbox'><img src='\/news\/noticias16\/arquivos\/20211224-182117-5-.jpg' class='imagemgaleria img-responsive' alt=''><\/a> <\/p>\n<p>Fonte: Instagram do jogador Philippe Coutinho<\/p>\n<h3 class=\"sd-title\">Compartilhe<\/h3>\n<h3 class=\"sd-title\">Like this:<\/h3>\n<p>Like Loading&#8230;<a class='sd-link-color'><\/a>  <\/p>\n<h3 class=\"jp-relatedposts-headline\">Relacionado<\/h3>\n<p>Fonte: <a href=\"\/\/vasconet.com.br\/2021\/12\/24\/philippe-coutinho-distribui-500-cestas-basicas-no-terreno-onde-construira-instituto-que-levara-seu-nome\" title=\"vasconet.com.br\/2021\/12\/24\/philippe-coutinho-distribui-500-cestas-basicas-no-terreno-onde-construira-instituto-que-levara-seu-nome\" target=\"_blank\" rel=\"bookmark noopener\"><cite>vasconet.com.br\/2021\/12\/24\/philippe-coutinho-distribui-500-cestas-basicas-no-terreno-onde-construira-instituto-que-levara-seu-nome<\/cite><\/a><\/p>\n","protected":false},"excerpt":{"rendered":"<p>SIGA-NOS Philippe Coutinho distribui 500 cestas b\u00e1sicas no terreno onde construir\u00e1 instituto que levar\u00e1 seu nome Sexta-feira, 24\/12\/2021 &#8211; 21:29<\/p>\n","protected":false},"author":1,"featured_media":10418,"comment_status":"closed","ping_status":"closed","sticky":false,"template":"","format":"standard","meta":{"colormag_page_container_layout":"default_layout","colormag_page_sidebar_layout":"default_layout","footnotes":""},"categories":[15],"tags":[],"class_list":["post-10417","post","type-post","status-publish","format-standard","has-post-thumbnail","hentry","category-noticias"],"_links":{"self":[{"href":"https:\/\/euvivoaselecao.com.br\/index.php\/wp-json\/wp\/v2\/posts\/10417","targetHints":{"allow":["GET"]}}],"collection":[{"href":"https:\/\/euvivoaselecao.com.br\/index.php\/wp-json\/wp\/v2\/posts"}],"about":[{"href":"https:\/\/euvivoaselecao.com.br\/index.php\/wp-json\/wp\/v2\/types\/post"}],"author":[{"embeddable":true,"href":"https:\/\/euvivoaselecao.com.br\/index.php\/wp-json\/wp\/v2\/users\/1"}],"replies":[{"embeddable":true,"href":"https:\/\/euvivoaselecao.com.br\/index.php\/wp-json\/wp\/v2\/comments?post=10417"}],"version-history":[{"count":1,"href":"https:\/\/euvivoaselecao.com.br\/index.php\/wp-json\/wp\/v2\/posts\/10417\/revisions"}],"predecessor-version":[{"id":10419,"href":"https:\/\/euvivoaselecao.com.br\/index.php\/wp-json\/wp\/v2\/posts\/10417\/revisions\/10419"}],"wp:featuredmedia":[{"embeddable":true,"href":"https:\/\/euvivoaselecao.com.br\/index.php\/wp-json\/wp\/v2\/media\/10418"}],"wp:attachment":[{"href":"https:\/\/euvivoaselecao.com.br\/index.php\/wp-json\/wp\/v2\/media?parent=10417"}],"wp:term":[{"taxonomy":"category","embeddable":true,"href":"https:\/\/euvivoaselecao.com.br\/index.php\/wp-json\/wp\/v2\/categories?post=10417"},{"taxonomy":"post_tag","embeddable":true,"href":"https:\/\/euvivoaselecao.com.br\/index.php\/wp-json\/wp\/v2\/tags?post=10417"}],"curies":[{"name":"wp","href":"https:\/\/api.w.org\/{rel}","templated":true}]}}