{"id":10429,"date":"2021-12-25T11:36:38","date_gmt":"2021-12-25T14:36:38","guid":{"rendered":"https:\/\/euvivoaselecao.com.br\/?p=10429"},"modified":"2021-12-25T11:36:38","modified_gmt":"2021-12-25T14:36:38","slug":"colecionador-mostra-camisa-com-logo-do-sbt-usada-pelo-vasco-na-final-no-brasileiro-de-2000-vasconet-site-de-noticias-do-clube-de-regatas-vasco-da-gama","status":"publish","type":"post","link":"https:\/\/euvivoaselecao.com.br\/index.php\/2021\/12\/25\/colecionador-mostra-camisa-com-logo-do-sbt-usada-pelo-vasco-na-final-no-brasileiro-de-2000-vasconet-site-de-noticias-do-clube-de-regatas-vasco-da-gama\/","title":{"rendered":"Colecionador mostra camisa com logo do SBT usada pelo Vasco na final no Brasileiro de 2000 &#8211; VASCONet &#8211; site de not\u00edcias do Clube de Regatas Vasco da Gama"},"content":{"rendered":"<p> <a href=\"https:\/\/news.google.com\/publications\/CAAqBwgKMMvIlgswru6tAw?hl=pt-BR&amp;gl=BR&amp;ceid=BR%3Apt-419\"><strong>SIGA-NOS<\/strong>  <\/a>            <\/p>\n<p>Colecionador mostra camisa com logo do SBT usada pelo Vasco na final no Brasileiro de 2000 S\u00e1bado, 25\/12\/2021 &#8211; 08:26 essencia_vascaina <\/p>\n<p>Para uma data especial, uma grande rel\u00edquia no colecionismo Vasca\u00edno. O modelo de uniforme usada pela equipe Vasca\u00edna no tetra campeonato Brasileiro de 2000 (Copa Joao Havelange)no Maracan\u00e3. O n\u00famero 25 era usado pelo ex jogador Marica que fez parte do grupo no mesmo ano. Ele n\u00e3o atuou, mas vale o registro da camisa que estampava a logo do SBT. Essa camisa acaba sendo muito valorizada por conta do Eurico, que comprou briga hist\u00f3rica com a Globo ao colocar logotipo do SBT na camisa. Al\u00e9m de toda essa pol\u00eamica, a camisa s\u00f3 foi usado na final com S\u00e3o Caetano no dia 18 de Janeiro de 2001, terminando o Vasco campe\u00e3o. @maricasergio <\/p>\n<p>Aproveito para desejar um Feliz Natal com muita sa\u00fade e alegria a todos os meus seguidores! E agradecer pela parceria de sempre! <\/p>\n<p>Sauda\u00e7\u00f5es Vasca\u00ednas!! <\/p>\n<p>E a\u00ed pessoal! Quem viu essa dupla jogar no in\u00edcio dos anos 2000? Comenta a\u00ed o voc\u00eas acham!! <\/p>\n<p>@juninhopeoficial @juninhoofficial <\/p>\n<p>Abra\u00e7os e sauda\u00e7\u00f5es Vasca\u00ednas!! <\/p>\n<p><a href='\/news\/noticias16\/arquivos\/20211224-184434-1-.jpg' title='' class='thickbox fancybox' rel='ligthbox'><\/a><a href='\/news\/noticias16\/arquivos\/20211224-184435-2-.jpg' title='' class='thickbox fancybox' rel='ligthbox'><img src='\/news\/noticias16\/arquivos\/20211224-184435-2-.jpg' class='imagemgaleria img-responsive' alt=''>     <a href=\"https:\/\/news.google.com\/publications\/CAAqBwgKMMvIlgswru6tAw?hl=pt-BR&amp;gl=BR&amp;ceid=BR%3Apt-419\"><strong>SIGA-NOS<\/strong>  <\/a>     <\/a><a href='\/news\/noticias16\/arquivos\/20211224-184436-3-.jpg' title='' class='thickbox fancybox' rel='ligthbox'><img src='\/news\/noticias16\/arquivos\/20211224-184436-3-.jpg' class='imagemgaleria img-responsive' alt=''><\/a><a href='\/news\/noticias16\/arquivos\/20211224-184437-4-.jpg' title='' class='thickbox fancybox' rel='ligthbox'><img src='\/news\/noticias16\/arquivos\/20211224-184437-4-.jpg' class='imagemgaleria img-responsive' alt=''><\/a><a href='\/news\/noticias16\/arquivos\/20211224-184438-5-.jpg' title='' class='thickbox fancybox' rel='ligthbox'><img src='\/news\/noticias16\/arquivos\/20211224-184438-5-.jpg' class='imagemgaleria img-responsive' alt=''><\/a><a href='\/news\/noticias16\/arquivos\/20211224-184439-6-.jpg' title='' class='thickbox fancybox' rel='ligthbox'><img src='\/news\/noticias16\/arquivos\/20211224-184439-6-.jpg' class='imagemgaleria img-responsive' alt=''><\/a><a href='\/news\/noticias16\/arquivos\/20211224-184440-7-.jpg' title='' class='thickbox fancybox' rel='ligthbox'><img src='\/news\/noticias16\/arquivos\/20211224-184440-7-.jpg' class='imagemgaleria img-responsive' alt=''><\/a><a href='\/news\/noticias16\/arquivos\/20211224-184441-8-.jpg' title='' class='thickbox fancybox' rel='ligthbox'><img src='\/news\/noticias16\/arquivos\/20211224-184441-8-.jpg' class='imagemgaleria img-responsive' alt=''><\/a><a href='\/news\/noticias16\/arquivos\/20211224-184442-9-.jpg' title='' class='thickbox fancybox' rel='ligthbox'><img src='\/news\/noticias16\/arquivos\/20211224-184442-9-.jpg' class='imagemgaleria img-responsive' alt=''><\/a> <\/p>\n<p>Fonte: Instagram Gustavo Rego<\/p>\n<h3 class=\"sd-title\">Compartilhe<\/h3>\n<h3 class=\"sd-title\">Like this:<\/h3>\n<p>Like Loading&#8230;<a class='sd-link-color'><\/a>  <\/p>\n<h3 class=\"jp-relatedposts-headline\">Relacionado<\/h3>\n<p>Fonte: <a href=\"\/\/vasconet.com.br\/2021\/12\/25\/colecionador-mostra-camisa-com-logo-do-sbt-usada-pelo-vasco-na-final-no-brasileiro-de-2000\" title=\"vasconet.com.br\/2021\/12\/25\/colecionador-mostra-camisa-com-logo-do-sbt-usada-pelo-vasco-na-final-no-brasileiro-de-2000\" target=\"_blank\" rel=\"bookmark noopener\"><cite>vasconet.com.br\/2021\/12\/25\/colecionador-mostra-camisa-com-logo-do-sbt-usada-pelo-vasco-na-final-no-brasileiro-de-2000<\/cite><\/a><\/p>\n","protected":false},"excerpt":{"rendered":"<p>SIGA-NOS Colecionador mostra camisa com logo do SBT usada pelo Vasco na final no Brasileiro de 2000 S\u00e1bado, 25\/12\/2021 &#8211;<\/p>\n","protected":false},"author":1,"featured_media":10430,"comment_status":"closed","ping_status":"closed","sticky":false,"template":"","format":"standard","meta":{"colormag_page_container_layout":"default_layout","colormag_page_sidebar_layout":"default_layout","footnotes":""},"categories":[15],"tags":[],"class_list":["post-10429","post","type-post","status-publish","format-standard","has-post-thumbnail","hentry","category-noticias"],"_links":{"self":[{"href":"https:\/\/euvivoaselecao.com.br\/index.php\/wp-json\/wp\/v2\/posts\/10429","targetHints":{"allow":["GET"]}}],"collection":[{"href":"https:\/\/euvivoaselecao.com.br\/index.php\/wp-json\/wp\/v2\/posts"}],"about":[{"href":"https:\/\/euvivoaselecao.com.br\/index.php\/wp-json\/wp\/v2\/types\/post"}],"author":[{"embeddable":true,"href":"https:\/\/euvivoaselecao.com.br\/index.php\/wp-json\/wp\/v2\/users\/1"}],"replies":[{"embeddable":true,"href":"https:\/\/euvivoaselecao.com.br\/index.php\/wp-json\/wp\/v2\/comments?post=10429"}],"version-history":[{"count":1,"href":"https:\/\/euvivoaselecao.com.br\/index.php\/wp-json\/wp\/v2\/posts\/10429\/revisions"}],"predecessor-version":[{"id":10431,"href":"https:\/\/euvivoaselecao.com.br\/index.php\/wp-json\/wp\/v2\/posts\/10429\/revisions\/10431"}],"wp:featuredmedia":[{"embeddable":true,"href":"https:\/\/euvivoaselecao.com.br\/index.php\/wp-json\/wp\/v2\/media\/10430"}],"wp:attachment":[{"href":"https:\/\/euvivoaselecao.com.br\/index.php\/wp-json\/wp\/v2\/media?parent=10429"}],"wp:term":[{"taxonomy":"category","embeddable":true,"href":"https:\/\/euvivoaselecao.com.br\/index.php\/wp-json\/wp\/v2\/categories?post=10429"},{"taxonomy":"post_tag","embeddable":true,"href":"https:\/\/euvivoaselecao.com.br\/index.php\/wp-json\/wp\/v2\/tags?post=10429"}],"curies":[{"name":"wp","href":"https:\/\/api.w.org\/{rel}","templated":true}]}}