{"id":10435,"date":"2021-12-25T17:34:24","date_gmt":"2021-12-25T20:34:24","guid":{"rendered":"https:\/\/euvivoaselecao.com.br\/?p=10435"},"modified":"2021-12-25T17:34:24","modified_gmt":"2021-12-25T20:34:24","slug":"leo-matos-publica-video-treinando-no-ct-moacyr-barbosa-neste-sabado-vasconet-site-de-noticias-do-clube-de-regatas-vasco-da-gama","status":"publish","type":"post","link":"https:\/\/euvivoaselecao.com.br\/index.php\/2021\/12\/25\/leo-matos-publica-video-treinando-no-ct-moacyr-barbosa-neste-sabado-vasconet-site-de-noticias-do-clube-de-regatas-vasco-da-gama\/","title":{"rendered":"L\u00e9o Matos publica v\u00eddeo treinando no CT Moacyr Barbosa neste s\u00e1bado &#8211; VASCONet &#8211; site de not\u00edcias do Clube de Regatas Vasco da Gama"},"content":{"rendered":"<p> <a href=\"https:\/\/news.google.com\/publications\/CAAqBwgKMMvIlgswru6tAw?hl=pt-BR&amp;gl=BR&amp;ceid=BR%3Apt-419\"><strong>SIGA-NOS<\/strong>  <\/a>            <\/p>\n<p>L\u00e9o Matos publica v\u00eddeo treinando no CT Moacyr Barbosa neste s\u00e1bado S\u00e1bado, 25\/12\/2021 &#8211; 15:18 NewsColina! \u00ae @newscolina Natal? L\u00e9o Matos esteve no CT Moacyr Barbosa neste s\u00e1bado. O registro foi feito em seu Instagram. <\/p>\n<p>O lateral se reapresentou antes de todo o elenco e vem aprimorando seu f\u00edsico durante as f\u00e9rias. <\/p>\n<p><a href='\/news\/noticias16\/arquivos\/20211225-141800-1-.jpg' title='' class='thickbox fancybox' rel='ligthbox'><\/a> <\/p>\n<p>Fonte: Twitter NewsColina<\/p>\n<h3 class=\"sd-title\">Compartilhe<\/h3>\n<h3 class=\"sd-title\">Like this:<\/h3>\n<p>Like Loading&#8230;<a class='sd-link-color'><\/a>  <\/p>\n<h3 class=\"jp-relatedposts-headline\">Relacionado<\/h3>\n<p>Fonte: <a href=\"\/\/vasconet.com.br\/2021\/12\/25\/leo-matos-publica-video-treinando-no-ct-moacyr-barbosa-neste-sabado\" title=\"vasconet.com.br\/2021\/12\/25\/leo-matos-publica-video-treinando-no-ct-moacyr-barbosa-neste-sabado\" target=\"_blank\" rel=\"bookmark noopener\"><cite>vasconet.com.br\/2021\/12\/25\/leo-matos-publica-video-treinando-no-ct-moacyr-barbosa-neste-sabado<\/cite><\/a><\/p>\n","protected":false},"excerpt":{"rendered":"<p>SIGA-NOS L\u00e9o Matos publica v\u00eddeo treinando no CT Moacyr Barbosa neste s\u00e1bado S\u00e1bado, 25\/12\/2021 &#8211; 15:18 NewsColina! \u00ae @newscolina Natal?<\/p>\n","protected":false},"author":1,"featured_media":10436,"comment_status":"closed","ping_status":"closed","sticky":false,"template":"","format":"standard","meta":{"colormag_page_container_layout":"default_layout","colormag_page_sidebar_layout":"default_layout","footnotes":""},"categories":[15],"tags":[],"class_list":["post-10435","post","type-post","status-publish","format-standard","has-post-thumbnail","hentry","category-noticias"],"_links":{"self":[{"href":"https:\/\/euvivoaselecao.com.br\/index.php\/wp-json\/wp\/v2\/posts\/10435","targetHints":{"allow":["GET"]}}],"collection":[{"href":"https:\/\/euvivoaselecao.com.br\/index.php\/wp-json\/wp\/v2\/posts"}],"about":[{"href":"https:\/\/euvivoaselecao.com.br\/index.php\/wp-json\/wp\/v2\/types\/post"}],"author":[{"embeddable":true,"href":"https:\/\/euvivoaselecao.com.br\/index.php\/wp-json\/wp\/v2\/users\/1"}],"replies":[{"embeddable":true,"href":"https:\/\/euvivoaselecao.com.br\/index.php\/wp-json\/wp\/v2\/comments?post=10435"}],"version-history":[{"count":1,"href":"https:\/\/euvivoaselecao.com.br\/index.php\/wp-json\/wp\/v2\/posts\/10435\/revisions"}],"predecessor-version":[{"id":10437,"href":"https:\/\/euvivoaselecao.com.br\/index.php\/wp-json\/wp\/v2\/posts\/10435\/revisions\/10437"}],"wp:featuredmedia":[{"embeddable":true,"href":"https:\/\/euvivoaselecao.com.br\/index.php\/wp-json\/wp\/v2\/media\/10436"}],"wp:attachment":[{"href":"https:\/\/euvivoaselecao.com.br\/index.php\/wp-json\/wp\/v2\/media?parent=10435"}],"wp:term":[{"taxonomy":"category","embeddable":true,"href":"https:\/\/euvivoaselecao.com.br\/index.php\/wp-json\/wp\/v2\/categories?post=10435"},{"taxonomy":"post_tag","embeddable":true,"href":"https:\/\/euvivoaselecao.com.br\/index.php\/wp-json\/wp\/v2\/tags?post=10435"}],"curies":[{"name":"wp","href":"https:\/\/api.w.org\/{rel}","templated":true}]}}