{"id":10558,"date":"2021-12-29T14:32:46","date_gmt":"2021-12-29T17:32:46","guid":{"rendered":"https:\/\/euvivoaselecao.com.br\/?p=10558"},"modified":"2021-12-29T14:32:46","modified_gmt":"2021-12-29T17:32:46","slug":"novo-post-criado-em-29-de-dec-de-2021-as-164731-vasconet","status":"publish","type":"post","link":"https:\/\/euvivoaselecao.com.br\/index.php\/2021\/12\/29\/novo-post-criado-em-29-de-dec-de-2021-as-164731-vasconet\/","title":{"rendered":"Novo post criado em 29 de Dec de 2021 as 16:47:31 &#8211; VASCONet"},"content":{"rendered":"<p> <a href=\"https:\/\/news.google.com\/publications\/CAAqBwgKMMvIlgswru6tAw?hl=pt-BR&amp;gl=BR&amp;ceid=BR%3Apt-419\"><strong>SIGA-NOS<\/strong>  <\/a>            <\/p>\n<p>O <a href=\"https:\/\/www.gazetaesportiva.com\/times\/corinthians\/\" target=\"_blank\" rel=\"noopener\">Corinthians <\/a>encaminhou na tarde desta quinta-feira o empr\u00e9stimo de Vitinho ao Vasco da Gama. Os clubes est\u00e3o apenas concluindo os \u00faltimos detalhes para que aconte\u00e7a o an\u00fancio oficial.<\/p>\n<p>Vitinho atuar\u00e1 pela equipe carioca at\u00e9 o final da temporada de 2022, quando tentar\u00e1 ajudar o Vasco a voltar \u00e0 S\u00e9rie A do Campeonato Brasileiro.<\/p>\n<p><a data-caption='div class=\"fotorama_legenda_galeria\"O ponta Janderson foi emprestado ao Gr\u00eamio at\u00e9 o final de 2022. br \/(Foto: Divulga\u00e7\u00e3o\/Gr\u00eamio)\/div' href='https:\/\/www.gazetaesportiva.com\/wp-content\/uploads\/imagem\/2021\/12\/27\/Janderson.png' data-thumb='https:\/\/www.gazetaesportiva.com\/wp-content\/uploads\/imagem\/2021\/12\/27\/Janderson.png'><\/a><a data-caption='div class=\"fotorama_legenda_galeria\"O meia Junior Sornoza foi liberado pelo Corinthians e acertou sua ida em definitivo ao Independiente del Valle. br \/(Foto: Fernando Dantas\/Gazeta Press)\/div' href='https:\/\/www.gazetaesportiva.com\/wp-content\/uploads\/imagem\/2019\/12\/30\/Sornoza.jpg' data-thumb='https:\/\/www.gazetaesportiva.com\/wp-content\/uploads\/imagem\/2019\/12\/30\/Sornoza.jpg'><\/a><a data-caption='div class=\"fotorama_legenda_galeria\"O Corinthians acertou o empr\u00e9stimo do atacante Matheus Dav\u00f3 ao S\u00e3o Bernardo at\u00e9 o fim do Campeonato Paulista de 2022. br \/(Foto: Rodrigo Coca\/Ag\u00eancia Corinthians)\/div' href='https:\/\/www.gazetaesportiva.com\/wp-content\/uploads\/imagem\/2021\/12\/23\/agenciacorinthians-foto-171122-1-1024x647.jpg' data-thumb='https:\/\/www.gazetaesportiva.com\/wp-content\/uploads\/imagem\/2021\/12\/23\/agenciacorinthians-foto-171122-1-1024x647.jpg'><\/a><a data-caption='div class=\"fotorama_legenda_galeria\"Richard deve acertar com o Cear\u00e1 pos 3 anos. O Tim\u00e3o vai manter direitos ligados ao jogador br \/(Foto: Rodrigo Coca)\/div' href='https:\/\/www.gazetaesportiva.com\/wp-content\/uploads\/imagem\/2021\/12\/24\/agenciacorinthians-foto-162668-1-1-1024x793.jpg' data-thumb='https:\/\/www.gazetaesportiva.com\/wp-content\/uploads\/imagem\/2021\/12\/24\/agenciacorinthians-foto-162668-1-1-1024x793.jpg'><\/a><a data-caption='div class=\"fotorama_legenda_galeria\"O Corinthians descartou envolver Jo\u00e3o Victor e Lucas Piton para trazer Diego Costa br \/(Foto: Divulga\u00e7\u00e3o\/CAM)\/div' href='https:\/\/www.gazetaesportiva.com\/wp-content\/uploads\/imagem\/2021\/12\/23\/51385192305_48df39c8eb_o-1024x683.jpg' data-thumb='https:\/\/www.gazetaesportiva.com\/wp-content\/uploads\/imagem\/2021\/12\/23\/51385192305_48df39c8eb_o-1024x683.jpg'><\/a><a data-caption='div class=\"fotorama_legenda_galeria\"O Corinthians encaminhou o empr\u00e9stimo de Vitinho ao Vasco da Gama at\u00e9 o fim de 2022. br \/(Foto: Rodrigo Coca\/Ag\u00eancia Corinthians)\/div' href='https:\/\/www.gazetaesportiva.com\/wp-content\/uploads\/imagem\/2021\/12\/22\/agenciacorinthians-foto-187768-1024x772.jpg' data-thumb='https:\/\/www.gazetaesportiva.com\/wp-content\/uploads\/imagem\/2021\/12\/22\/agenciacorinthians-foto-187768-1024x772.jpg'><\/a><a data-caption='div class=\"fotorama_legenda_galeria\"O Corinthians encaminhou o empr\u00e9stimo de L\u00e9o Santos \u00e0 Ponte Preta at\u00e9 o fim de 2022. Restam apenas as assinaturas para que o acordo seja formalizado. br \/(Foto: Rodrigo Coca\/Ag\u00eancia Corinthians)\/div' href='https:\/\/www.gazetaesportiva.com\/wp-content\/uploads\/imagem\/2021\/12\/22\/agenciacorinthians-foto-186672-1024x726.jpg' data-thumb='https:\/\/www.gazetaesportiva.com\/wp-content\/uploads\/imagem\/2021\/12\/22\/agenciacorinthians-foto-186672-1024x726.jpg'><\/a><a data-caption='div class=\"fotorama_legenda_galeria\"Matheus Jesus foi anunciado pela Ponte Preta. O volante pertence ao Corinthians e tem v\u00ednculo com o alvinegro at\u00e9 dezembro de 2023. br \/(Foto: Divulga\u00e7\u00e3o\/Ponte Preta)\/div' href='https:\/\/www.gazetaesportiva.com\/wp-content\/uploads\/imagem\/2021\/12\/22\/WhatsApp-Image-2021-12-22-at-12.39.35-1.jpeg' data-thumb='https:\/\/www.gazetaesportiva.com\/wp-content\/uploads\/imagem\/2021\/12\/22\/WhatsApp-Image-2021-12-22-at-12.39.35-1.jpeg'><\/a><a data-caption='div class=\"fotorama_legenda_galeria\"Corinthians n\u00e3o teme perder R\u00f3ger Guedes mesmo com ass\u00e9dio do exterior - Foto: Rodrigo Coca\/Ag Corinthians\/div' href='https:\/\/www.gazetaesportiva.com\/wp-content\/uploads\/imagem\/2021\/12\/17\/rogerguedes_bola-1024x720.jpg' data-thumb='https:\/\/www.gazetaesportiva.com\/wp-content\/uploads\/imagem\/2021\/12\/17\/rogerguedes_bola-1024x720.jpg'><\/a><a data-caption='div class=\"fotorama_legenda_galeria\"O lateral Lucas Piton pode deixar o Corinthians. O jogador tem despertado interesse de clubes do exterior e, segundo apura\u00e7\u00e3o da Gazeta Esportiva, o Tim\u00e3o j\u00e1 aguarda o surgimento de uma proposta oficial. br \/(Foto: Rodrigo Coca\/Ag\u00eancia Corinthians)\/div' href='https:\/\/www.gazetaesportiva.com\/wp-content\/uploads\/imagem\/2021\/12\/17\/WhatsApp-Image-2021-12-17-at-13.34.29.jpeg' data-thumb='https:\/\/www.gazetaesportiva.com\/wp-content\/uploads\/imagem\/2021\/12\/17\/WhatsApp-Image-2021-12-17-at-13.34.29.jpeg'><\/a><a data-caption='div class=\"fotorama_legenda_galeria\"O Manchester United pretende manter Cavani no clube, pelo menos, at\u00e9 junho de 2022. Neste final de ano, o jogador teve seu nome relacionado ao Corinthians e ao Barcelona. br \/(Foto: Divulga\u00e7\u00e3o\/ Manchester United)\/div' href='https:\/\/www.gazetaesportiva.com\/wp-content\/uploads\/imagem\/2021\/12\/17\/EmOkb4XW4AESoiC-scaled-1-1024x676.jpg' data-thumb='https:\/\/www.gazetaesportiva.com\/wp-content\/uploads\/imagem\/2021\/12\/17\/EmOkb4XW4AESoiC-scaled-1-1024x676.jpg'><\/a><a data-caption='div class=\"fotorama_legenda_galeria\"Paulinho est\u00e1 oficialmente de volta ao Corinthians. O meio-campista assinou um contrato v\u00e1lido at\u00e9 o final de 2023 br \/(Foto: Divulga\u00e7\u00e3o\/Renato Couto)\/div' href='https:\/\/www.gazetaesportiva.com\/wp-content\/uploads\/imagem\/2021\/12\/14\/paulinho-1024x683.jpg' data-thumb='https:\/\/www.gazetaesportiva.com\/wp-content\/uploads\/imagem\/2021\/12\/14\/paulinho-1024x683.jpg'><\/a><a data-caption='div class=\"fotorama_legenda_galeria\"Roberto de Andrade, diretor do Corinthians, nega procura por Cavani ou Luis Su\u00e1rez - Foto: Rodrigo Coca\/div' href='https:\/\/www.gazetaesportiva.com\/wp-content\/uploads\/imagem\/2021\/12\/14\/agenciacorinthians-foto-188140-1024x631.jpg' data-thumb='https:\/\/www.gazetaesportiva.com\/wp-content\/uploads\/imagem\/2021\/12\/14\/agenciacorinthians-foto-188140-1024x631.jpg'><\/a><a data-caption='div class=\"fotorama_legenda_galeria\"Outro atacante na mira do Tim\u00e3o \u00e9 Ricardo Goulart, que rescindiu contrato com o Guangzhou Evergrande, da China, e est\u00e1 livre no mercado br \/(Foto: Divulga\u00e7\u00e3o\/Guangzhou Evergrande)\/div' href='https:\/\/www.gazetaesportiva.com\/wp-content\/uploads\/imagem\/2021\/12\/13\/228207855_508770723760653_1923862741633826345_n.jpg' data-thumb='https:\/\/www.gazetaesportiva.com\/wp-content\/uploads\/imagem\/2021\/12\/13\/228207855_508770723760653_1923862741633826345_n.jpg'><\/a><a data-caption='div class=\"fotorama_legenda_galeria\"Mais um nome visado pelo Tim\u00e3o \u00e9 o atacante Elkeson, que atualmente defende o Guangzhou Evergrande br \/(Foto: Divulga\u00e7\u00e3o\/Guangzhou Evergrande)\/div' href='https:\/\/www.gazetaesportiva.com\/wp-content\/uploads\/imagem\/2021\/12\/13\/235452367_555179362297363_2885602369649189302_n-1024x681.jpg' data-thumb='https:\/\/www.gazetaesportiva.com\/wp-content\/uploads\/imagem\/2021\/12\/13\/235452367_555179362297363_2885602369649189302_n-1024x681.jpg'><\/a><a data-caption='div class=\"fotorama_legenda_galeria\"A diretoria alvinegra ainda discute a possibilidade de trazer Dentinho, ex-jogador do clube e que est\u00e1 de sa\u00edda do Shakhtar Donetsk, da Ucr\u00e2nia br \/(Foto: AFP)\/div' href='https:\/\/www.gazetaesportiva.com\/wp-content\/uploads\/imagem\/2021\/12\/13\/dentinho1.jpg' data-thumb='https:\/\/www.gazetaesportiva.com\/wp-content\/uploads\/imagem\/2021\/12\/13\/dentinho1.jpg'><\/a><a data-caption='div class=\"fotorama_legenda_galeria\"O atacante italiano Gianluca Lapadula, do Benevento, foi oferecido ao Corinthians por um empres\u00e1rio que procurou os dirigentes do Tim\u00e3o h\u00e1 poucas semanas br \/(Foto: Divulga\u00e7\u00e3o\/FPF)\/div' href='https:\/\/www.gazetaesportiva.com\/wp-content\/uploads\/imagem\/2021\/12\/18\/Lapadula.jpg' data-thumb='https:\/\/www.gazetaesportiva.com\/wp-content\/uploads\/imagem\/2021\/12\/18\/Lapadula.jpg'><\/a><a data-caption='div class=\"fotorama_legenda_galeria\"Marquinhos deve ter seu contrato rescindido com o Corinthians. O meia se juntar\u00e1 ao Cuiab\u00e1, mas o alvinegro manter\u00e1 50% dos direitos do atleta. br \/(Foto: Rodrigo Coca\/ Ag\u00eancia Corinthians)\/div' href='https:\/\/www.gazetaesportiva.com\/wp-content\/uploads\/imagem\/2021\/12\/28\/agenciacorinthians-foto-186819-1024x733.jpg' data-thumb='https:\/\/www.gazetaesportiva.com\/wp-content\/uploads\/imagem\/2021\/12\/28\/agenciacorinthians-foto-186819-1024x733.jpg'><\/a><a data-caption='div class=\"fotorama_legenda_galeria\"Andr\u00e9 Luis est\u00e1 perto de ser emprestado ao Cuiab\u00e1 at\u00e9 o final de 2022, quando seu contrato com o Corinthians se encerra. br \/(Foto: Rodrigo Coca\/ Ag\u00eancia Corinthians)\/div' href='https:\/\/www.gazetaesportiva.com\/wp-content\/uploads\/imagem\/2021\/12\/28\/agenciacorinthians-foto-176114-1024x790.jpg' data-thumb='https:\/\/www.gazetaesportiva.com\/wp-content\/uploads\/imagem\/2021\/12\/28\/agenciacorinthians-foto-176114-1024x790.jpg'><\/a><\/p>\n<p>Aos 21 anos, o meia revelado pelas categorias de base do Tim\u00e3o j\u00e1 tem 29 jogos pela equipe profissional, com um gol marcado.<\/p>\n<p>Mas, apesar da confian\u00e7a depositada por Sylvinho no atleta, o clube entendeu que Vitinho ter\u00e1 mais oportunidades e conseguir\u00e1 amadurecer mais r\u00e1pido no Vasco, j\u00e1 que o meio campo corintiano dever\u00e1 ser comandado por atletas renomados, como Giuliano, Renato Augusto, Paulinho, Willian e R\u00f3ger Guedes.<\/p>\n<p>O Corinthians tem contrato com Vitinho at\u00e9 junho de 2024. As negocia\u00e7\u00f5es foram reveladas pelo ge.<\/p>\n<p>&nbsp;<\/p>\n<p> <a class='comentario-facebook comentario-facebook-click' href=\"#\">Deixe seu coment\u00e1rio<\/a> <\/p>\n<h3 class=\"sd-title\">Compartilhe<\/h3>\n<h3 class=\"sd-title\">Like this:<\/h3>\n<p>Like Loading&#8230;<a class='sd-link-color'><\/a>  <\/p>\n<h3 class=\"jp-relatedposts-headline\">Relacionado<\/h3>\n<p>Fonte: <a href=\"\/\/vasconet.com.br\/2021\/12\/29\/novo-post-criado-em-29-de-dec-de-2021-as-164731\" title=\"vasconet.com.br\/2021\/12\/29\/novo-post-criado-em-29-de-dec-de-2021-as-164731\" target=\"_blank\" rel=\"bookmark noopener\"><cite>vasconet.com.br\/2021\/12\/29\/novo-post-criado-em-29-de-dec-de-2021-as-164731<\/cite><\/a><\/p>\n","protected":false},"excerpt":{"rendered":"<p>SIGA-NOS O Corinthians encaminhou na tarde desta quinta-feira o empr\u00e9stimo de Vitinho ao Vasco da Gama. Os clubes est\u00e3o apenas<\/p>\n","protected":false},"author":1,"featured_media":10559,"comment_status":"closed","ping_status":"closed","sticky":false,"template":"","format":"standard","meta":{"colormag_page_container_layout":"default_layout","colormag_page_sidebar_layout":"default_layout","footnotes":""},"categories":[15],"tags":[],"class_list":["post-10558","post","type-post","status-publish","format-standard","has-post-thumbnail","hentry","category-noticias"],"_links":{"self":[{"href":"https:\/\/euvivoaselecao.com.br\/index.php\/wp-json\/wp\/v2\/posts\/10558","targetHints":{"allow":["GET"]}}],"collection":[{"href":"https:\/\/euvivoaselecao.com.br\/index.php\/wp-json\/wp\/v2\/posts"}],"about":[{"href":"https:\/\/euvivoaselecao.com.br\/index.php\/wp-json\/wp\/v2\/types\/post"}],"author":[{"embeddable":true,"href":"https:\/\/euvivoaselecao.com.br\/index.php\/wp-json\/wp\/v2\/users\/1"}],"replies":[{"embeddable":true,"href":"https:\/\/euvivoaselecao.com.br\/index.php\/wp-json\/wp\/v2\/comments?post=10558"}],"version-history":[{"count":1,"href":"https:\/\/euvivoaselecao.com.br\/index.php\/wp-json\/wp\/v2\/posts\/10558\/revisions"}],"predecessor-version":[{"id":10560,"href":"https:\/\/euvivoaselecao.com.br\/index.php\/wp-json\/wp\/v2\/posts\/10558\/revisions\/10560"}],"wp:featuredmedia":[{"embeddable":true,"href":"https:\/\/euvivoaselecao.com.br\/index.php\/wp-json\/wp\/v2\/media\/10559"}],"wp:attachment":[{"href":"https:\/\/euvivoaselecao.com.br\/index.php\/wp-json\/wp\/v2\/media?parent=10558"}],"wp:term":[{"taxonomy":"category","embeddable":true,"href":"https:\/\/euvivoaselecao.com.br\/index.php\/wp-json\/wp\/v2\/categories?post=10558"},{"taxonomy":"post_tag","embeddable":true,"href":"https:\/\/euvivoaselecao.com.br\/index.php\/wp-json\/wp\/v2\/tags?post=10558"}],"curies":[{"name":"wp","href":"https:\/\/api.w.org\/{rel}","templated":true}]}}