{"id":10561,"date":"2021-12-29T15:32:34","date_gmt":"2021-12-29T18:32:34","guid":{"rendered":"https:\/\/euvivoaselecao.com.br\/?p=10561"},"modified":"2021-12-29T15:32:34","modified_gmt":"2021-12-29T18:32:34","slug":"jornalistas-equatorianos-reiteram-que-pineida-rende-melhor-na-lateral-esquerda","status":"publish","type":"post","link":"https:\/\/euvivoaselecao.com.br\/index.php\/2021\/12\/29\/jornalistas-equatorianos-reiteram-que-pineida-rende-melhor-na-lateral-esquerda\/","title":{"rendered":"Jornalistas equatorianos reiteram que Pineida rende melhor na lateral esquerda"},"content":{"rendered":"<p>Mario Pineida j\u00e1 desempenha fun\u00e7\u00e3o do lado esquerdo h\u00e1 anos (Foto: Mailson Santana \u2013 FFC)<\/p>\n<p>Em entrevista \u00e0 Flu TV, Mario Pineida falou sobre suas caracter\u00edsticas. <strong>Mesmo destro, sente-se melhor na lateral esquerda<\/strong>. O site ge publicou mat\u00e9ria na \u00faltima ter\u00e7a-feira com as opini\u00f5es de jornalistas equatorianos sobre o novo refor\u00e7o do Fluminense. Especificamente sobre o lado do campo, confirmaram a vers\u00e3o do jogador. Sua melhor vers\u00e3o \u00e9 do lado esquerdo.<\/p>\n<p>Pineida come\u00e7ou como lateral-direito, mas deslocou-se para a esquerda e de l\u00e1 n\u00e3o saiu mais. Ele admite ajudar na direita, s\u00f3 que se sente melhor na posi\u00e7\u00e3o que desempenha por anos.<\/p>\n<p>Confira as opini\u00f5es de Jorge Plaza, da \u201cRadio RSN 100.5 FM\u201d, Silvia Meneses, da \u201cRadio Caravana\u201d, e Ramon Morales, da \u201cGol TV\u201d:<\/p>\n<p><strong>Plaza: <\/strong>Sim, em seu in\u00edcio ele era marcador pela direita e jogou assim por muito tempo no Independiente del Valle. H\u00e1 alguns anos, chegou ao Barcelona e pela necessidade da equipe passou a jogar pela esquerda, e onde fez praticamente a maior parte de sua carreira. Mas tamb\u00e9m jogou algumas partidas no Barcelona pela direita, quando era preciso, ele jogava sem nenhum problema. Claro que lhe custou um pouco, porque jogou muitos anos na esquerda, onde teve sua melhor performance e foi chamado para a sele\u00e7\u00e3o. Mas no Del Valle teve grandes jogos pela direita.<\/p>\n<p><strong>Silvia: <\/strong>Sim, mas sua posi\u00e7\u00e3o natural \u00e9 pela esquerda. Jogou assim no Barcelona quando o lateral-direito se lesionou ou quando n\u00e3o havia titular ou suplente do outro lado. N\u00e3o \u00e9 sua melhor vers\u00e3o na direita, mas se precisar ele pode cumprir perfeitamente.<\/p>\n<p><strong>Morales:<\/strong> Sim, Pineida pode jogar pela esquerda ou pela direita. Seu melhor momento foi no in\u00edcio, no Independiente del Valle. No Barcelona, jogou pela direita algumas poucas partidas, mas habitualmente sempre jogou pela esquerda. Suas melhores condi\u00e7\u00f5es que vimos, tanto no Del Valle como no Barcelona, foram pela esquerda.<\/p>\n<p>Fonte: <a title=\"flunews.com.br\/2021\/12\/29\/jornalistas-equatorianos-reiteram-que-pineida-rende-melhor-na-lateral-esquerda\" href=\"\/\/flunews.com.br\/2021\/12\/29\/jornalistas-equatorianos-reiteram-que-pineida-rende-melhor-na-lateral-esquerda\" target=\"_blank\" rel=\"bookmark noopener\">flunews.com.br\/2021\/12\/29\/jornalistas-equatorianos-reiteram-que-pineida-rende-melhor-na-lateral-esquerda<\/a><\/p>\n<h3 class=\"sd-title\">Compartilhe isso:<\/h3>\n<h4> TV MRNews N\u00e3o perca tamb\u00e9m:<\/h4>\n<p><p>Fonte: <a href=\"\/\/mrnews.com.br\/index.php\/2021\/12\/29\/jornalistas-equatorianos-reiteram-que-pineida-rende-melhor-na-lateral-esquerda-flunews-noticias-do-fluminense-o-fluzao\" title=\"mrnews.com.br\/index.php\/2021\/12\/29\/jornalistas-equatorianos-reiteram-que-pineida-rende-melhor-na-lateral-esquerda-flunews-noticias-do-fluminense-o-fluzao\" target=\"_blank\" rel=\"bookmark noopener\"><cite>mrnews.com.br\/index.php\/2021\/12\/29\/jornalistas-equatorianos-reiteram-que-pineida-rende-melhor-na-lateral-esquerda-flunews-noticias-do-fluminense-o-fluzao<\/cite><\/a><\/p>\n","protected":false},"excerpt":{"rendered":"<p>Mario Pineida j\u00e1 desempenha fun\u00e7\u00e3o do lado esquerdo h\u00e1 anos (Foto: Mailson Santana \u2013 FFC) Em entrevista \u00e0 Flu TV,<\/p>\n","protected":false},"author":1,"featured_media":10562,"comment_status":"closed","ping_status":"closed","sticky":false,"template":"","format":"standard","meta":{"colormag_page_container_layout":"default_layout","colormag_page_sidebar_layout":"default_layout","footnotes":""},"categories":[6],"tags":[],"class_list":["post-10561","post","type-post","status-publish","format-standard","has-post-thumbnail","hentry","category-futebol-ao-vivo"],"_links":{"self":[{"href":"https:\/\/euvivoaselecao.com.br\/index.php\/wp-json\/wp\/v2\/posts\/10561","targetHints":{"allow":["GET"]}}],"collection":[{"href":"https:\/\/euvivoaselecao.com.br\/index.php\/wp-json\/wp\/v2\/posts"}],"about":[{"href":"https:\/\/euvivoaselecao.com.br\/index.php\/wp-json\/wp\/v2\/types\/post"}],"author":[{"embeddable":true,"href":"https:\/\/euvivoaselecao.com.br\/index.php\/wp-json\/wp\/v2\/users\/1"}],"replies":[{"embeddable":true,"href":"https:\/\/euvivoaselecao.com.br\/index.php\/wp-json\/wp\/v2\/comments?post=10561"}],"version-history":[{"count":1,"href":"https:\/\/euvivoaselecao.com.br\/index.php\/wp-json\/wp\/v2\/posts\/10561\/revisions"}],"predecessor-version":[{"id":10563,"href":"https:\/\/euvivoaselecao.com.br\/index.php\/wp-json\/wp\/v2\/posts\/10561\/revisions\/10563"}],"wp:featuredmedia":[{"embeddable":true,"href":"https:\/\/euvivoaselecao.com.br\/index.php\/wp-json\/wp\/v2\/media\/10562"}],"wp:attachment":[{"href":"https:\/\/euvivoaselecao.com.br\/index.php\/wp-json\/wp\/v2\/media?parent=10561"}],"wp:term":[{"taxonomy":"category","embeddable":true,"href":"https:\/\/euvivoaselecao.com.br\/index.php\/wp-json\/wp\/v2\/categories?post=10561"},{"taxonomy":"post_tag","embeddable":true,"href":"https:\/\/euvivoaselecao.com.br\/index.php\/wp-json\/wp\/v2\/tags?post=10561"}],"curies":[{"name":"wp","href":"https:\/\/api.w.org\/{rel}","templated":true}]}}