{"id":10570,"date":"2021-12-29T20:32:45","date_gmt":"2021-12-29T23:32:45","guid":{"rendered":"https:\/\/euvivoaselecao.com.br\/?p=10570"},"modified":"2021-12-29T20:32:45","modified_gmt":"2021-12-29T23:32:45","slug":"novo-post-criado-em-29-de-dec-de-2021-as-224714-vasconet","status":"publish","type":"post","link":"https:\/\/euvivoaselecao.com.br\/index.php\/2021\/12\/29\/novo-post-criado-em-29-de-dec-de-2021-as-224714-vasconet\/","title":{"rendered":"Novo post criado em 29 de Dec de 2021 as 22:47:14 &#8211; VASCONet"},"content":{"rendered":"<p> <a href=\"https:\/\/news.google.com\/publications\/CAAqBwgKMMvIlgswru6tAw?hl=pt-BR&amp;gl=BR&amp;ceid=BR%3Apt-419\"><strong>SIGA-NOS<\/strong>  <\/a>            <\/p>\n<p>O Vasco segue em busca de um atacante para a pr\u00f3xima temporada. O objetivo \u00e9 ter um substituto para a sa\u00edda de Germ\u00e1n Cano.<\/p>\n<p>Ao que parece, o foco cruzmaltino \u00e9 no argentino Lu\u00eds Amarilla, do V\u00e9lez-ARG. No entanto, o neg\u00f3cio est\u00e1 complicado para os cariocas.<\/p>\n<p><a data-caption='div class=\"fotorama_legenda_galeria\"Foto: Divulga\u00e7\u00e3o\/V\u00edtor Silva\/div' href='https:\/\/www.gazetaesportiva.com\/wp-content\/uploads\/imagem\/2021\/11\/07\/51662499143_dd59a24c79_k-1024x683.jpg' data-thumb='https:\/\/www.gazetaesportiva.com\/wp-content\/uploads\/imagem\/2021\/11\/07\/51662499143_dd59a24c79_k-1024x683.jpg'><\/a><a data-caption='div class=\"fotorama_legenda_galeria\"Foto: Divulga\u00e7\u00e3o\/V\u00edtor Silva\/div' href='https:\/\/www.gazetaesportiva.com\/wp-content\/uploads\/imagem\/2021\/11\/07\/51662500678_b8f4625825_k-1024x683.jpg' data-thumb='https:\/\/www.gazetaesportiva.com\/wp-content\/uploads\/imagem\/2021\/11\/07\/51662500678_b8f4625825_k-1024x683.jpg'><\/a><a data-caption='div class=\"fotorama_legenda_galeria\"Foto: Divulga\u00e7\u00e3o\/V\u00edtor Silva\/div' href='https:\/\/www.gazetaesportiva.com\/wp-content\/uploads\/imagem\/2021\/11\/07\/51662500888_04b72191d1_k-1024x683.jpg' data-thumb='https:\/\/www.gazetaesportiva.com\/wp-content\/uploads\/imagem\/2021\/11\/07\/51662500888_04b72191d1_k-1024x683.jpg'><\/a><a data-caption='div class=\"fotorama_legenda_galeria\"Foto: Divulga\u00e7\u00e3o\/V\u00edtor Silva\/div' href='https:\/\/www.gazetaesportiva.com\/wp-content\/uploads\/imagem\/2021\/11\/07\/51662276646_14a807fa8d_k-1024x683.jpg' data-thumb='https:\/\/www.gazetaesportiva.com\/wp-content\/uploads\/imagem\/2021\/11\/07\/51662276646_14a807fa8d_k-1024x683.jpg'><\/a><a data-caption='div class=\"fotorama_legenda_galeria\"Foto: Divulga\u00e7\u00e3o\/V\u00edtor Silva\/div' href='https:\/\/www.gazetaesportiva.com\/wp-content\/uploads\/imagem\/2021\/11\/07\/51662952514_003fca115e_k-1024x683.jpg' data-thumb='https:\/\/www.gazetaesportiva.com\/wp-content\/uploads\/imagem\/2021\/11\/07\/51662952514_003fca115e_k-1024x683.jpg'><\/a><a data-caption='div class=\"fotorama_legenda_galeria\"Foto: Divulga\u00e7\u00e3o\/V\u00edtor Silva\/div' href='https:\/\/www.gazetaesportiva.com\/wp-content\/uploads\/imagem\/2021\/11\/07\/51662954524_7f742c0448_k-1024x683.jpg' data-thumb='https:\/\/www.gazetaesportiva.com\/wp-content\/uploads\/imagem\/2021\/11\/07\/51662954524_7f742c0448_k-1024x683.jpg'><\/a><a data-caption='div class=\"fotorama_legenda_galeria\"Foto: Divulga\u00e7\u00e3o\/V\u00edtor Silva\/div' href='https:\/\/www.gazetaesportiva.com\/wp-content\/uploads\/imagem\/2021\/11\/07\/51663009474_e8e03dee26_k-1024x683.jpg' data-thumb='https:\/\/www.gazetaesportiva.com\/wp-content\/uploads\/imagem\/2021\/11\/07\/51663009474_e8e03dee26_k-1024x683.jpg'><\/a><a data-caption='div class=\"fotorama_legenda_galeria\"Foto: Divulga\u00e7\u00e3o\/V\u00edtor Silva\/div' href='https:\/\/www.gazetaesportiva.com\/wp-content\/uploads\/imagem\/2021\/11\/07\/51663150500_fac7c02672_k-1024x683.jpg' data-thumb='https:\/\/www.gazetaesportiva.com\/wp-content\/uploads\/imagem\/2021\/11\/07\/51663150500_fac7c02672_k-1024x683.jpg'><\/a><a data-caption='div class=\"fotorama_legenda_galeria\"Foto: Divulga\u00e7\u00e3o\/V\u00edtor Silva\/div' href='https:\/\/www.gazetaesportiva.com\/wp-content\/uploads\/imagem\/2021\/11\/07\/51663351275_ba57d26169_k-1024x683.jpg' data-thumb='https:\/\/www.gazetaesportiva.com\/wp-content\/uploads\/imagem\/2021\/11\/07\/51663351275_ba57d26169_k-1024x683.jpg'><\/a><a data-caption='div class=\"fotorama_legenda_galeria\"Foto: Divulga\u00e7\u00e3o\/V\u00edtor Silva\/div' href='https:\/\/www.gazetaesportiva.com\/wp-content\/uploads\/imagem\/2021\/11\/07\/51663355845_a7ed1181bc_k-1024x683.jpg' data-thumb='https:\/\/www.gazetaesportiva.com\/wp-content\/uploads\/imagem\/2021\/11\/07\/51663355845_a7ed1181bc_k-1024x683.jpg'><\/a><a data-caption='div class=\"fotorama_legenda_galeria\"Foto: Divulga\u00e7\u00e3o\/V\u00edtor Silva\/div' href='https:\/\/www.gazetaesportiva.com\/wp-content\/uploads\/imagem\/2021\/11\/07\/51663356530_e4aafd77da_k-1024x683.jpg' data-thumb='https:\/\/www.gazetaesportiva.com\/wp-content\/uploads\/imagem\/2021\/11\/07\/51663356530_e4aafd77da_k-1024x683.jpg'><\/a><a data-caption='div class=\"fotorama_legenda_galeria\"Foto: Divulga\u00e7\u00e3o\/V\u00edtor Silva\/div' href='https:\/\/www.gazetaesportiva.com\/wp-content\/uploads\/imagem\/2021\/11\/07\/51662273451_e2091eb87d_k-1024x683.jpg' data-thumb='https:\/\/www.gazetaesportiva.com\/wp-content\/uploads\/imagem\/2021\/11\/07\/51662273451_e2091eb87d_k-1024x683.jpg'><\/a><a data-caption='div class=\"fotorama_legenda_galeria\"Foto: Divulga\u00e7\u00e3o\/V\u00edtor Silva\/div' href='https:\/\/www.gazetaesportiva.com\/wp-content\/uploads\/imagem\/2021\/11\/07\/51662273991_ac45644c1c_k-1024x683.jpg' data-thumb='https:\/\/www.gazetaesportiva.com\/wp-content\/uploads\/imagem\/2021\/11\/07\/51662273991_ac45644c1c_k-1024x683.jpg'><\/a><a data-caption='div class=\"fotorama_legenda_galeria\"Foto: Divulga\u00e7\u00e3o\/V\u00edtor Silva\/div' href='https:\/\/www.gazetaesportiva.com\/wp-content\/uploads\/imagem\/2021\/11\/07\/51662274876_4c1744fcd1_k-1024x683.jpg' data-thumb='https:\/\/www.gazetaesportiva.com\/wp-content\/uploads\/imagem\/2021\/11\/07\/51662274876_4c1744fcd1_k-1024x683.jpg'><\/a><a data-caption='div class=\"fotorama_legenda_galeria\"Foto: Divulga\u00e7\u00e3o\/V\u00edtor Silva\/div' href='https:\/\/www.gazetaesportiva.com\/wp-content\/uploads\/imagem\/2021\/11\/07\/51662332256_e6489817c5_k-1024x683.jpg' data-thumb='https:\/\/www.gazetaesportiva.com\/wp-content\/uploads\/imagem\/2021\/11\/07\/51662332256_e6489817c5_k-1024x683.jpg'><\/a><\/p>\n<p>O clube argentino quer o pagamento de R$ 1,2 mi para o empr\u00e9stimo do atacante. O valor \u00e9 superior ao oferecido pela diretoria do Vasco.<\/p>\n<p>O pai de Lu\u00eds Amarilla confirmou que o Vasco \u00e9 um dos interessados pelo atacante. Al\u00e9m disso, ele destacou que o V\u00e9lez est\u00e1 irredut\u00edvel na quest\u00e3o financeira.<\/p>\n<p>Com isso, outros nomes passaram a ser ventilados em S\u00e3o Janu\u00e1rio. Nesta quinta-feira, Pablo Magnin, do Tigre-ARG ganhou for\u00e7a entre os vasca\u00ednos.<\/p>\n<p> <a class='comentario-facebook comentario-facebook-click' href=\"#\">Deixe seu coment\u00e1rio<\/a> <\/p>\n<h3 class=\"sd-title\">Compartilhe<\/h3>\n<h3 class=\"sd-title\">Like this:<\/h3>\n<p>Like Loading&#8230;<a class='sd-link-color'><\/a>  <\/p>\n<h3 class=\"jp-relatedposts-headline\">Relacionado<\/h3>\n<p>Fonte: <a href=\"\/\/vasconet.com.br\/2021\/12\/29\/novo-post-criado-em-29-de-dec-de-2021-as-224714\" title=\"vasconet.com.br\/2021\/12\/29\/novo-post-criado-em-29-de-dec-de-2021-as-224714\" target=\"_blank\" rel=\"bookmark noopener\"><cite>vasconet.com.br\/2021\/12\/29\/novo-post-criado-em-29-de-dec-de-2021-as-224714<\/cite><\/a><\/p>\n","protected":false},"excerpt":{"rendered":"<p>SIGA-NOS O Vasco segue em busca de um atacante para a pr\u00f3xima temporada. O objetivo \u00e9 ter um substituto para<\/p>\n","protected":false},"author":1,"featured_media":10571,"comment_status":"closed","ping_status":"closed","sticky":false,"template":"","format":"standard","meta":{"colormag_page_container_layout":"default_layout","colormag_page_sidebar_layout":"default_layout","footnotes":""},"categories":[15],"tags":[],"class_list":["post-10570","post","type-post","status-publish","format-standard","has-post-thumbnail","hentry","category-noticias"],"_links":{"self":[{"href":"https:\/\/euvivoaselecao.com.br\/index.php\/wp-json\/wp\/v2\/posts\/10570","targetHints":{"allow":["GET"]}}],"collection":[{"href":"https:\/\/euvivoaselecao.com.br\/index.php\/wp-json\/wp\/v2\/posts"}],"about":[{"href":"https:\/\/euvivoaselecao.com.br\/index.php\/wp-json\/wp\/v2\/types\/post"}],"author":[{"embeddable":true,"href":"https:\/\/euvivoaselecao.com.br\/index.php\/wp-json\/wp\/v2\/users\/1"}],"replies":[{"embeddable":true,"href":"https:\/\/euvivoaselecao.com.br\/index.php\/wp-json\/wp\/v2\/comments?post=10570"}],"version-history":[{"count":1,"href":"https:\/\/euvivoaselecao.com.br\/index.php\/wp-json\/wp\/v2\/posts\/10570\/revisions"}],"predecessor-version":[{"id":10572,"href":"https:\/\/euvivoaselecao.com.br\/index.php\/wp-json\/wp\/v2\/posts\/10570\/revisions\/10572"}],"wp:featuredmedia":[{"embeddable":true,"href":"https:\/\/euvivoaselecao.com.br\/index.php\/wp-json\/wp\/v2\/media\/10571"}],"wp:attachment":[{"href":"https:\/\/euvivoaselecao.com.br\/index.php\/wp-json\/wp\/v2\/media?parent=10570"}],"wp:term":[{"taxonomy":"category","embeddable":true,"href":"https:\/\/euvivoaselecao.com.br\/index.php\/wp-json\/wp\/v2\/categories?post=10570"},{"taxonomy":"post_tag","embeddable":true,"href":"https:\/\/euvivoaselecao.com.br\/index.php\/wp-json\/wp\/v2\/tags?post=10570"}],"curies":[{"name":"wp","href":"https:\/\/api.w.org\/{rel}","templated":true}]}}