{"id":10605,"date":"2021-12-30T14:34:46","date_gmt":"2021-12-30T17:34:46","guid":{"rendered":"https:\/\/euvivoaselecao.com.br\/?p=10605"},"modified":"2021-12-30T14:34:46","modified_gmt":"2021-12-30T17:34:46","slug":"novo-post-criado-em-30-de-dec-de-2021-as-154704-vasconet","status":"publish","type":"post","link":"https:\/\/euvivoaselecao.com.br\/index.php\/2021\/12\/30\/novo-post-criado-em-30-de-dec-de-2021-as-154704-vasconet\/","title":{"rendered":"Novo post criado em 30 de Dec de 2021 as 15:47:04 &#8211; VASCONet"},"content":{"rendered":"<p> <a href=\"https:\/\/news.google.com\/publications\/CAAqBwgKMMvIlgswru6tAw?hl=pt-BR&amp;gl=BR&amp;ceid=BR%3Apt-419\"><strong>SIGA-NOS<\/strong>  <\/a>            <\/p>\n<p>O Vasco segue em busca de um atacante para a pr\u00f3xima temporada. O objetivo \u00e9 ter um substituto para a sa\u00edda de Germ\u00e1n Cano.<\/p>\n<p>Ao que parece, o foco cruzmaltino \u00e9 no argentino Lu\u00eds Amarilla, do V\u00e9lez-ARG. No entanto, o neg\u00f3cio est\u00e1 complicado para os cariocas.<\/p>\n<p>O clube argentino quer o pagamento de R$ 1,2 mi para o empr\u00e9stimo do atacante. O valor \u00e9 superior ao oferecido pela diretoria do Vasco.<\/p>\n<p>O pai de Lu\u00eds Amarilla confirmou que o Vasco \u00e9 um dos interessados pelo atacante. Al\u00e9m disso, ele destacou que o V\u00e9lez est\u00e1 irredut\u00edvel na quest\u00e3o financeira.<\/p>\n<p>Com isso, outros nomes passaram a ser ventilados em S\u00e3o Janu\u00e1rio. Nesta quinta-feira, Pablo Magnin, do Tigre-ARG ganhou for\u00e7a entre os vasca\u00ednos.<\/p>\n<p>Deixe seu coment\u00e1rio<\/p>\n<p>&nbsp;<\/p>\n<h3>Compartilhe isso:<\/h3>\n<h4> TV MRNews N\u00e3o perca tamb\u00e9m:<\/h4>\n<p><h3 class=\"sd-title\">Compartilhe<\/h3>\n<h3 class=\"sd-title\">Like this:<\/h3>\n<p>Like Loading&#8230;<a class='sd-link-color'><\/a>  <\/p>\n<h3 class=\"jp-relatedposts-headline\">Relacionado<\/h3>\n<p>Fonte: <a href=\"\/\/vasconet.com.br\/2021\/12\/30\/novo-post-criado-em-30-de-dec-de-2021-as-154704\" title=\"vasconet.com.br\/2021\/12\/30\/novo-post-criado-em-30-de-dec-de-2021-as-154704\" target=\"_blank\" rel=\"bookmark noopener\"><cite>vasconet.com.br\/2021\/12\/30\/novo-post-criado-em-30-de-dec-de-2021-as-154704<\/cite><\/a><\/p>\n","protected":false},"excerpt":{"rendered":"<p>SIGA-NOS O Vasco segue em busca de um atacante para a pr\u00f3xima temporada. O objetivo \u00e9 ter um substituto para<\/p>\n","protected":false},"author":1,"featured_media":10606,"comment_status":"closed","ping_status":"closed","sticky":false,"template":"","format":"standard","meta":{"colormag_page_container_layout":"default_layout","colormag_page_sidebar_layout":"default_layout","footnotes":""},"categories":[15],"tags":[],"class_list":["post-10605","post","type-post","status-publish","format-standard","has-post-thumbnail","hentry","category-noticias"],"_links":{"self":[{"href":"https:\/\/euvivoaselecao.com.br\/index.php\/wp-json\/wp\/v2\/posts\/10605","targetHints":{"allow":["GET"]}}],"collection":[{"href":"https:\/\/euvivoaselecao.com.br\/index.php\/wp-json\/wp\/v2\/posts"}],"about":[{"href":"https:\/\/euvivoaselecao.com.br\/index.php\/wp-json\/wp\/v2\/types\/post"}],"author":[{"embeddable":true,"href":"https:\/\/euvivoaselecao.com.br\/index.php\/wp-json\/wp\/v2\/users\/1"}],"replies":[{"embeddable":true,"href":"https:\/\/euvivoaselecao.com.br\/index.php\/wp-json\/wp\/v2\/comments?post=10605"}],"version-history":[{"count":1,"href":"https:\/\/euvivoaselecao.com.br\/index.php\/wp-json\/wp\/v2\/posts\/10605\/revisions"}],"predecessor-version":[{"id":10607,"href":"https:\/\/euvivoaselecao.com.br\/index.php\/wp-json\/wp\/v2\/posts\/10605\/revisions\/10607"}],"wp:featuredmedia":[{"embeddable":true,"href":"https:\/\/euvivoaselecao.com.br\/index.php\/wp-json\/wp\/v2\/media\/10606"}],"wp:attachment":[{"href":"https:\/\/euvivoaselecao.com.br\/index.php\/wp-json\/wp\/v2\/media?parent=10605"}],"wp:term":[{"taxonomy":"category","embeddable":true,"href":"https:\/\/euvivoaselecao.com.br\/index.php\/wp-json\/wp\/v2\/categories?post=10605"},{"taxonomy":"post_tag","embeddable":true,"href":"https:\/\/euvivoaselecao.com.br\/index.php\/wp-json\/wp\/v2\/tags?post=10605"}],"curies":[{"name":"wp","href":"https:\/\/api.w.org\/{rel}","templated":true}]}}