{"id":10812,"date":"2022-01-04T05:37:40","date_gmt":"2022-01-04T08:37:40","guid":{"rendered":"https:\/\/euvivoaselecao.com.br\/?p=10812"},"modified":"2022-01-04T05:37:40","modified_gmt":"2022-01-04T08:37:40","slug":"pessoa-envolvida-na-negociacao-de-luis-amarilla-afirma-o-jogador-botou-na-cabeca-ele-quer-vir-jogar-no-vasco-veja-video-vasconet","status":"publish","type":"post","link":"https:\/\/euvivoaselecao.com.br\/index.php\/2022\/01\/04\/pessoa-envolvida-na-negociacao-de-luis-amarilla-afirma-o-jogador-botou-na-cabeca-ele-quer-vir-jogar-no-vasco-veja-video-vasconet\/","title":{"rendered":"Pessoa envolvida na negocia\u00e7\u00e3o de Luis Amarilla afirma: &#039;O jogador botou na cabe\u00e7a: ele quer vir jogar no Vasco&#039;; veja v\u00eddeo &#8211; VASCONet"},"content":{"rendered":"<p> <a href=\"https:\/\/news.google.com\/publications\/CAAqBwgKMMvIlgswru6tAw?hl=pt-BR&amp;gl=BR&amp;ceid=BR%3Apt-419\"><strong>SIGA-NOS<\/strong>  <\/a>            <\/p>\n<p>Pessoa envolvida na negocia\u00e7\u00e3o de Luis Amarilla afirma: &#8216;O jogador botou na cabe\u00e7a: ele quer vir jogar no Vasco&#8217;; veja v\u00eddeo Ter\u00e7a-feira, 04\/01\/2022 &#8211; 02:29 PREPARA\u00c7\u00c3O PREJUDICADA! VASCO INICIA TRABALHO COM 11 DE LINHA! DIRE\u00c7\u00c3O ACELERA NOVOS NOMES <\/p>\n<p>Fonte: Youtube Aten\u00e7\u00e3o Vasca\u00ednos<\/p>\n<h3 class=\"sd-title\">Compartilhe<\/h3>\n<h3 class=\"sd-title\">Like this:<\/h3>\n<p>Like Loading&#8230;<a class='sd-link-color'><\/a>  <\/p>\n<h3 class=\"jp-relatedposts-headline\">Relacionado<\/h3>\n<p>Fonte: <a href=\"\/\/vasconet.com.br\/2022\/01\/04\/pessoa-envolvida-na-negociacao-de-luis-amarilla-afirma-o-jogador-botou-na-cabeca-ele-quer-vir-jogar-no-vasco-veja-video\" title=\"vasconet.com.br\/2022\/01\/04\/pessoa-envolvida-na-negociacao-de-luis-amarilla-afirma-o-jogador-botou-na-cabeca-ele-quer-vir-jogar-no-vasco-veja-video\" target=\"_blank\" rel=\"bookmark noopener\"><cite>vasconet.com.br\/2022\/01\/04\/pessoa-envolvida-na-negociacao-de-luis-amarilla-afirma-o-jogador-botou-na-cabeca-ele-quer-vir-jogar-no-vasco-veja-video<\/cite><\/a><\/p>\n","protected":false},"excerpt":{"rendered":"<p>SIGA-NOS Pessoa envolvida na negocia\u00e7\u00e3o de Luis Amarilla afirma: &#8216;O jogador botou na cabe\u00e7a: ele quer vir jogar no Vasco&#8217;;<\/p>\n","protected":false},"author":1,"featured_media":10813,"comment_status":"closed","ping_status":"closed","sticky":false,"template":"","format":"standard","meta":{"colormag_page_container_layout":"default_layout","colormag_page_sidebar_layout":"default_layout","footnotes":""},"categories":[15],"tags":[],"class_list":["post-10812","post","type-post","status-publish","format-standard","has-post-thumbnail","hentry","category-noticias"],"_links":{"self":[{"href":"https:\/\/euvivoaselecao.com.br\/index.php\/wp-json\/wp\/v2\/posts\/10812","targetHints":{"allow":["GET"]}}],"collection":[{"href":"https:\/\/euvivoaselecao.com.br\/index.php\/wp-json\/wp\/v2\/posts"}],"about":[{"href":"https:\/\/euvivoaselecao.com.br\/index.php\/wp-json\/wp\/v2\/types\/post"}],"author":[{"embeddable":true,"href":"https:\/\/euvivoaselecao.com.br\/index.php\/wp-json\/wp\/v2\/users\/1"}],"replies":[{"embeddable":true,"href":"https:\/\/euvivoaselecao.com.br\/index.php\/wp-json\/wp\/v2\/comments?post=10812"}],"version-history":[{"count":1,"href":"https:\/\/euvivoaselecao.com.br\/index.php\/wp-json\/wp\/v2\/posts\/10812\/revisions"}],"predecessor-version":[{"id":10814,"href":"https:\/\/euvivoaselecao.com.br\/index.php\/wp-json\/wp\/v2\/posts\/10812\/revisions\/10814"}],"wp:featuredmedia":[{"embeddable":true,"href":"https:\/\/euvivoaselecao.com.br\/index.php\/wp-json\/wp\/v2\/media\/10813"}],"wp:attachment":[{"href":"https:\/\/euvivoaselecao.com.br\/index.php\/wp-json\/wp\/v2\/media?parent=10812"}],"wp:term":[{"taxonomy":"category","embeddable":true,"href":"https:\/\/euvivoaselecao.com.br\/index.php\/wp-json\/wp\/v2\/categories?post=10812"},{"taxonomy":"post_tag","embeddable":true,"href":"https:\/\/euvivoaselecao.com.br\/index.php\/wp-json\/wp\/v2\/tags?post=10812"}],"curies":[{"name":"wp","href":"https:\/\/api.w.org\/{rel}","templated":true}]}}