{"id":10815,"date":"2022-01-04T08:34:33","date_gmt":"2022-01-04T11:34:33","guid":{"rendered":"https:\/\/euvivoaselecao.com.br\/?p=10815"},"modified":"2022-01-04T08:34:33","modified_gmt":"2022-01-04T11:34:33","slug":"jornalista-rodrigo-capelo-especializado-em-financas-do-futebol-revela-ser-torcedor-do-vasco-vasconet","status":"publish","type":"post","link":"https:\/\/euvivoaselecao.com.br\/index.php\/2022\/01\/04\/jornalista-rodrigo-capelo-especializado-em-financas-do-futebol-revela-ser-torcedor-do-vasco-vasconet\/","title":{"rendered":"Jornalista Rodrigo Capelo, especializado em finan\u00e7as do futebol, revela ser torcedor do Vasco &#8211; VASCONet"},"content":{"rendered":"<p> <a href=\"https:\/\/news.google.com\/publications\/CAAqBwgKMMvIlgswru6tAw?hl=pt-BR&amp;gl=BR&amp;ceid=BR%3Apt-419\"><strong>SIGA-NOS<\/strong>  <\/a>            <\/p>\n<p>Jornalista Rodrigo Capelo, especializado em finan\u00e7as do futebol, revela ser torcedor do Vasco Ter\u00e7a-feira, 04\/01\/2022 &#8211; 05:23 Rodrigo Capelo @rodrigocapelo Dediquei a coluna desta segunda, no @JornalOGlobo, para dizer para que tor\u00e7o para o Vasco e contar um pouco da minha hist\u00f3ria como torcedor. Transpar\u00eancia \u00e9 deixar que as pessoas saibam quem voc\u00ea \u00e9, e j\u00e1 fazia tempo que eu queria ter essa liberdade. \ud83d\ude43 <\/p>\n<p>\u2192 <a href='https:\/\/oglobo.globo.com\/esportes\/futebol\/rodrigo-capelo-torce-para-qual-time-25339043' target='_blank' rel=\"noopener\"><b>https:\/\/oglobo.globo.com\/esportes\/futebol\/rodrigo-capelo-torce-para-qual-time-25339043<\/b><\/a> <\/p>\n<p><a href='\/news\/noticias16\/arquivos\/20220103-231306-1-.jpg' title='' class='thickbox fancybox' rel='ligthbox'><\/a> <\/p>\n<p>Fonte: Twitter do jornalista Rodrigo Capelo\/ge <\/p>\n<p><b>Rodrigo Capelo torce para qual time?<\/b> <\/p>\n<p>Eu tinha oito anos de idade, quando ganhei, do meu pai, uma edi\u00e7\u00e3o especial da revista Placar. Era um guia do Brasileir\u00e3o de 1998. A capa tinha fotos dos destaques de cada time. A inten\u00e7\u00e3o dele era, provavelmente, refor\u00e7ar minha liga\u00e7\u00e3o com o futebol e com o S\u00e3o Paulo &mdash; para o qual ele pretendia que eu torcesse. Com Ra\u00ed na capa, ele imaginava, ficaria f\u00e1cil. <\/p>\n<p>N\u00e3o t\u00ednhamos o costume, em casa, de assistir a jogos pela televis\u00e3o. Meu contato dependia mais desses presentes. Revistas, livros. E esse guia, li de ponta a ponta v\u00e1rias vezes. At\u00e9 hoje lembro que Fran\u00e7a era elogiado pelo &#8220;faro de gol&#8221;. Dod\u00f4 era talentoso, mas &#8220;sonolento&#8221;. <\/p>\n<p>\u00c9 dif\u00edcil assegurar a raz\u00e3o, mas minha primeira decis\u00e3o foi contrariar meu pai. Eu n\u00e3o queria torcer para o S\u00e3o Paulo. Talvez tenha sido a pouca proximidade. Ele havia se divorciado da minha m\u00e3e. Causei desgosto quando anunciei, para a fam\u00edlia, que n\u00e3o seria s\u00e3o-paulino. <\/p>\n<p>A revista teve influ\u00eancia na escolha. O Vasco tinha acabado de ser campe\u00e3o. Carlos Germano, Mauro Galv\u00e3o, Juninho Pernambucano, Pedrinho, Edmundo. Felipe estava na capa. Curti tudo o que li sobre o clube. Meu pai cederia, eventualmente. Ele me deu a primeira camisa, preta com faixa diagonal branca, e uma toalha de secar com a cruz de malta. Usei ambas por anos. <\/p>\n<p>Nasci e vivi na capital paulista a vida inteira, ent\u00e3o minha experi\u00eancia de torcedor n\u00e3o tem lembran\u00e7a de S\u00e3o Janu\u00e1rio. Nunca vi um jogo do Vasco l\u00e1. Mas estive no Morumbi v\u00e1rias vezes, durante inf\u00e2ncia e adolesc\u00eancia, para assistir aos confrontos com o S\u00e3o Paulo. \u00cdamos de carro, ouvindo o pr\u00e9-jogo na r\u00e1dio. Par\u00e1vamos v\u00e1rias ruas acima e desc\u00edamos conversando. <\/p>\n<p>Nosso primeiro jogo deve ter sido uma vit\u00f3ria do Vasco, em 1999. N\u00e3o lembro de quase nada; s\u00f3 que Carlos Germano e Mauro Galv\u00e3o estavam em campo. Noutra vez, H\u00e9lton voou para defender o gol, e meu pai disse, impressionado: &#8220;parece um gato!&#8221; Admito que vi mais derrotas. <\/p>\n<p>Acostumei-me a torcer de jeito t\u00edmido na arquibancada, desde o come\u00e7o. Comemorava gols do Vasco em sil\u00eancio, para n\u00e3o complicar meu pai. Ficava quieto, sentado, enquanto todo mundo pulava para festejar um gol tricolor. \u00c9 dif\u00edcil a vida do torcedor infiltrado. <\/p>\n<p>Minha rela\u00e7\u00e3o com o futebol foi mudando ao longo dos anos. Fiquei triste com o rebaixamento em 2008 e doeu ver o choro do Pedrinho. Me animei com a boa fase em 2011. A dedica\u00e7\u00e3o de Juninho e Felipe, ambos pr\u00f3ximos da aposentadoria, era bonita de ver. Sinto pelo gol que Diego Souza n\u00e3o fez na Libertadores em 2012. Mas devo dizer que nunca fui fan\u00e1tico. <\/p>\n<p>Como jornalista, mudou de vez. Quando voc\u00ea visita os por\u00f5es dos clubes, fica dif\u00edcil torcer ingenuamente. O Vasco tem hist\u00f3ria bel\u00edssima, por\u00e9m n\u00e3o posso dizer que me identifico com as pessoas que mandaram nele nas \u00faltimas d\u00e9cadas. N\u00e3o reclamo. Talvez esse distanciamento me beneficie na profiss\u00e3o. Posso errar por raz\u00f5es diversas, mas clubismo n\u00e3o \u00e9 uma delas. <\/p>\n<p>Compreendo que colegas n\u00e3o queiram abrir prefer\u00eancias, por receio dos riscos. No meu caso, quero estabelecer uma rela\u00e7\u00e3o de confian\u00e7a com o p\u00fablico. Transpar\u00eancia \u00e9 deixar que as pessoas saibam quem voc\u00ea \u00e9, ainda que certas caracter\u00edsticas possam desagradar. <\/p>\n<p>Lamento dizer aos vasca\u00ednos que n\u00e3o coloco o clube acima do trabalho. E espero que outros n\u00e3o deixem de confiar no que fa\u00e7o. O Vasco faz parte da minha vida por escolha, n\u00e3o por obriga\u00e7\u00e3o. O Vasco ajudou a construir a rela\u00e7\u00e3o com meu pai. Eu tor\u00e7o para o Vasco. <\/p>\n<p>Fonte: O Globo<\/p>\n<h3 class=\"sd-title\">Compartilhe<\/h3>\n<h3 class=\"sd-title\">Like this:<\/h3>\n<p>Like Loading&#8230;<a class='sd-link-color'><\/a>  <\/p>\n<h3 class=\"jp-relatedposts-headline\">Relacionado<\/h3>\n<p>Fonte: <a href=\"\/\/vasconet.com.br\/2022\/01\/04\/jornalista-rodrigo-capelo-especializado-em-financas-do-futebol-revela-ser-torcedor-do-vasco\" title=\"vasconet.com.br\/2022\/01\/04\/jornalista-rodrigo-capelo-especializado-em-financas-do-futebol-revela-ser-torcedor-do-vasco\" target=\"_blank\" rel=\"bookmark noopener\"><cite>vasconet.com.br\/2022\/01\/04\/jornalista-rodrigo-capelo-especializado-em-financas-do-futebol-revela-ser-torcedor-do-vasco<\/cite><\/a><\/p>\n","protected":false},"excerpt":{"rendered":"<p>SIGA-NOS Jornalista Rodrigo Capelo, especializado em finan\u00e7as do futebol, revela ser torcedor do Vasco Ter\u00e7a-feira, 04\/01\/2022 &#8211; 05:23 Rodrigo Capelo<\/p>\n","protected":false},"author":1,"featured_media":10816,"comment_status":"closed","ping_status":"closed","sticky":false,"template":"","format":"standard","meta":{"colormag_page_container_layout":"default_layout","colormag_page_sidebar_layout":"default_layout","footnotes":""},"categories":[15],"tags":[],"class_list":["post-10815","post","type-post","status-publish","format-standard","has-post-thumbnail","hentry","category-noticias"],"_links":{"self":[{"href":"https:\/\/euvivoaselecao.com.br\/index.php\/wp-json\/wp\/v2\/posts\/10815","targetHints":{"allow":["GET"]}}],"collection":[{"href":"https:\/\/euvivoaselecao.com.br\/index.php\/wp-json\/wp\/v2\/posts"}],"about":[{"href":"https:\/\/euvivoaselecao.com.br\/index.php\/wp-json\/wp\/v2\/types\/post"}],"author":[{"embeddable":true,"href":"https:\/\/euvivoaselecao.com.br\/index.php\/wp-json\/wp\/v2\/users\/1"}],"replies":[{"embeddable":true,"href":"https:\/\/euvivoaselecao.com.br\/index.php\/wp-json\/wp\/v2\/comments?post=10815"}],"version-history":[{"count":1,"href":"https:\/\/euvivoaselecao.com.br\/index.php\/wp-json\/wp\/v2\/posts\/10815\/revisions"}],"predecessor-version":[{"id":10817,"href":"https:\/\/euvivoaselecao.com.br\/index.php\/wp-json\/wp\/v2\/posts\/10815\/revisions\/10817"}],"wp:featuredmedia":[{"embeddable":true,"href":"https:\/\/euvivoaselecao.com.br\/index.php\/wp-json\/wp\/v2\/media\/10816"}],"wp:attachment":[{"href":"https:\/\/euvivoaselecao.com.br\/index.php\/wp-json\/wp\/v2\/media?parent=10815"}],"wp:term":[{"taxonomy":"category","embeddable":true,"href":"https:\/\/euvivoaselecao.com.br\/index.php\/wp-json\/wp\/v2\/categories?post=10815"},{"taxonomy":"post_tag","embeddable":true,"href":"https:\/\/euvivoaselecao.com.br\/index.php\/wp-json\/wp\/v2\/tags?post=10815"}],"curies":[{"name":"wp","href":"https:\/\/api.w.org\/{rel}","templated":true}]}}