{"id":10859,"date":"2022-01-05T17:33:21","date_gmt":"2022-01-05T20:33:21","guid":{"rendered":"https:\/\/euvivoaselecao.com.br\/?p=10859"},"modified":"2022-01-05T17:33:21","modified_gmt":"2022-01-05T20:33:21","slug":"novo-post-criado-em-05-de-jan-de-2022-as-194716-vasconet","status":"publish","type":"post","link":"https:\/\/euvivoaselecao.com.br\/index.php\/2022\/01\/05\/novo-post-criado-em-05-de-jan-de-2022-as-194716-vasconet\/","title":{"rendered":"Novo post criado em 05 de Jan de 2022 as 19:47:16 &#8211; VASCONet"},"content":{"rendered":"<p> <a href=\"https:\/\/news.google.com\/publications\/CAAqBwgKMMvIlgswru6tAw?hl=pt-BR&amp;gl=BR&amp;ceid=BR%3Apt-419\"><strong>SIGA-NOS<\/strong>  <\/a>            <\/p>\n<p>O <a href=\"https:\/\/www.gazetaesportiva.com\/times\/vasco\/\">Vasco<\/a> confirmou mais refor\u00e7os para a temporada. Um deles \u00e9 o atacante Raniel, que estava no Santos.<\/p>\n<\/p>\n<p>Raniel chega por empr\u00e9stimo de uma temporada. O atacante espera reviver os bons momentos da carreira, principalmente quando esteve no Cruzeiro.<\/p>\n<p>O novo refor\u00e7o exaltou o acerto com o Vasco. Raniel destacou a tradi\u00e7\u00e3o do clube com atacantes.<\/p>\n<p>O atacante ressaltou que o seu objetivo \u00e9 levar o Vasco de volta \u00e0 S\u00e9rie A do Campeonato Brasileiro.<\/p>\n<p><strong>Confira o comunicado de Raniel:<\/strong><\/p>\n<p>&#8220;Hoje se inicia uma nova etapa na minha vida e vou dar o meu melhor para justificar a confian\u00e7a depositada em mim pelo @vascodagama<\/p>\n<p>N\u00e3o \u00e9 todo mundo que tem a oportunidade de vestir uma camisa t\u00e3o grande como essa, jogar no clube onde Rom\u00e1rio e Edmundo fizeram hist\u00f3ria, ent\u00e3o sei da minha responsabilidade.<\/p>\n<p>O que posso garantir ao torcedor \u00e9 que n\u00e3o vai faltar empenho, entrega, comprometimento. Estou muito motivado em recuperar meu futebol e recolocar o Vasco no seu devido lugar, que \u00e9 na S\u00e9rie A&#8221;.<\/p>\n<p> <a class='comentario-facebook comentario-facebook-click' href=\"#\">Deixe seu coment\u00e1rio<\/a> <\/p>\n<h3 class=\"sd-title\">Compartilhe<\/h3>\n<h3 class=\"sd-title\">Like this:<\/h3>\n<p>Like Loading&#8230;<a class='sd-link-color'><\/a>  <\/p>\n<h3 class=\"jp-relatedposts-headline\">Relacionado<\/h3>\n<p>Fonte: <a href=\"\/\/vasconet.com.br\/2022\/01\/05\/novo-post-criado-em-05-de-jan-de-2022-as-194716\" title=\"vasconet.com.br\/2022\/01\/05\/novo-post-criado-em-05-de-jan-de-2022-as-194716\" target=\"_blank\" rel=\"bookmark noopener\"><cite>vasconet.com.br\/2022\/01\/05\/novo-post-criado-em-05-de-jan-de-2022-as-194716<\/cite><\/a><\/p>\n","protected":false},"excerpt":{"rendered":"<p>SIGA-NOS O Vasco confirmou mais refor\u00e7os para a temporada. Um deles \u00e9 o atacante Raniel, que estava no Santos. Raniel<\/p>\n","protected":false},"author":1,"featured_media":10860,"comment_status":"closed","ping_status":"closed","sticky":false,"template":"","format":"standard","meta":{"colormag_page_container_layout":"default_layout","colormag_page_sidebar_layout":"default_layout","footnotes":""},"categories":[15],"tags":[],"class_list":["post-10859","post","type-post","status-publish","format-standard","has-post-thumbnail","hentry","category-noticias"],"_links":{"self":[{"href":"https:\/\/euvivoaselecao.com.br\/index.php\/wp-json\/wp\/v2\/posts\/10859","targetHints":{"allow":["GET"]}}],"collection":[{"href":"https:\/\/euvivoaselecao.com.br\/index.php\/wp-json\/wp\/v2\/posts"}],"about":[{"href":"https:\/\/euvivoaselecao.com.br\/index.php\/wp-json\/wp\/v2\/types\/post"}],"author":[{"embeddable":true,"href":"https:\/\/euvivoaselecao.com.br\/index.php\/wp-json\/wp\/v2\/users\/1"}],"replies":[{"embeddable":true,"href":"https:\/\/euvivoaselecao.com.br\/index.php\/wp-json\/wp\/v2\/comments?post=10859"}],"version-history":[{"count":1,"href":"https:\/\/euvivoaselecao.com.br\/index.php\/wp-json\/wp\/v2\/posts\/10859\/revisions"}],"predecessor-version":[{"id":10861,"href":"https:\/\/euvivoaselecao.com.br\/index.php\/wp-json\/wp\/v2\/posts\/10859\/revisions\/10861"}],"wp:featuredmedia":[{"embeddable":true,"href":"https:\/\/euvivoaselecao.com.br\/index.php\/wp-json\/wp\/v2\/media\/10860"}],"wp:attachment":[{"href":"https:\/\/euvivoaselecao.com.br\/index.php\/wp-json\/wp\/v2\/media?parent=10859"}],"wp:term":[{"taxonomy":"category","embeddable":true,"href":"https:\/\/euvivoaselecao.com.br\/index.php\/wp-json\/wp\/v2\/categories?post=10859"},{"taxonomy":"post_tag","embeddable":true,"href":"https:\/\/euvivoaselecao.com.br\/index.php\/wp-json\/wp\/v2\/tags?post=10859"}],"curies":[{"name":"wp","href":"https:\/\/api.w.org\/{rel}","templated":true}]}}