{"id":11106,"date":"2022-01-13T14:35:35","date_gmt":"2022-01-13T17:35:35","guid":{"rendered":"https:\/\/euvivoaselecao.com.br\/?p=11106"},"modified":"2022-01-13T14:35:35","modified_gmt":"2022-01-13T17:35:35","slug":"isaque-e-weverton-sao-apresentados-e-falam-sobre-chegada-ao-vasco-vasconet","status":"publish","type":"post","link":"https:\/\/euvivoaselecao.com.br\/index.php\/2022\/01\/13\/isaque-e-weverton-sao-apresentados-e-falam-sobre-chegada-ao-vasco-vasconet\/","title":{"rendered":"Isaque e Weverton s\u00e3o apresentados e falam sobre chegada ao Vasco &#8211; VASCONet"},"content":{"rendered":"<p> <a href=\"https:\/\/news.google.com\/publications\/CAAqBwgKMMvIlgswru6tAw?hl=pt-BR&amp;gl=BR&amp;ceid=BR%3Apt-419\"><strong>SIGA-NOS<\/strong>  <\/a>            <\/p>\n<p>Isaque e Weverton s\u00e3o apresentados e falam sobre chegada ao Vasco Quinta-feira, 13\/01\/2022 &#8211; 13:05 Seguindo a programa\u00e7\u00e3o de apresentar dois refor\u00e7os por dia, nesta quarta-feira foi a vez de Isaque e Weverton concederem entrevista coletiva no Vasco. O meia e o lateral-direito s\u00e3o duas das 10 caras novas anunciadas pelo clube at\u00e9 o momento para a temporada 2022. <\/p>\n<p>Uma das primeiras perguntas respondidas por Weverton, que chega emprestado pelo Bragantino at\u00e9 o fim do ano, foi sobre a caneta em Neymar. Em 2019, quando atuava na base do Cruzeiro e foi convidado pelo t\u00e9cnico Tite para ajudar nos treinos da Sele\u00e7\u00e3o, viralizou um v\u00eddeo seu driblando o craque do Paris Saint-Germain. <\/p>\n<p>&#8211; Isso n\u00e3o me aborrece. Foi uma coisa boa para mim, pela visibilidade. Mas n\u00e3o gosto quando chegam em mim e falam que cheguei aqui pelo lance do Neymar. Trabalho muito, as pessoas v\u00e3o ver o meu potencial. Quero mostrar isso para a na\u00e7\u00e3o vasca\u00edna. Mas n\u00e3o gosto que as pessoas me vejam como o cara que deu a caneta no Neymar &#8211; garantiu ele, que vai vestir a camisa 17. <\/p>\n<p>No Vasco, Weverton, 22 anos, vai disputar a posi\u00e7\u00e3o com L\u00e9o Matos. Ele elogiou bastante o concorrente na lateral direita. <\/p>\n<p>&#8211; Vai ser uma disputa boa, saud\u00e1vel. Cada um vai buscar seu espa\u00e7o em campo. N\u00e3o cabe a mim falar, cabe \u00e0 comiss\u00e3o t\u00e9cnica. Minha rela\u00e7\u00e3o com L\u00e9o Matos \u00e9 boa. \u00c9 um cara experiente, jogou na Gr\u00e9cia. Isso tem sido bom, ele passa informa\u00e7\u00f5es. Estamos nos conhecendo melhor &#8211; disse ele. <\/p>\n<p>Por sua vez, Isaque, meia de 24 anos emprestado pelo Gr\u00eamio, disse que busca sua &#8220;melhor vers\u00e3o&#8221; no Vasco. Ele tem no curr\u00edculo passagens por Fortaleza e Am\u00e9rica-MG. <\/p>\n<p> &#8220;Desde que cheguei digo que n\u00e3o quero ser o Isaque do Gr\u00eamio, Fortaleza ou Am\u00e9rica. Quero ser o Isaque do Vasco, na minha melhor vers\u00e3o. Sei o tamanho dessa camisa e quero aproveitar a oportunidade da melhor maneira poss\u00edvel&#8221;, garantiu ele. <\/p>\n<p>Aos 24 anos, Isaque recebeu a camisa 46 das m\u00e3os de Carlos Brazil, gerente geral de Futebol do Vasco, e aproveitou para apresentar suas credenciais. <\/p>\n<p>&#8211; Sou meia-atacante, gosto muito de jogar na zona central. J\u00e1 joguei como falso 9, segundo volante. Fa\u00e7o todas as fun\u00e7\u00f5es na frente. Quero ajudar o professor Z\u00e8 Ricardo e o Vasco. Essa situa\u00e7\u00e3o de jogar como extremo joguei pouco. Onde eu mais gosto de jogar \u00e9 pelo meio, vindo de traz. Mas se precisar posso jogar por al\u00ed, a gente sabe que dentro dos jogos h\u00e1 v\u00e1rias possibilidades &#8211; afirmou. <\/p>\n<p><b>Veja outros pontos da entrevista de Weverton:<\/b> <\/p>\n<p>Camisa 17 <\/p>\n<p>&#8211; Quando subi para o Cruzeiro e fui para Libertadores, foi a primeira camisa que usei e me marcou. Escolhi esse n\u00famero para mim. <\/p>\n<p>Rio de Janeiro <\/p>\n<p>&#8211; Cidade muito boa, receptiva. Mas n\u00e3o vim passear. Vim trabalhar e ajudar o Vasco. <\/p>\n<p>Projeto do Vasco <\/p>\n<p>&#8211; Vim preparado. Sou um jogador de muita personalidade. Vai ser um ano dif\u00edcil, S\u00e9rie B \u00e9 dif\u00edcil. Para o cara vir para o Vasco n\u00e3o tem que pensar em outra coisa. Tem que vir. O Vasco \u00e9 um time de camisa, grande e vencedor. Vim mostrar meu futebol, para as pessoas verem quem eu sou e para colocar o Vasco na S\u00e9rie A. O Vasco n\u00e3o merece estar na S\u00e9rie B. N\u00e3o tive d\u00favida, acreditei no projeto do Vasco, e o clube acreditou em mim. <\/p>\n<p>Vasca\u00edno desde crian\u00e7a <\/p>\n<p>&#8211; Sou vasca\u00edno desde crian\u00e7a. Meu av\u00f4 \u00e9 vasca\u00edno doente. Quando chegou a proposta, ele ficou muito feliz. A Fam\u00edlia toda ficou feliz, mas meu av\u00f4 torce muito pelo Vasco. <\/p>\n<p>Caracter\u00edsticas <\/p>\n<p>&#8211; Sou um jogador que apoia muito. Era atacante. A parte defensiva eu venho evoluindo desde que fui para lateral. Sempre busco a evolu\u00e7\u00e3o. <\/p>\n<p><b>Veja outros pontos da entrevista de Isaque<\/b> <\/p>\n<p>N\u00famero 46 <\/p>\n<p>&#8211; O numero 46 \u00e9 um numero que gosto muito. Usei quando subi para o profissional. Gostei e quero permanecer com ele no resto da carreira &#8211; explicou ele, que aproveitou para apresentar suas credenciais: <\/p>\n<p>Primeira semana de treinos <\/p>\n<p>&#8211; Primeira semana foi de aprendizado e conhecimento. A minha prefer\u00eancia \u00e9 pelo meio. Mas tenho essa versatilidade e estou \u00e0 disposi\u00e7\u00e3o para jogar onde o Z\u00e9 Ricardo precisar. <\/p>\n<p><a href=\"\/news\/noticias16\/arquivos\/20220113-125031-1-weverton.jpeg\" title=\"Weverton\" class=\"thickbox fancybox\" rel=\"ligthbox\">Weverton<\/a><a href=\"\/news\/noticias16\/arquivos\/20220113-125033-2-isaque-e-carlos-brazil.jpeg\" title=\"Isaque e Carlos Brazil\" class=\"thickbox fancybox\" rel=\"ligthbox\"><img decoding=\"async\" src=\"\/news\/noticias16\/arquivos\/20220113-125033-2-isaque-e-carlos-brazil.jpeg\" class=\"imagemgaleria img-responsive\" alt=\"Isaque e Carlos Brazil\">     <a href=\"https:\/\/news.google.com\/publications\/CAAqBwgKMMvIlgswru6tAw?hl=pt-BR&amp;gl=BR&amp;ceid=BR%3Apt-419\"><strong>SIGA-NOS<\/strong>  <\/a>     Isaque e Carlos Brazil<\/a> <\/p>\n<p><b>Refor\u00e7os do Vasco para 2022:<\/b> <\/p>\n<p> Goleiro: Thiago Rodrigues  Laterais: Edimar e Weverton  Zagueiros: Anderson Concei\u00e7\u00e3o e Lu\u00eds Cang\u00e1  Meio-campistas: Yuri Lara, Vitinho, Isaque e Bruno Naz\u00e1rio  Atacante: Raniel <\/p>\n<p>Fonte: ge<\/p>\n<h3 class=\"sd-title\">Compartilhe<\/h3>\n<h3 class=\"sd-title\">Like this:<\/h3>\n<p>Like Loading&#8230;<a class='sd-link-color'><\/a>  <\/p>\n<h3 class=\"jp-relatedposts-headline\">Relacionado<\/h3>\n<p>Fonte: <a href=\"\/\/vasconet.com.br\/2022\/01\/13\/isaque-e-weverton-sao-apresentados-e-falam-sobre-chegada-ao-vasco\" title=\"vasconet.com.br\/2022\/01\/13\/isaque-e-weverton-sao-apresentados-e-falam-sobre-chegada-ao-vasco\" target=\"_blank\" rel=\"bookmark noopener\"><cite>vasconet.com.br\/2022\/01\/13\/isaque-e-weverton-sao-apresentados-e-falam-sobre-chegada-ao-vasco<\/cite><\/a><\/p>\n","protected":false},"excerpt":{"rendered":"<p>SIGA-NOS Isaque e Weverton s\u00e3o apresentados e falam sobre chegada ao Vasco Quinta-feira, 13\/01\/2022 &#8211; 13:05 Seguindo a programa\u00e7\u00e3o de<\/p>\n","protected":false},"author":1,"featured_media":11107,"comment_status":"closed","ping_status":"closed","sticky":false,"template":"","format":"standard","meta":{"colormag_page_container_layout":"default_layout","colormag_page_sidebar_layout":"default_layout","footnotes":""},"categories":[15],"tags":[],"class_list":["post-11106","post","type-post","status-publish","format-standard","has-post-thumbnail","hentry","category-noticias"],"_links":{"self":[{"href":"https:\/\/euvivoaselecao.com.br\/index.php\/wp-json\/wp\/v2\/posts\/11106","targetHints":{"allow":["GET"]}}],"collection":[{"href":"https:\/\/euvivoaselecao.com.br\/index.php\/wp-json\/wp\/v2\/posts"}],"about":[{"href":"https:\/\/euvivoaselecao.com.br\/index.php\/wp-json\/wp\/v2\/types\/post"}],"author":[{"embeddable":true,"href":"https:\/\/euvivoaselecao.com.br\/index.php\/wp-json\/wp\/v2\/users\/1"}],"replies":[{"embeddable":true,"href":"https:\/\/euvivoaselecao.com.br\/index.php\/wp-json\/wp\/v2\/comments?post=11106"}],"version-history":[{"count":1,"href":"https:\/\/euvivoaselecao.com.br\/index.php\/wp-json\/wp\/v2\/posts\/11106\/revisions"}],"predecessor-version":[{"id":11108,"href":"https:\/\/euvivoaselecao.com.br\/index.php\/wp-json\/wp\/v2\/posts\/11106\/revisions\/11108"}],"wp:featuredmedia":[{"embeddable":true,"href":"https:\/\/euvivoaselecao.com.br\/index.php\/wp-json\/wp\/v2\/media\/11107"}],"wp:attachment":[{"href":"https:\/\/euvivoaselecao.com.br\/index.php\/wp-json\/wp\/v2\/media?parent=11106"}],"wp:term":[{"taxonomy":"category","embeddable":true,"href":"https:\/\/euvivoaselecao.com.br\/index.php\/wp-json\/wp\/v2\/categories?post=11106"},{"taxonomy":"post_tag","embeddable":true,"href":"https:\/\/euvivoaselecao.com.br\/index.php\/wp-json\/wp\/v2\/tags?post=11106"}],"curies":[{"name":"wp","href":"https:\/\/api.w.org\/{rel}","templated":true}]}}