{"id":15141,"date":"2022-04-07T14:14:38","date_gmt":"2022-04-07T17:14:38","guid":{"rendered":"https:\/\/euvivoaselecao.com.br\/?p=15141"},"modified":"2022-04-07T14:14:38","modified_gmt":"2022-04-07T17:14:38","slug":"novo-post-criado-em-07-de-apr-de-2022-as-164704-vasconet","status":"publish","type":"post","link":"https:\/\/euvivoaselecao.com.br\/index.php\/2022\/04\/07\/novo-post-criado-em-07-de-apr-de-2022-as-164704-vasconet\/","title":{"rendered":"Novo post criado em 07 de Apr de 2022 as 16:47:04 &#8211; VASCONet"},"content":{"rendered":"<p> <a href=\"https:\/\/news.google.com\/publications\/CAAqBwgKMMvIlgswru6tAw?hl=pt-BR&amp;gl=BR&amp;ceid=BR%3Apt-419\"><strong>SIGA-NOS<\/strong>  <\/a>            <\/p>\n<p>O <strong><a href=\"https:\/\/www.gazetaesportiva.com\/times\/vasco\">Vasco<\/a> <\/strong>tem nesta sexta-feira seu jogo de estreia na S\u00e9rie B do Brasileir\u00e3o. Os cruzmaltinos recebem o <strong><a href=\"https:\/\/www.gazetaesportiva.com\/times\/vila-nova-go\">Vila Nova<\/a><\/strong>, \u00e0s 19h (de Bras\u00edlia), em S\u00e3o Janu\u00e1rio.<\/p>\n<p>Os vasca\u00ednos ter\u00e3o o apoio da torcida para a partida. Isso porque j\u00e1 foram comercializados 14.500 ingressos. As entradas para a arquibancada, inclusive, j\u00e1 est\u00e3o esgotadas. Somente h\u00e1 ingressos para a social.<\/p>\n<p><a data-caption='div class=\"fotorama_legenda_galeria\"br \/(Foto: Marcelo Cortes \/ Flamengo)\/div' href='https:\/\/static.gazetaesportiva.com\/uploads\/imagem\/2022\/03\/20\/51949726497_aaa00e9166_o-1-1024x682.jpg' data-thumb='https:\/\/static.gazetaesportiva.com\/uploads\/imagem\/2022\/03\/20\/51949726497_aaa00e9166_o-1-1024x682.jpg'><\/a><a data-caption='div class=\"fotorama_legenda_galeria\"br \/(Foto: Marcelo Cortes \/ Flamengo)\/div' href='https:\/\/static.gazetaesportiva.com\/uploads\/imagem\/2022\/03\/20\/51949718712_e0f681f83a_o-1024x681.jpg' data-thumb='https:\/\/static.gazetaesportiva.com\/uploads\/imagem\/2022\/03\/20\/51949718712_e0f681f83a_o-1024x681.jpg'><\/a><a data-caption='div class=\"fotorama_legenda_galeria\"br \/(Foto: Marcelo Cortes \/ Flamengo)\/div' href='https:\/\/static.gazetaesportiva.com\/uploads\/imagem\/2022\/03\/20\/51950776108_e21eab4a65_o-1024x683.jpg' data-thumb='https:\/\/static.gazetaesportiva.com\/uploads\/imagem\/2022\/03\/20\/51950776108_e21eab4a65_o-1024x683.jpg'><\/a><a data-caption='div class=\"fotorama_legenda_galeria\"br \/(Foto: Marcelo Cortes \/ Flamengo)\/div' href='https:\/\/static.gazetaesportiva.com\/uploads\/imagem\/2022\/03\/20\/51949721197_c0de200e08_o-1024x683.jpg' data-thumb='https:\/\/static.gazetaesportiva.com\/uploads\/imagem\/2022\/03\/20\/51949721197_c0de200e08_o-1024x683.jpg'><\/a><a data-caption='div class=\"fotorama_legenda_galeria\"br \/(Foto: Gilvan de Souza\/Flamengo)\/div' href='https:\/\/static.gazetaesportiva.com\/uploads\/imagem\/2022\/03\/20\/51951310555_5b47bb10b5_o-1024x683.jpg' data-thumb='https:\/\/static.gazetaesportiva.com\/uploads\/imagem\/2022\/03\/20\/51951310555_5b47bb10b5_o-1024x683.jpg'><\/a><a data-caption='div class=\"fotorama_legenda_galeria\"br \/(Foto: Gilvan de Souza\/Flamengo)\/div' href='https:\/\/static.gazetaesportiva.com\/uploads\/imagem\/2022\/03\/20\/51951310445_1543ccd82a_o-1024x683.jpg' data-thumb='https:\/\/static.gazetaesportiva.com\/uploads\/imagem\/2022\/03\/20\/51951310445_1543ccd82a_o-1024x683.jpg'><\/a><a data-caption='div class=\"fotorama_legenda_galeria\"br \/(Foto: Gilvan de Souza\/Flamengo)\/div' href='https:\/\/static.gazetaesportiva.com\/uploads\/imagem\/2022\/03\/20\/51951310175_eda01fc32e_o-1024x683.jpg' data-thumb='https:\/\/static.gazetaesportiva.com\/uploads\/imagem\/2022\/03\/20\/51951310175_eda01fc32e_o-1024x683.jpg'><\/a><a data-caption='div class=\"fotorama_legenda_galeria\"br \/(Foto: Gilvan de Souza\/Flamengo) \/div' href='https:\/\/static.gazetaesportiva.com\/uploads\/imagem\/2022\/03\/20\/51951310040_d1f2de2703_o-1024x683.jpg' data-thumb='https:\/\/static.gazetaesportiva.com\/uploads\/imagem\/2022\/03\/20\/51951310040_d1f2de2703_o-1024x683.jpg'><\/a><a data-caption='div class=\"fotorama_legenda_galeria\"br \/(Foto: Gilvan de Souza\/Flamengo)\/div' href='https:\/\/static.gazetaesportiva.com\/uploads\/imagem\/2022\/03\/20\/51951013439_233e06aa5e_o-2-1024x683.jpg' data-thumb='https:\/\/static.gazetaesportiva.com\/uploads\/imagem\/2022\/03\/20\/51951013439_233e06aa5e_o-2-1024x683.jpg'><\/a><a data-caption='div class=\"fotorama_legenda_galeria\"br \/(Foto: Gilvan de Souza\/Flamengo)\/div' href='https:\/\/static.gazetaesportiva.com\/uploads\/imagem\/2022\/03\/20\/51949722387_0f1fd2d31a_o-1-1024x683.jpg' data-thumb='https:\/\/static.gazetaesportiva.com\/uploads\/imagem\/2022\/03\/20\/51949722387_0f1fd2d31a_o-1-1024x683.jpg'><\/a><a data-caption='div class=\"fotorama_legenda_galeria\"br \/(Foto: Gilvan de Souza\/Flamengo)\/div' href='https:\/\/static.gazetaesportiva.com\/uploads\/imagem\/2022\/03\/20\/51951012894_2e4299e6af_o-1024x683.jpg' data-thumb='https:\/\/static.gazetaesportiva.com\/uploads\/imagem\/2022\/03\/20\/51951012894_2e4299e6af_o-1024x683.jpg'><\/a><a data-caption='div class=\"fotorama_legenda_galeria\"br \/(Foto: Marcelo Cortes \/ Flamengo)\/div' href='https:\/\/static.gazetaesportiva.com\/uploads\/imagem\/2022\/03\/20\/51950773218_8405c069a2_o-1024x682.jpg' data-thumb='https:\/\/static.gazetaesportiva.com\/uploads\/imagem\/2022\/03\/20\/51950773218_8405c069a2_o-1024x682.jpg'><\/a><a data-caption='div class=\"fotorama_legenda_galeria\"br \/(Foto: Marcelo Cortes \/ Flamengo)\/div' href='https:\/\/static.gazetaesportiva.com\/uploads\/imagem\/2022\/03\/20\/51950796233_a2edbffaeb_o-1024x682.jpg' data-thumb='https:\/\/static.gazetaesportiva.com\/uploads\/imagem\/2022\/03\/20\/51950796233_a2edbffaeb_o-1024x682.jpg'><\/a><\/p>\n<p>Para o setor, somente s\u00f3cios-torcedores podem comprar os ingressos. A tend\u00eancia \u00e9 a de que S\u00e3o Janu\u00e1rio esteja lotado.<\/p>\n<p>O Vasco quer come\u00e7ar bem a S\u00e9rie B. Os cruzmaltinos t\u00eam como objetivo ficar entre os primeiros colocados desde as primeiras rodadas.<\/p>\n<p>&nbsp;<\/p>\n<p> <a class='comentario-facebook comentario-facebook-click' href=\"#\">Deixe seu coment\u00e1rio<\/a> <\/p>\n<h3 class=\"sd-title\">Compartilhe<\/h3>\n<h3 class=\"sd-title\">Like this:<\/h3>\n<p>Like Loading&#8230;<a class='sd-link-color'><\/a>  <\/p>\n<h3 class=\"jp-relatedposts-headline\">Relacionado<\/h3>\n<p>Fonte: <a href=\"\/\/vasconet.com.br\/2022\/04\/07\/novo-post-criado-em-07-de-apr-de-2022-as-164704\" title=\"vasconet.com.br\/2022\/04\/07\/novo-post-criado-em-07-de-apr-de-2022-as-164704\" target=\"_blank\" rel=\"bookmark noopener\"><cite>vasconet.com.br\/2022\/04\/07\/novo-post-criado-em-07-de-apr-de-2022-as-164704<\/cite><\/a><\/p>\n","protected":false},"excerpt":{"rendered":"<p>SIGA-NOS O Vasco tem nesta sexta-feira seu jogo de estreia na S\u00e9rie B do Brasileir\u00e3o. Os cruzmaltinos recebem o Vila<\/p>\n","protected":false},"author":1,"featured_media":15142,"comment_status":"closed","ping_status":"closed","sticky":false,"template":"","format":"standard","meta":{"colormag_page_container_layout":"default_layout","colormag_page_sidebar_layout":"default_layout","footnotes":""},"categories":[15],"tags":[],"class_list":["post-15141","post","type-post","status-publish","format-standard","has-post-thumbnail","hentry","category-noticias"],"_links":{"self":[{"href":"https:\/\/euvivoaselecao.com.br\/index.php\/wp-json\/wp\/v2\/posts\/15141","targetHints":{"allow":["GET"]}}],"collection":[{"href":"https:\/\/euvivoaselecao.com.br\/index.php\/wp-json\/wp\/v2\/posts"}],"about":[{"href":"https:\/\/euvivoaselecao.com.br\/index.php\/wp-json\/wp\/v2\/types\/post"}],"author":[{"embeddable":true,"href":"https:\/\/euvivoaselecao.com.br\/index.php\/wp-json\/wp\/v2\/users\/1"}],"replies":[{"embeddable":true,"href":"https:\/\/euvivoaselecao.com.br\/index.php\/wp-json\/wp\/v2\/comments?post=15141"}],"version-history":[{"count":1,"href":"https:\/\/euvivoaselecao.com.br\/index.php\/wp-json\/wp\/v2\/posts\/15141\/revisions"}],"predecessor-version":[{"id":15143,"href":"https:\/\/euvivoaselecao.com.br\/index.php\/wp-json\/wp\/v2\/posts\/15141\/revisions\/15143"}],"wp:featuredmedia":[{"embeddable":true,"href":"https:\/\/euvivoaselecao.com.br\/index.php\/wp-json\/wp\/v2\/media\/15142"}],"wp:attachment":[{"href":"https:\/\/euvivoaselecao.com.br\/index.php\/wp-json\/wp\/v2\/media?parent=15141"}],"wp:term":[{"taxonomy":"category","embeddable":true,"href":"https:\/\/euvivoaselecao.com.br\/index.php\/wp-json\/wp\/v2\/categories?post=15141"},{"taxonomy":"post_tag","embeddable":true,"href":"https:\/\/euvivoaselecao.com.br\/index.php\/wp-json\/wp\/v2\/tags?post=15141"}],"curies":[{"name":"wp","href":"https:\/\/api.w.org\/{rel}","templated":true}]}}