{"id":15147,"date":"2022-04-07T16:14:43","date_gmt":"2022-04-07T19:14:43","guid":{"rendered":"https:\/\/euvivoaselecao.com.br\/?p=15147"},"modified":"2022-04-07T16:14:43","modified_gmt":"2022-04-07T19:14:43","slug":"mauro-galvao-a-saf-nao-pode-ser-mais-importante-que-o-clube-voltar-para-a-elite-vasconet","status":"publish","type":"post","link":"https:\/\/euvivoaselecao.com.br\/index.php\/2022\/04\/07\/mauro-galvao-a-saf-nao-pode-ser-mais-importante-que-o-clube-voltar-para-a-elite-vasconet\/","title":{"rendered":"Mauro Galv\u00e3o: &#039;A SAF n\u00e3o pode ser mais importante que o clube voltar para a elite&#039; &#8211; VASCONet"},"content":{"rendered":"<p> <a href=\"https:\/\/news.google.com\/publications\/CAAqBwgKMMvIlgswru6tAw?hl=pt-BR&amp;gl=BR&amp;ceid=BR%3Apt-419\"><strong>SIGA-NOS<\/strong>  <\/a>            <\/p>\n<p>Mauro Galv\u00e3o: &#8216;A SAF n\u00e3o pode ser mais importante que o clube voltar para a elite&#8217; Quinta-feira, 07\/04\/2022 &#8211; 11:36 O Vasco inicia nesta sexta-feira contra o Vila Nova, de Goi\u00e1s, a sua caminhada na S\u00e9rie B, buscando voltar para a elite do futebol brasileiro. Sem conseguir o acesso no ano passado, o Cruzmaltino ter\u00e1 rivais complicados na competi\u00e7\u00e3o como Cruzeiro, Gr\u00eamio e Bahia. O Jornal O Dia entrou em contato com o ex-zagueiro Mauro Galv\u00e3o, capit\u00e3o da principal conquista do Cruzmaltino, a Libertadores de 1998. Ao abordar a prepara\u00e7\u00e3o do clube carioca para a S\u00e9rie B, o \u00eddolo vasca\u00edno se mostrou preocupado. Na opini\u00e3o dele, o prioridade do Vasco parece estar fora das quatro linhas. <\/p>\n<p>&#8220;A SAF \u00e9 um mist\u00e9rio, ningu\u00e9m sabe nada, ningu\u00e9m ter certeza de nada. \u00c9 um mist\u00e9rio. S\u00f3 ouvimos falar que tem os interessados, mas escutamos que n\u00e3o pode fazer essa mudan\u00e7a no meio do ano (Transforma\u00e7\u00e3o do futebol em SAF). Essa pol\u00eamica me faz acreditar que enquanto falamos da SAF, a gente n\u00e3o fala que o time foi rebaixado, a gente n\u00e3o fala que n\u00e3o conseguiu voltar \u00e0 S\u00e9rie A. Que \u00e9 a obriga\u00e7\u00e3o e o lugar do Vasco. Ent\u00e3o, parece que a prioridade fica um pouco de lado. A prepara\u00e7\u00e3o do Vasco se resumiu a isso. A SAF n\u00e3o pode ser mais importante que o clube voltar para a elite&#8221;, afirmou o ex-zagueiro. <\/p>\n<p>Mauro tamb\u00e9m comentou o desempenho esportivo do Vasco na temporada. A classifica\u00e7\u00e3o para a semifinal do Carioca foi protocolar, j\u00e1 que o rendimento dos clubes de menor investimento no Estadual de 2022 foi muito abaixo da m\u00e9dia. Na opini\u00e3o do ex-zagueiro, o Cruzmaltino precisa se refor\u00e7ar para a disputa da S\u00e9rie B. <\/p>\n<p>&#8220;No Carioca, o Vasco fez um campanha razo\u00e1vel, nada de incr\u00edvel. Ficar entre os quatro grandes n\u00e3o \u00e9 novidade nenhuma, \u00e9 algo natural. N\u00e3o se v\u00ea um projeto, uma palavra de ordem em rela\u00e7\u00e3o ao comando do Vasco para a S\u00e9rie B. A equipe do Vasco precisa de refor\u00e7os para poder voltar \u00e0 S\u00e9rie A, que \u00e9 o grande objetivo. Espero que o Z\u00e9 Ricardo consiga fazer os jogadores do Vasco superarem esse momento complicado&#8221;, disse. <\/p>\n<p><a href='\/news\/noticias16\/arquivos\/20220407-113518-1-.jpg' title='' class='thickbox fancybox' rel='ligthbox'><\/a> <\/p>\n<p>Fonte: O Dia<\/p>\n<h3 class=\"sd-title\">Compartilhe<\/h3>\n<h3 class=\"sd-title\">Like this:<\/h3>\n<p>Like Loading&#8230;<a class='sd-link-color'><\/a>  <\/p>\n<h3 class=\"jp-relatedposts-headline\">Relacionado<\/h3>\n<p>Fonte: <a href=\"\/\/vasconet.com.br\/2022\/04\/07\/mauro-galvao-a-saf-nao-pode-ser-mais-importante-que-o-clube-voltar-para-a-elite\" title=\"vasconet.com.br\/2022\/04\/07\/mauro-galvao-a-saf-nao-pode-ser-mais-importante-que-o-clube-voltar-para-a-elite\" target=\"_blank\" rel=\"bookmark noopener\"><cite>vasconet.com.br\/2022\/04\/07\/mauro-galvao-a-saf-nao-pode-ser-mais-importante-que-o-clube-voltar-para-a-elite<\/cite><\/a><\/p>\n","protected":false},"excerpt":{"rendered":"<p>SIGA-NOS Mauro Galv\u00e3o: &#8216;A SAF n\u00e3o pode ser mais importante que o clube voltar para a elite&#8217; Quinta-feira, 07\/04\/2022 &#8211;<\/p>\n","protected":false},"author":1,"featured_media":15148,"comment_status":"closed","ping_status":"closed","sticky":false,"template":"","format":"standard","meta":{"colormag_page_container_layout":"default_layout","colormag_page_sidebar_layout":"default_layout","footnotes":""},"categories":[15],"tags":[],"class_list":["post-15147","post","type-post","status-publish","format-standard","has-post-thumbnail","hentry","category-noticias"],"_links":{"self":[{"href":"https:\/\/euvivoaselecao.com.br\/index.php\/wp-json\/wp\/v2\/posts\/15147","targetHints":{"allow":["GET"]}}],"collection":[{"href":"https:\/\/euvivoaselecao.com.br\/index.php\/wp-json\/wp\/v2\/posts"}],"about":[{"href":"https:\/\/euvivoaselecao.com.br\/index.php\/wp-json\/wp\/v2\/types\/post"}],"author":[{"embeddable":true,"href":"https:\/\/euvivoaselecao.com.br\/index.php\/wp-json\/wp\/v2\/users\/1"}],"replies":[{"embeddable":true,"href":"https:\/\/euvivoaselecao.com.br\/index.php\/wp-json\/wp\/v2\/comments?post=15147"}],"version-history":[{"count":1,"href":"https:\/\/euvivoaselecao.com.br\/index.php\/wp-json\/wp\/v2\/posts\/15147\/revisions"}],"predecessor-version":[{"id":15149,"href":"https:\/\/euvivoaselecao.com.br\/index.php\/wp-json\/wp\/v2\/posts\/15147\/revisions\/15149"}],"wp:featuredmedia":[{"embeddable":true,"href":"https:\/\/euvivoaselecao.com.br\/index.php\/wp-json\/wp\/v2\/media\/15148"}],"wp:attachment":[{"href":"https:\/\/euvivoaselecao.com.br\/index.php\/wp-json\/wp\/v2\/media?parent=15147"}],"wp:term":[{"taxonomy":"category","embeddable":true,"href":"https:\/\/euvivoaselecao.com.br\/index.php\/wp-json\/wp\/v2\/categories?post=15147"},{"taxonomy":"post_tag","embeddable":true,"href":"https:\/\/euvivoaselecao.com.br\/index.php\/wp-json\/wp\/v2\/tags?post=15147"}],"curies":[{"name":"wp","href":"https:\/\/api.w.org\/{rel}","templated":true}]}}