{"id":15162,"date":"2022-04-08T02:15:29","date_gmt":"2022-04-08T05:15:29","guid":{"rendered":"https:\/\/euvivoaselecao.com.br\/?p=15162"},"modified":"2022-04-08T02:15:29","modified_gmt":"2022-04-08T05:15:29","slug":"novo-post-criado-em-08-de-apr-de-2022-as-044709-vasconet","status":"publish","type":"post","link":"https:\/\/euvivoaselecao.com.br\/index.php\/2022\/04\/08\/novo-post-criado-em-08-de-apr-de-2022-as-044709-vasconet\/","title":{"rendered":"Novo post criado em 08 de Apr de 2022 as 04:47:09 &#8211; VASCONet"},"content":{"rendered":"<p> <a href=\"https:\/\/news.google.com\/publications\/CAAqBwgKMMvIlgswru6tAw?hl=pt-BR&amp;gl=BR&amp;ceid=BR%3Apt-419\"><strong>SIGA-NOS<\/strong>  <\/a>            <\/p>\n<p>O <a href=\"https:\/\/www.gazetaesportiva.com\/times\/vasco\">Vasco<\/a> estreia nesta sexta-feira na <a href=\"https:\/\/www.gazetaesportiva.com\/campeonatos\/brasileiro-serie-b\/\">S\u00e9rie B do Campeonato Brasileiro<\/a>. Os cruzmaltinos recebem o Vila Nova, \u00e0s 19 horas (de Bras\u00edlia), em S\u00e3o Janu\u00e1rio.<\/p>\n<p>O t\u00e9cnico Z\u00e9 Ricardo foi questionado sobre a utiliza\u00e7\u00e3o do meia Nen\u00ea durante a competi\u00e7\u00e3o. O comandante admitiu que o jogador de 40 anos deve ser poupado em alguns jogos do torneio.<\/p>\n<p>&#8220;Na minha maneira de pensar, nada e ningu\u00e9m \u00e9 insubstitu\u00edvel. J\u00e1 tivemos grandes equipes com grandes \u00eddolos que marcaram \u00e9poca e que por diferentes motivos precisaram ser substitu\u00eddos. Temos que ver a for\u00e7a a do grupo. Tenho um carinho e uma admira\u00e7\u00e3o particular pelo Nen\u00ea, porque o que ele faz, pouqu\u00edssimos conseguem fazer. Isso me deixa com sentimento de admira\u00e7\u00e3o&#8221;, disse o comandante.<\/p>\n<p>&#8220;Estamos conversando, mas n\u00e3o tem como participar de todos os jogos. Nem ele nem ningu\u00e9m. Ele \u00e9 nossa refer\u00eancia t\u00e9cnica. Quando o advers\u00e1rio pensa no Vasco, invariavelmente vai pensar no Nen\u00ea. Mas por op\u00e7\u00e3o t\u00e9cnica, f\u00edsica ou t\u00e1tica a gente vai precisar ter outras op\u00e7\u00f5es&#8221;, acrescentou.<\/p>\n<\/p>\n<p>Z\u00e9 Ricardo falou da expectativa da estreia na S\u00e9rie B. O treinador teve tr\u00eas semanas para trabalhar com o elenco visando o in\u00edcio da segunda divis\u00e3o.<\/p>\n<p>&#8220;Agora \u00e9 colocar em pr\u00e1tica tudo o que trabalhamos nas \u00faltimas semanas. O Vila Nova vai impor dificuldades como todos os outros advers\u00e1rios. Ser\u00e3o jogos de alt\u00edssimo n\u00edvel, e esperamos que nosso est\u00e1dio seja um grande suporte para a gente come\u00e7ar bem a S\u00e9rie B. Vamos ter um clima de apoio, e espero que a gente corresponda, que a gente fa\u00e7a o torcedor embalar no entusiasmo que ele vem mostrando nos \u00faltimos jogos&#8221;, declarou.<\/p>\n<p>Os cruzmaltinos querem come\u00e7ar bem a S\u00e9rie B para n\u00e3o ficarem pressionados, como na temporada passada. Em 2021, o Vasco foi derrotado em S\u00e3o Janu\u00e1rio na primeira rodada para o Oper\u00e1rio.<\/p>\n<p> <a class='comentario-facebook comentario-facebook-click' href=\"#\">Deixe seu coment\u00e1rio<\/a> <\/p>\n<h3 class=\"sd-title\">Compartilhe<\/h3>\n<h3 class=\"sd-title\">Like this:<\/h3>\n<p>Like Loading&#8230;<a class='sd-link-color'><\/a>  <\/p>\n<h3 class=\"jp-relatedposts-headline\">Relacionado<\/h3>\n<p>Fonte: <a href=\"\/\/vasconet.com.br\/2022\/04\/08\/novo-post-criado-em-08-de-apr-de-2022-as-044709\" title=\"vasconet.com.br\/2022\/04\/08\/novo-post-criado-em-08-de-apr-de-2022-as-044709\" target=\"_blank\" rel=\"bookmark noopener\"><cite>vasconet.com.br\/2022\/04\/08\/novo-post-criado-em-08-de-apr-de-2022-as-044709<\/cite><\/a><\/p>\n","protected":false},"excerpt":{"rendered":"<p>SIGA-NOS O Vasco estreia nesta sexta-feira na S\u00e9rie B do Campeonato Brasileiro. Os cruzmaltinos recebem o Vila Nova, \u00e0s 19<\/p>\n","protected":false},"author":1,"featured_media":15163,"comment_status":"closed","ping_status":"closed","sticky":false,"template":"","format":"standard","meta":{"colormag_page_container_layout":"default_layout","colormag_page_sidebar_layout":"default_layout","footnotes":""},"categories":[15],"tags":[],"class_list":["post-15162","post","type-post","status-publish","format-standard","has-post-thumbnail","hentry","category-noticias"],"_links":{"self":[{"href":"https:\/\/euvivoaselecao.com.br\/index.php\/wp-json\/wp\/v2\/posts\/15162","targetHints":{"allow":["GET"]}}],"collection":[{"href":"https:\/\/euvivoaselecao.com.br\/index.php\/wp-json\/wp\/v2\/posts"}],"about":[{"href":"https:\/\/euvivoaselecao.com.br\/index.php\/wp-json\/wp\/v2\/types\/post"}],"author":[{"embeddable":true,"href":"https:\/\/euvivoaselecao.com.br\/index.php\/wp-json\/wp\/v2\/users\/1"}],"replies":[{"embeddable":true,"href":"https:\/\/euvivoaselecao.com.br\/index.php\/wp-json\/wp\/v2\/comments?post=15162"}],"version-history":[{"count":1,"href":"https:\/\/euvivoaselecao.com.br\/index.php\/wp-json\/wp\/v2\/posts\/15162\/revisions"}],"predecessor-version":[{"id":15164,"href":"https:\/\/euvivoaselecao.com.br\/index.php\/wp-json\/wp\/v2\/posts\/15162\/revisions\/15164"}],"wp:featuredmedia":[{"embeddable":true,"href":"https:\/\/euvivoaselecao.com.br\/index.php\/wp-json\/wp\/v2\/media\/15163"}],"wp:attachment":[{"href":"https:\/\/euvivoaselecao.com.br\/index.php\/wp-json\/wp\/v2\/media?parent=15162"}],"wp:term":[{"taxonomy":"category","embeddable":true,"href":"https:\/\/euvivoaselecao.com.br\/index.php\/wp-json\/wp\/v2\/categories?post=15162"},{"taxonomy":"post_tag","embeddable":true,"href":"https:\/\/euvivoaselecao.com.br\/index.php\/wp-json\/wp\/v2\/tags?post=15162"}],"curies":[{"name":"wp","href":"https:\/\/api.w.org\/{rel}","templated":true}]}}