{"id":15168,"date":"2022-04-08T06:14:30","date_gmt":"2022-04-08T09:14:30","guid":{"rendered":"https:\/\/euvivoaselecao.com.br\/?p=15168"},"modified":"2022-04-08T06:14:30","modified_gmt":"2022-04-08T09:14:30","slug":"leven-siano-recusou-convite-para-ser-candidato-a-senador-vasconet","status":"publish","type":"post","link":"https:\/\/euvivoaselecao.com.br\/index.php\/2022\/04\/08\/leven-siano-recusou-convite-para-ser-candidato-a-senador-vasconet\/","title":{"rendered":"Leven Siano recusou convite para ser candidato a senador &#8211; VASCONet"},"content":{"rendered":"<p> <a href=\"https:\/\/news.google.com\/publications\/CAAqBwgKMMvIlgswru6tAw?hl=pt-BR&amp;gl=BR&amp;ceid=BR%3Apt-419\"><strong>SIGA-NOS<\/strong>  <\/a>            <\/p>\n<p>Leven Siano recusou convite para ser candidato a senador Sexta-feira, 08\/04\/2022 &#8211; 05:27 Felippe Rocha @28FelippeRocha Curtinha: Luiz Roberto Leven Siano, protagonista dos tempos pol\u00edticos do Vasco, recebeu, no final do m\u00eas passado, convite para concorrer ao Senado Federal. O partido? O PRTB, que abrigava h\u00e1 at\u00e9 pouco tempo, o vice-presidente da rep\u00fablica, Hamilton Mour\u00e3o. A resposta: n\u00e3o. <\/p>\n<p>Leven agradeceu, mas declinou citando o esfor\u00e7o na recente campanha eleitoral vasca\u00edna; a necessidade de aten\u00e7\u00e3o ao trabalho e \u00e0 fam\u00edlia; e a gratid\u00e3o a Rom\u00e1rio, que o apoiou em meio ao imbr\u00f3glio judicial da \u00e9poca. O ex-atacante \u00e9 candidato \u00e0 reelei\u00e7\u00e3o no mesmo cargo. <\/p>\n<p>errei umas v\u00edrgulas ali, t\u00e1 loco. <\/p>\n<p>Fonte: Twitter do jornalista Felippe Rocha\/Lance<\/p>\n<h3 class=\"sd-title\">Compartilhe<\/h3>\n<h3 class=\"sd-title\">Like this:<\/h3>\n<p>Like Loading&#8230;<a class='sd-link-color'><\/a>  <\/p>\n<h3 class=\"jp-relatedposts-headline\">Relacionado<\/h3>\n<p>Fonte: <a href=\"\/\/vasconet.com.br\/2022\/04\/08\/leven-siano-recusou-convite-para-ser-candidato-a-senador\" title=\"vasconet.com.br\/2022\/04\/08\/leven-siano-recusou-convite-para-ser-candidato-a-senador\" target=\"_blank\" rel=\"bookmark noopener\"><cite>vasconet.com.br\/2022\/04\/08\/leven-siano-recusou-convite-para-ser-candidato-a-senador<\/cite><\/a><\/p>\n","protected":false},"excerpt":{"rendered":"<p>SIGA-NOS Leven Siano recusou convite para ser candidato a senador Sexta-feira, 08\/04\/2022 &#8211; 05:27 Felippe Rocha @28FelippeRocha Curtinha: Luiz Roberto<\/p>\n","protected":false},"author":1,"featured_media":15169,"comment_status":"closed","ping_status":"closed","sticky":false,"template":"","format":"standard","meta":{"colormag_page_container_layout":"default_layout","colormag_page_sidebar_layout":"default_layout","footnotes":""},"categories":[15],"tags":[],"class_list":["post-15168","post","type-post","status-publish","format-standard","has-post-thumbnail","hentry","category-noticias"],"_links":{"self":[{"href":"https:\/\/euvivoaselecao.com.br\/index.php\/wp-json\/wp\/v2\/posts\/15168","targetHints":{"allow":["GET"]}}],"collection":[{"href":"https:\/\/euvivoaselecao.com.br\/index.php\/wp-json\/wp\/v2\/posts"}],"about":[{"href":"https:\/\/euvivoaselecao.com.br\/index.php\/wp-json\/wp\/v2\/types\/post"}],"author":[{"embeddable":true,"href":"https:\/\/euvivoaselecao.com.br\/index.php\/wp-json\/wp\/v2\/users\/1"}],"replies":[{"embeddable":true,"href":"https:\/\/euvivoaselecao.com.br\/index.php\/wp-json\/wp\/v2\/comments?post=15168"}],"version-history":[{"count":1,"href":"https:\/\/euvivoaselecao.com.br\/index.php\/wp-json\/wp\/v2\/posts\/15168\/revisions"}],"predecessor-version":[{"id":15170,"href":"https:\/\/euvivoaselecao.com.br\/index.php\/wp-json\/wp\/v2\/posts\/15168\/revisions\/15170"}],"wp:featuredmedia":[{"embeddable":true,"href":"https:\/\/euvivoaselecao.com.br\/index.php\/wp-json\/wp\/v2\/media\/15169"}],"wp:attachment":[{"href":"https:\/\/euvivoaselecao.com.br\/index.php\/wp-json\/wp\/v2\/media?parent=15168"}],"wp:term":[{"taxonomy":"category","embeddable":true,"href":"https:\/\/euvivoaselecao.com.br\/index.php\/wp-json\/wp\/v2\/categories?post=15168"},{"taxonomy":"post_tag","embeddable":true,"href":"https:\/\/euvivoaselecao.com.br\/index.php\/wp-json\/wp\/v2\/tags?post=15168"}],"curies":[{"name":"wp","href":"https:\/\/api.w.org\/{rel}","templated":true}]}}