{"id":15188,"date":"2022-04-08T18:15:50","date_gmt":"2022-04-08T21:15:50","guid":{"rendered":"https:\/\/euvivoaselecao.com.br\/?p=15188"},"modified":"2022-04-08T18:15:50","modified_gmt":"2022-04-08T21:15:50","slug":"confira-a-escalacao-do-vasco-para-o-jogo-contra-o-vila-nova-pela-estreia-da-serie-b-vasconet","status":"publish","type":"post","link":"https:\/\/euvivoaselecao.com.br\/index.php\/2022\/04\/08\/confira-a-escalacao-do-vasco-para-o-jogo-contra-o-vila-nova-pela-estreia-da-serie-b-vasconet\/","title":{"rendered":"Confira a escala\u00e7\u00e3o do Vasco para o jogo contra o Vila Nova, pela estreia da S\u00e9rie B &#8211; VASCONet"},"content":{"rendered":"<p> <a href=\"https:\/\/news.google.com\/publications\/CAAqBwgKMMvIlgswru6tAw?hl=pt-BR&amp;gl=BR&amp;ceid=BR%3Apt-419\"><strong>SIGA-NOS<\/strong>  <\/a>            <\/p>\n<p>Confira a escala\u00e7\u00e3o do Vasco para o jogo contra o Vila Nova, pela estreia da S\u00e9rie B Sexta-feira, 08\/04\/2022 &#8211; 18:01 Vasco da Gama @VascodaGama O Gigante da Colina est\u00e1 escalado para a estreia! <\/p>\n<p>#VASxVIL #Brasileiro2022NaVascoTV #VascoDaGama <\/p>\n<p><a href='\/news\/noticias16\/arquivos\/20220408-180115-1-1-.jpg' title='' class='thickbox fancybox' rel='ligthbox'><\/a> <\/p>\n<p>Fonte: Twitter oficial do Vasco<\/p>\n<h3 class=\"sd-title\">Compartilhe<\/h3>\n<h3 class=\"sd-title\">Like this:<\/h3>\n<p>Like Loading&#8230;<a class='sd-link-color'><\/a>  <\/p>\n<h3 class=\"jp-relatedposts-headline\">Relacionado<\/h3>\n<p>Fonte: <a href=\"\/\/vasconet.com.br\/2022\/04\/08\/confira-a-escalacao-do-vasco-para-o-jogo-contra-o-vila-nova-pela-estreia-da-serie-b\" title=\"vasconet.com.br\/2022\/04\/08\/confira-a-escalacao-do-vasco-para-o-jogo-contra-o-vila-nova-pela-estreia-da-serie-b\" target=\"_blank\" rel=\"bookmark noopener\"><cite>vasconet.com.br\/2022\/04\/08\/confira-a-escalacao-do-vasco-para-o-jogo-contra-o-vila-nova-pela-estreia-da-serie-b<\/cite><\/a><\/p>\n","protected":false},"excerpt":{"rendered":"<p>SIGA-NOS Confira a escala\u00e7\u00e3o do Vasco para o jogo contra o Vila Nova, pela estreia da S\u00e9rie B Sexta-feira, 08\/04\/2022<\/p>\n","protected":false},"author":1,"featured_media":15189,"comment_status":"closed","ping_status":"closed","sticky":false,"template":"","format":"standard","meta":{"colormag_page_container_layout":"default_layout","colormag_page_sidebar_layout":"default_layout","footnotes":""},"categories":[15],"tags":[],"class_list":["post-15188","post","type-post","status-publish","format-standard","has-post-thumbnail","hentry","category-noticias"],"_links":{"self":[{"href":"https:\/\/euvivoaselecao.com.br\/index.php\/wp-json\/wp\/v2\/posts\/15188","targetHints":{"allow":["GET"]}}],"collection":[{"href":"https:\/\/euvivoaselecao.com.br\/index.php\/wp-json\/wp\/v2\/posts"}],"about":[{"href":"https:\/\/euvivoaselecao.com.br\/index.php\/wp-json\/wp\/v2\/types\/post"}],"author":[{"embeddable":true,"href":"https:\/\/euvivoaselecao.com.br\/index.php\/wp-json\/wp\/v2\/users\/1"}],"replies":[{"embeddable":true,"href":"https:\/\/euvivoaselecao.com.br\/index.php\/wp-json\/wp\/v2\/comments?post=15188"}],"version-history":[{"count":1,"href":"https:\/\/euvivoaselecao.com.br\/index.php\/wp-json\/wp\/v2\/posts\/15188\/revisions"}],"predecessor-version":[{"id":15190,"href":"https:\/\/euvivoaselecao.com.br\/index.php\/wp-json\/wp\/v2\/posts\/15188\/revisions\/15190"}],"wp:featuredmedia":[{"embeddable":true,"href":"https:\/\/euvivoaselecao.com.br\/index.php\/wp-json\/wp\/v2\/media\/15189"}],"wp:attachment":[{"href":"https:\/\/euvivoaselecao.com.br\/index.php\/wp-json\/wp\/v2\/media?parent=15188"}],"wp:term":[{"taxonomy":"category","embeddable":true,"href":"https:\/\/euvivoaselecao.com.br\/index.php\/wp-json\/wp\/v2\/categories?post=15188"},{"taxonomy":"post_tag","embeddable":true,"href":"https:\/\/euvivoaselecao.com.br\/index.php\/wp-json\/wp\/v2\/tags?post=15188"}],"curies":[{"name":"wp","href":"https:\/\/api.w.org\/{rel}","templated":true}]}}