{"id":15935,"date":"2022-04-19T07:15:01","date_gmt":"2022-04-19T10:15:01","guid":{"rendered":"https:\/\/euvivoaselecao.com.br\/?p=15935"},"modified":"2022-04-19T07:15:01","modified_gmt":"2022-04-19T10:15:01","slug":"karate-vascainos-participaram-de-treinamento-especial-para-a-seletiva-nacional-vasconet","status":"publish","type":"post","link":"https:\/\/euvivoaselecao.com.br\/index.php\/2022\/04\/19\/karate-vascainos-participaram-de-treinamento-especial-para-a-seletiva-nacional-vasconet\/","title":{"rendered":"Karate: Vasca\u00ednos participaram de treinamento especial para a Seletiva Nacional &#8211; VASCONet"},"content":{"rendered":"<p> <a href=\"https:\/\/news.google.com\/publications\/CAAqBwgKMMvIlgswru6tAw?hl=pt-BR&amp;gl=BR&amp;ceid=BR%3Apt-419\"><strong>SIGA-NOS<\/strong>  <\/a>            <\/p>\n<p>Karate: Vasca\u00ednos participaram de treinamento especial para a Seletiva Nacional Ter\u00e7a-feira, 19\/04\/2022 &#8211; 05:33 Caratecas que competem pelo Vasco da Gama e que s\u00e3o vinculados ao projeto Karat\u00ea Cidade Alta participaram de treinamento especial para a seletiva da sele\u00e7\u00e3o brasileira da modalidade. A iniciativa foi apoiada pelo Rotary Club do Rio de Janeiro\/Mercado S\u00e3o Sebasti\u00e3o. <\/p>\n<p>O fato foi destacado na \u00faltima revista publicada pelo Rotary Club do Brasil que possui alcance nacional. <\/p>\n<p>O Karat\u00ea do Vasco tem se destacado em diversas competi\u00e7\u00f5es e revelado atletas de ponta. <\/p>\n<p>Fuzarca! <\/p>\n<p><a href=\"\/news\/noticias16\/arquivos\/20220418-225115-1-.png\" title=\"\" class=\"thickbox fancybox\" rel=\"ligthbox\"><\/a> <\/p>\n<p>Fonte: Fuzarca (texto), Revista Rotary Brasil (imagem)<\/p>\n<h3 class=\"sd-title\">Compartilhe<\/h3>\n<h3 class=\"sd-title\">Like this:<\/h3>\n<p>Like Loading&#8230;<a class='sd-link-color'><\/a>  <\/p>\n<h3 class=\"jp-relatedposts-headline\">Relacionado<\/h3>\n<p>Fonte: <a href=\"\/\/vasconet.com.br\/2022\/04\/19\/karate-vascainos-participaram-de-treinamento-especial-para-a-seletiva-nacional\" title=\"vasconet.com.br\/2022\/04\/19\/karate-vascainos-participaram-de-treinamento-especial-para-a-seletiva-nacional\" target=\"_blank\" rel=\"bookmark noopener\"><cite>vasconet.com.br\/2022\/04\/19\/karate-vascainos-participaram-de-treinamento-especial-para-a-seletiva-nacional<\/cite><\/a><\/p>\n","protected":false},"excerpt":{"rendered":"<p>SIGA-NOS Karate: Vasca\u00ednos participaram de treinamento especial para a Seletiva Nacional Ter\u00e7a-feira, 19\/04\/2022 &#8211; 05:33 Caratecas que competem pelo Vasco<\/p>\n","protected":false},"author":1,"featured_media":15936,"comment_status":"closed","ping_status":"closed","sticky":false,"template":"","format":"standard","meta":{"colormag_page_container_layout":"default_layout","colormag_page_sidebar_layout":"default_layout","footnotes":""},"categories":[15],"tags":[],"class_list":["post-15935","post","type-post","status-publish","format-standard","has-post-thumbnail","hentry","category-noticias"],"_links":{"self":[{"href":"https:\/\/euvivoaselecao.com.br\/index.php\/wp-json\/wp\/v2\/posts\/15935","targetHints":{"allow":["GET"]}}],"collection":[{"href":"https:\/\/euvivoaselecao.com.br\/index.php\/wp-json\/wp\/v2\/posts"}],"about":[{"href":"https:\/\/euvivoaselecao.com.br\/index.php\/wp-json\/wp\/v2\/types\/post"}],"author":[{"embeddable":true,"href":"https:\/\/euvivoaselecao.com.br\/index.php\/wp-json\/wp\/v2\/users\/1"}],"replies":[{"embeddable":true,"href":"https:\/\/euvivoaselecao.com.br\/index.php\/wp-json\/wp\/v2\/comments?post=15935"}],"version-history":[{"count":1,"href":"https:\/\/euvivoaselecao.com.br\/index.php\/wp-json\/wp\/v2\/posts\/15935\/revisions"}],"predecessor-version":[{"id":15937,"href":"https:\/\/euvivoaselecao.com.br\/index.php\/wp-json\/wp\/v2\/posts\/15935\/revisions\/15937"}],"wp:featuredmedia":[{"embeddable":true,"href":"https:\/\/euvivoaselecao.com.br\/index.php\/wp-json\/wp\/v2\/media\/15936"}],"wp:attachment":[{"href":"https:\/\/euvivoaselecao.com.br\/index.php\/wp-json\/wp\/v2\/media?parent=15935"}],"wp:term":[{"taxonomy":"category","embeddable":true,"href":"https:\/\/euvivoaselecao.com.br\/index.php\/wp-json\/wp\/v2\/categories?post=15935"},{"taxonomy":"post_tag","embeddable":true,"href":"https:\/\/euvivoaselecao.com.br\/index.php\/wp-json\/wp\/v2\/tags?post=15935"}],"curies":[{"name":"wp","href":"https:\/\/api.w.org\/{rel}","templated":true}]}}