{"id":16119,"date":"2022-04-21T19:14:44","date_gmt":"2022-04-21T22:14:44","guid":{"rendered":"https:\/\/euvivoaselecao.com.br\/?p=16119"},"modified":"2022-04-21T19:14:44","modified_gmt":"2022-04-21T22:14:44","slug":"ira-jovem-fez-cobrancas-a-ze-ricardo-carlos-brazil-e-nene-no-embarque-do-time-para-chapeco-veja-videos-vasconet","status":"publish","type":"post","link":"https:\/\/euvivoaselecao.com.br\/index.php\/2022\/04\/21\/ira-jovem-fez-cobrancas-a-ze-ricardo-carlos-brazil-e-nene-no-embarque-do-time-para-chapeco-veja-videos-vasconet\/","title":{"rendered":"Ira Jovem fez cobran\u00e7as a Z\u00e9 Ricardo, Carlos Brazil e Nen\u00ea no embarque do time para Chapec\u00f3; veja v\u00eddeos &#8211; VASCONet"},"content":{"rendered":"<p> <a href=\"https:\/\/news.google.com\/publications\/CAAqBwgKMMvIlgswru6tAw?hl=pt-BR&amp;gl=BR&amp;ceid=BR%3Apt-419\"><strong>SIGA-NOS<\/strong>  <\/a>            <\/p>\n<p>Ira Jovem fez cobran\u00e7as a Z\u00e9 Ricardo, Carlos Brazil e Nen\u00ea no embarque do time para Chapec\u00f3; veja v\u00eddeos Quinta-feira, 21\/04\/2022 &#8211; 17:08 Fl\u00e1vio Amendola @flavioamendola A torcida organizada Ira Jovem, do Vasco, protestou nesta quinta-feira feira contra o mau momento da equipe na temporada. <\/p>\n<p>Nos v\u00eddeos, \u00e9 poss\u00edvel ver que o meia Nen\u00ea e o t\u00e9cnico Z\u00e9 Ricardo pararam pra falar com os torcedores. <\/p>\n<p>Nenhuma agress\u00e3o foi registrada. (+) @osdonosdabolarj <\/p>\n<p>Fonte: Twitter do jornalista Fl\u00e1vio Amendola\/Band <\/p>\n<p>Arena Cruzmaltina @are_cruzmaltina A torcida organizada &#8216;Ira Jovem&#8217; foi ao embarque do Vasco antes da partida contra a Chapecoense. <\/p>\n<p>O t\u00e9cnico Z\u00e9 Ricardo, o dirigente Carlos Brazil e o Nen\u00ea foram cobrados. <\/p>\n<h3 class=\"sd-title\">Compartilhe<\/h3>\n<h3 class=\"sd-title\">Like this:<\/h3>\n<p>Like Loading&#8230;<a class='sd-link-color'><\/a>  <\/p>\n<h3 class=\"jp-relatedposts-headline\">Relacionado<\/h3>\n<p>Fonte: <a href=\"\/\/vasconet.com.br\/2022\/04\/21\/ira-jovem-fez-cobrancas-a-ze-ricardo-carlos-brazil-e-nene-no-embarque-do-time-para-chapeco-veja-videos\" title=\"vasconet.com.br\/2022\/04\/21\/ira-jovem-fez-cobrancas-a-ze-ricardo-carlos-brazil-e-nene-no-embarque-do-time-para-chapeco-veja-videos\" target=\"_blank\" rel=\"bookmark noopener\"><cite>vasconet.com.br\/2022\/04\/21\/ira-jovem-fez-cobrancas-a-ze-ricardo-carlos-brazil-e-nene-no-embarque-do-time-para-chapeco-veja-videos<\/cite><\/a><\/p>\n","protected":false},"excerpt":{"rendered":"<p>SIGA-NOS Ira Jovem fez cobran\u00e7as a Z\u00e9 Ricardo, Carlos Brazil e Nen\u00ea no embarque do time para Chapec\u00f3; veja v\u00eddeos<\/p>\n","protected":false},"author":1,"featured_media":16120,"comment_status":"closed","ping_status":"closed","sticky":false,"template":"","format":"standard","meta":{"colormag_page_container_layout":"default_layout","colormag_page_sidebar_layout":"default_layout","footnotes":""},"categories":[15],"tags":[],"class_list":["post-16119","post","type-post","status-publish","format-standard","has-post-thumbnail","hentry","category-noticias"],"_links":{"self":[{"href":"https:\/\/euvivoaselecao.com.br\/index.php\/wp-json\/wp\/v2\/posts\/16119","targetHints":{"allow":["GET"]}}],"collection":[{"href":"https:\/\/euvivoaselecao.com.br\/index.php\/wp-json\/wp\/v2\/posts"}],"about":[{"href":"https:\/\/euvivoaselecao.com.br\/index.php\/wp-json\/wp\/v2\/types\/post"}],"author":[{"embeddable":true,"href":"https:\/\/euvivoaselecao.com.br\/index.php\/wp-json\/wp\/v2\/users\/1"}],"replies":[{"embeddable":true,"href":"https:\/\/euvivoaselecao.com.br\/index.php\/wp-json\/wp\/v2\/comments?post=16119"}],"version-history":[{"count":1,"href":"https:\/\/euvivoaselecao.com.br\/index.php\/wp-json\/wp\/v2\/posts\/16119\/revisions"}],"predecessor-version":[{"id":16121,"href":"https:\/\/euvivoaselecao.com.br\/index.php\/wp-json\/wp\/v2\/posts\/16119\/revisions\/16121"}],"wp:featuredmedia":[{"embeddable":true,"href":"https:\/\/euvivoaselecao.com.br\/index.php\/wp-json\/wp\/v2\/media\/16120"}],"wp:attachment":[{"href":"https:\/\/euvivoaselecao.com.br\/index.php\/wp-json\/wp\/v2\/media?parent=16119"}],"wp:term":[{"taxonomy":"category","embeddable":true,"href":"https:\/\/euvivoaselecao.com.br\/index.php\/wp-json\/wp\/v2\/categories?post=16119"},{"taxonomy":"post_tag","embeddable":true,"href":"https:\/\/euvivoaselecao.com.br\/index.php\/wp-json\/wp\/v2\/tags?post=16119"}],"curies":[{"name":"wp","href":"https:\/\/api.w.org\/{rel}","templated":true}]}}