{"id":16309,"date":"2022-04-24T09:15:53","date_gmt":"2022-04-24T12:15:53","guid":{"rendered":"https:\/\/euvivoaselecao.com.br\/?p=16309"},"modified":"2022-04-24T09:15:53","modified_gmt":"2022-04-24T12:15:53","slug":"vasco-teve-24-dias-de-treino-em-5-semanas-desde-a-eliminacao-no-campeonato-estadual-vasconet","status":"publish","type":"post","link":"https:\/\/euvivoaselecao.com.br\/index.php\/2022\/04\/24\/vasco-teve-24-dias-de-treino-em-5-semanas-desde-a-eliminacao-no-campeonato-estadual-vasconet\/","title":{"rendered":"Vasco teve 24 dias de treino em 5 semanas desde a elimina\u00e7\u00e3o no Campeonato Estadual &#8211; VASCONet"},"content":{"rendered":"<p> <a href=\"https:\/\/news.google.com\/publications\/CAAqBwgKMMvIlgswru6tAw?hl=pt-BR&amp;gl=BR&amp;ceid=BR%3Apt-419\"><strong>SIGA-NOS<\/strong>  <\/a>            <\/p>\n<p>Vasco teve 24 dias de treino em 5 semanas desde a elimina\u00e7\u00e3o no Campeonato Estadual Domingo, 24\/04\/2022 &#8211; 08:37 D\u00e9cimo quarto colocado na S\u00e9rie B do Brasileir\u00e3o, com tr\u00eas pontos conquistados em tr\u00eas rodadas, o Vasco vive um momento complicado na temporada. A press\u00e3o se d\u00e1 por causa dos resultados (tr\u00eas empates), mas \u00e9 tamb\u00e9m consequ\u00eancia do desempenho apresentado pela equipe &#8211; embora o t\u00e9cnico Z\u00e9 Ricardo n\u00e3o possa reclamar de falta de tempo para treinar. <\/p>\n<p>As atua\u00e7\u00f5es do Vasco v\u00eam sendo alvo de cr\u00edtica n\u00e3o s\u00f3 da torcida, mas tamb\u00e9m internamente. Em reuni\u00e3o com conselheiros aliados na \u00faltima ter\u00e7a-feira, o presidente Jorge Salgado ouviu cobran\u00e7as por uma rea\u00e7\u00e3o imediata e respondeu, entre outras coisas, que enxerga uma perspectiva de melhora no trabalho do treinador. <\/p>\n<p>Eliminado na semifinal do Campeonato Carioca e na terceira fase da Copa do Brasil, o Vasco teve as \u00faltimas cinco semanas completas para focar no treinamento, sem jogos no meio delas. A aus\u00eancia em outras competi\u00e7\u00f5es sen\u00e3o a S\u00e9rie B deu a Z\u00e9 Ricardo uma oportunidade rara no futebol brasileiro, cujo calend\u00e1rio apertado \u00e9 hostilizado a cada rodada. <\/p>\n<p>Desde que saiu do estadual, o Vasco teve, ao todo, 24 dias de treino. Os \u00fanicos jogos nesse per\u00edodo foram os empates com Vila Nova, CRB e Chapecoense, todos pela S\u00e9rie B. <\/p>\n<p>N\u00e3o entram nessa conta os dias seguintes \u00e0s partidas, utilizados pela comiss\u00e3o t\u00e9cnica ou para reabilitar os jogadores que atuaram ou para voltar de viagem. Nas duas vezes em que jogou fora, o Vasco treinou de manh\u00e3 antes de viajar: no dia 14, quando foi para Macei\u00f3, e no dia 21, quando foi para Chapec\u00f3. <\/p>\n<p>Por outro lado, Z\u00e9 Ricardo aproveitou alguns dias para dar treino em dois per\u00edodos, como aconteceu nos dias 29 e 31 de mar\u00e7o, de acordo com a planejamento do departamento de futebol divulgado pelo clube toda semana. <\/p>\n<p><b>Veja como foi a programa\u00e7\u00e3o desde a sa\u00edda do Carioca:<\/b> <\/p>\n<p>\u2022\tSemana 1 &#8211; O elenco folgou segunda e ter\u00e7a e treinou no restante dos dias. <\/p>\n<p>\u2022\tSemana 2 &#8211; Elenco treinou de segunda a s\u00e1bado, incluindo duas vezes em per\u00edodo integral, e folgou no domingo. <\/p>\n<p>\u2022\tSemana 3 &#8211; Treinos segunda, ter\u00e7a, quarta e quinta e jogo contra o Vila Nova na sexta. Reabilita\u00e7\u00e3o no s\u00e1bado e folga no domingo. <\/p>\n<p>\u2022\tSemana 4 &#8211; Treinos segunda, ter\u00e7a, quarta e quinta de manh\u00e3 (\u00e0 tarde, viagem). Treinou sexta em Macei\u00f3. No s\u00e1bado, jogo contra o CRB. E, no domingo, viagem de volta. <\/p>\n<p>\u2022\tSemana 5 &#8211; Treinos segunda, ter\u00e7a, quarta e quinta de manh\u00e3 (\u00e0 tarde, viagem para Chapec\u00f3). Jogo contra a Chapecoense na sexta e viagem de volta no s\u00e1bado. Jogadores treinam neste domingo. <\/p>\n<p>O Vasco, agora, ter\u00e1 dois compromissos pela S\u00e9rie B em um per\u00edodo menor de tempo: enfrenta a Ponte Preta na quarta-feira e a Tombense no domingo. Em seguida, ter\u00e1 mais uma semana cheia at\u00e9 o confronto contra o CSA, no s\u00e1bado seguinte, em S\u00e3o Janu\u00e1rio. <\/p>\n<p>&#8211; No futebol, \u00e0s vezes, as coisas n\u00e3o acontecem da forma como queremos. Sei que \u00e9 uma situa\u00e7\u00e3o dura a do Vasco. Existem cicatrizes abertas e acabamos pegando muito dessa rebarba. L\u00f3gico que temos que melhorar e evoluir. Mas s\u00f3 vejo isso acontecendo com trabalho, n\u00e3o vejo outra maneira. Acredito muito nesse grupo. Quem acompanha sabe o quanto ele se dedica &#8211; disse o comandante depois do empate com a Chape na sexta. <\/p>\n<p><b>Pior in\u00edcio na S\u00e9rie B<\/b> <\/p>\n<p>O Vasco nunca havia come\u00e7ado t\u00e3o mal uma S\u00e9rie B de Brasileiro como em 2022. Os 33.3% de aproveitamento at\u00e9 aqui s\u00e3o piores at\u00e9 que o rendimento da equipe no ano passado, quando n\u00e3o conseguiu o acesso no fim da temporada. <\/p>\n<p>Em 2009, o clube venceu seus tr\u00eas primeiros jogos: contra Brasiliense, Cear\u00e1 e Atl\u00e9tico-GO. Cinco anos depois, em 2014, o aproveitamento nas tr\u00eas primeiras rodadas foi de um empate (Am\u00e9rica-MG), uma derrota (Luverdense) e uma vit\u00f3ria (Atl\u00e9tico-GO). <\/p>\n<p>J\u00e1 em 2016, o Vasco come\u00e7ou sua caminhada na S\u00e9rie B com goleada por 4 a 0 sobre o Sampaio Corr\u00eaa no Maranh\u00e3o. Em seguida, venceu em sequ\u00eancia o Tupi e o Vila Nova. E no ano passado, depois de perder para o Oper\u00e1rio na estreia, a equipe empatou com a Ponte Preta e derrotou o Brasil de Pelotas fora de casa. <\/p>\n<p><a href=\"\/news\/noticias16\/arquivos\/20220424-043543-1-observado-por-yuri-lara-ze-ricardo-orienta-jogadores-durante-treino-do-vasco.jpg\" title=\"Observado por Yuri Lara, Z\u00e9 Ricardo orienta jogadores durante treino do Vasco\" class=\"thickbox fancybox\" rel=\"ligthbox\">Observado por Yuri Lara, Z\u00e9 Ricardo orienta jogadores durante treino do Vasco<\/a> <\/p>\n<p>Fonte: ge<\/p>\n<h3 class=\"sd-title\">Compartilhe<\/h3>\n<h3 class=\"sd-title\">Like this:<\/h3>\n<p>Like Loading&#8230;<a class='sd-link-color'><\/a>  <\/p>\n<h3 class=\"jp-relatedposts-headline\">Relacionado<\/h3>\n<p>Fonte: <a href=\"\/\/vasconet.com.br\/2022\/04\/24\/vasco-teve-24-dias-de-treino-em-5-semanas-desde-a-eliminacao-no-campeonato-estadual\" title=\"vasconet.com.br\/2022\/04\/24\/vasco-teve-24-dias-de-treino-em-5-semanas-desde-a-eliminacao-no-campeonato-estadual\" target=\"_blank\" rel=\"bookmark noopener\"><cite>vasconet.com.br\/2022\/04\/24\/vasco-teve-24-dias-de-treino-em-5-semanas-desde-a-eliminacao-no-campeonato-estadual<\/cite><\/a><\/p>\n","protected":false},"excerpt":{"rendered":"<p>SIGA-NOS Vasco teve 24 dias de treino em 5 semanas desde a elimina\u00e7\u00e3o no Campeonato Estadual Domingo, 24\/04\/2022 &#8211; 08:37<\/p>\n","protected":false},"author":1,"featured_media":16310,"comment_status":"closed","ping_status":"closed","sticky":false,"template":"","format":"standard","meta":{"colormag_page_container_layout":"default_layout","colormag_page_sidebar_layout":"default_layout","footnotes":""},"categories":[15],"tags":[],"class_list":["post-16309","post","type-post","status-publish","format-standard","has-post-thumbnail","hentry","category-noticias"],"_links":{"self":[{"href":"https:\/\/euvivoaselecao.com.br\/index.php\/wp-json\/wp\/v2\/posts\/16309","targetHints":{"allow":["GET"]}}],"collection":[{"href":"https:\/\/euvivoaselecao.com.br\/index.php\/wp-json\/wp\/v2\/posts"}],"about":[{"href":"https:\/\/euvivoaselecao.com.br\/index.php\/wp-json\/wp\/v2\/types\/post"}],"author":[{"embeddable":true,"href":"https:\/\/euvivoaselecao.com.br\/index.php\/wp-json\/wp\/v2\/users\/1"}],"replies":[{"embeddable":true,"href":"https:\/\/euvivoaselecao.com.br\/index.php\/wp-json\/wp\/v2\/comments?post=16309"}],"version-history":[{"count":1,"href":"https:\/\/euvivoaselecao.com.br\/index.php\/wp-json\/wp\/v2\/posts\/16309\/revisions"}],"predecessor-version":[{"id":16311,"href":"https:\/\/euvivoaselecao.com.br\/index.php\/wp-json\/wp\/v2\/posts\/16309\/revisions\/16311"}],"wp:featuredmedia":[{"embeddable":true,"href":"https:\/\/euvivoaselecao.com.br\/index.php\/wp-json\/wp\/v2\/media\/16310"}],"wp:attachment":[{"href":"https:\/\/euvivoaselecao.com.br\/index.php\/wp-json\/wp\/v2\/media?parent=16309"}],"wp:term":[{"taxonomy":"category","embeddable":true,"href":"https:\/\/euvivoaselecao.com.br\/index.php\/wp-json\/wp\/v2\/categories?post=16309"},{"taxonomy":"post_tag","embeddable":true,"href":"https:\/\/euvivoaselecao.com.br\/index.php\/wp-json\/wp\/v2\/tags?post=16309"}],"curies":[{"name":"wp","href":"https:\/\/api.w.org\/{rel}","templated":true}]}}