{"id":17931,"date":"2022-05-17T21:14:26","date_gmt":"2022-05-18T00:14:26","guid":{"rendered":"https:\/\/euvivoaselecao.com.br\/?p=17931"},"modified":"2022-05-17T21:14:26","modified_gmt":"2022-05-18T00:14:26","slug":"figueiredo-e-eleito-o-cara-da-galera-da-7a-rodada-da-serie-b-vasconet","status":"publish","type":"post","link":"https:\/\/euvivoaselecao.com.br\/index.php\/2022\/05\/17\/figueiredo-e-eleito-o-cara-da-galera-da-7a-rodada-da-serie-b-vasconet\/","title":{"rendered":"Figueiredo \u00e9 eleito o &#039;cara&#039; da galera da 7\u00aa rodada da S\u00e9rie B &#8211; VASCONet"},"content":{"rendered":"<p> <a href=\"https:\/\/news.google.com\/publications\/CAAqBwgKMMvIlgswru6tAw?hl=pt-BR&amp;gl=BR&amp;ceid=BR%3Apt-419\"><strong>SIGA-NOS<\/strong>  <\/a>            <\/p>\n<p>Figueiredo \u00e9 eleito o &#8216;cara&#8217; da galera da 7\u00aa rodada da S\u00e9rie B Ter\u00e7a-feira, 17\/05\/2022 &#8211; 20:02 Brasileir\u00e3o SportingBet &#8211; S\u00e9rie B @BrasileiraoB \u00c9 O CRIA DA COLINA! \ud83d\udca2 <\/p>\n<p>Um fogueta\u00e7o da intermedi\u00e1ria, o primeiro gol como profissional e mais tr\u00eas pontos pro @VascodaGama! <\/p>\n<p>Essa foi a receita pro @lfigueiredo01 ser escolhido por voc\u00eas o #CaradaGalera da 7\u00aa rodada! <\/p>\n<p>Parab\u00e9ns, Figueiredo! \ud83d\ude80 <\/p>\n<p><a href='\/news\/noticias16\/arquivos\/20220517-194130-1-1-.jpg' title='' class='thickbox fancybox' rel='ligthbox'><\/a> <\/p>\n<p>Fonte: Twitter do Campeonato Brasileiro da S\u00e9rie B<\/p>\n<h3 class=\"sd-title\">Compartilhe<\/h3>\n<h3 class=\"sd-title\">Like this:<\/h3>\n<p>Like Loading&#8230;<a class='sd-link-color'><\/a>  <\/p>\n<h3 class=\"jp-relatedposts-headline\">Relacionado<\/h3>\n<p>Fonte: <a href=\"\/\/vasconet.com.br\/2022\/05\/17\/figueiredo-e-eleito-o-cara-da-galera-da-7a-rodada-da-serie-b\" title=\"vasconet.com.br\/2022\/05\/17\/figueiredo-e-eleito-o-cara-da-galera-da-7a-rodada-da-serie-b\" target=\"_blank\" rel=\"bookmark noopener\"><cite>vasconet.com.br\/2022\/05\/17\/figueiredo-e-eleito-o-cara-da-galera-da-7a-rodada-da-serie-b<\/cite><\/a><\/p>\n","protected":false},"excerpt":{"rendered":"<p>SIGA-NOS Figueiredo \u00e9 eleito o &#8216;cara&#8217; da galera da 7\u00aa rodada da S\u00e9rie B Ter\u00e7a-feira, 17\/05\/2022 &#8211; 20:02 Brasileir\u00e3o SportingBet<\/p>\n","protected":false},"author":1,"featured_media":17932,"comment_status":"closed","ping_status":"closed","sticky":false,"template":"","format":"standard","meta":{"colormag_page_container_layout":"default_layout","colormag_page_sidebar_layout":"default_layout","footnotes":""},"categories":[15],"tags":[],"class_list":["post-17931","post","type-post","status-publish","format-standard","has-post-thumbnail","hentry","category-noticias"],"_links":{"self":[{"href":"https:\/\/euvivoaselecao.com.br\/index.php\/wp-json\/wp\/v2\/posts\/17931","targetHints":{"allow":["GET"]}}],"collection":[{"href":"https:\/\/euvivoaselecao.com.br\/index.php\/wp-json\/wp\/v2\/posts"}],"about":[{"href":"https:\/\/euvivoaselecao.com.br\/index.php\/wp-json\/wp\/v2\/types\/post"}],"author":[{"embeddable":true,"href":"https:\/\/euvivoaselecao.com.br\/index.php\/wp-json\/wp\/v2\/users\/1"}],"replies":[{"embeddable":true,"href":"https:\/\/euvivoaselecao.com.br\/index.php\/wp-json\/wp\/v2\/comments?post=17931"}],"version-history":[{"count":1,"href":"https:\/\/euvivoaselecao.com.br\/index.php\/wp-json\/wp\/v2\/posts\/17931\/revisions"}],"predecessor-version":[{"id":17933,"href":"https:\/\/euvivoaselecao.com.br\/index.php\/wp-json\/wp\/v2\/posts\/17931\/revisions\/17933"}],"wp:featuredmedia":[{"embeddable":true,"href":"https:\/\/euvivoaselecao.com.br\/index.php\/wp-json\/wp\/v2\/media\/17932"}],"wp:attachment":[{"href":"https:\/\/euvivoaselecao.com.br\/index.php\/wp-json\/wp\/v2\/media?parent=17931"}],"wp:term":[{"taxonomy":"category","embeddable":true,"href":"https:\/\/euvivoaselecao.com.br\/index.php\/wp-json\/wp\/v2\/categories?post=17931"},{"taxonomy":"post_tag","embeddable":true,"href":"https:\/\/euvivoaselecao.com.br\/index.php\/wp-json\/wp\/v2\/tags?post=17931"}],"curies":[{"name":"wp","href":"https:\/\/api.w.org\/{rel}","templated":true}]}}