{"id":17939,"date":"2022-05-18T00:14:41","date_gmt":"2022-05-18T03:14:41","guid":{"rendered":"https:\/\/euvivoaselecao.com.br\/?p=17939"},"modified":"2022-05-18T00:14:41","modified_gmt":"2022-05-18T03:14:41","slug":"assista-e-veja-fotos-vasco-apresenta-suas-camisas-de-goleiro-para-2022","status":"publish","type":"post","link":"https:\/\/euvivoaselecao.com.br\/index.php\/2022\/05\/18\/assista-e-veja-fotos-vasco-apresenta-suas-camisas-de-goleiro-para-2022\/","title":{"rendered":"ASSISTA E VEJA FOTOS: Vasco apresenta suas camisas de goleiro para 2022"},"content":{"rendered":"<p>Vasco apresenta suas camisas de goleiro para a temporada 2022 Ter\u00e7a-feira, 17\/05\/2022 &#8211; 20:34 Vasco da Gama @VascodaGama Quando a camisa \u00e9 feita #DeVasca\u00ednoPraVasca\u00edno, o resultado \u00e9 monumental! \ud83e\udde4\ud83d\udca2 Apresentamos nossas camisas de goleiro para a temporada 2\ufe0f\u20e30\ufe0f\u20e32\ufe0f\u20e32\ufe0f\u20e3. \ud83d\udc49 Dispon\u00edvel na Vasco Store e em todas as lojas Gigante da Colina a partir de 19\/05. \ud83d\udcf7: Bruno N. Soares  Fonte: Twitter oficial do Vasco <b>#DeVasca\u00ednoPraVasca\u00edno \u2013 Conhe\u00e7a as novas camisas de goleiro do Vasco para 2022<\/b> O Club de Regatas Vasco da Gama e a Kappa apresentam os uniformes de goleiro 1 e 2 para 2022. As novas camisas tiveram como inspira\u00e7\u00e3o para as cores uniformes usados por grandes \u00eddolos do passado como Ac\u00e1cio, Barbosa, Carlos Germano, H\u00e9lton, Mazar\u00f3pi e diversos outros goleiros lend\u00e1rios que defenderam o gol cruzmaltino. Al\u00e9m do modelo de manga curta, o novo enxoval de goleiro tamb\u00e9m ter\u00e3o op\u00e7\u00e3o de manga longa. A hashtag #DeVasca\u00ednoParaVasca\u00edno continua para toda a linha 01 e 02 de 2022, j\u00e1 que cada detalhe foi pensado em refer\u00eancias e dicas que a torcida enviou nos \u00faltimos anos, al\u00e9m de continuar homenageando quem vestiu nossa Cruz de Malta e defendeu nossas cores com orgulho.<\/p>\n<p>Um grande destaque para estas camisas \u00e9 o uso do escudo completo, detalhe muito pedido nas redes sociais. A manga curta ter\u00e1 a barra da manga com embossing aplicado, com elementos que remetem aos azulejos portugueses.<\/p>\n<p>A faixa central em recorte possui textura de um mapa mar\u00edtimo. Na tipografia da camisa, destacam-se os ladrilhos de S\u00e3o Janu\u00e1rio, por todo o desenho dos n\u00fameros e nomes dos jogadores. A camisa possui a tecnologia Hidroway Fabric, sendo o tecido 100% poli\u00e9ster para alta performance com absor\u00e7\u00e3o de umidade e secagem r\u00e1pida, que proporciona melhor conforto e caimento. Os recortes laterais ter\u00e3o tecido diferenciado, com a Banda Sport de sequ\u00eancia de logos Omini aplicados em termotransfer. Na parte interna, ser\u00e1 aplicada um tagless com padr\u00e3o exclusivo remetendo a uni\u00e3o Brasil-Portugal.<\/p>\n<p>Diferente de outros lan\u00e7amentos, quem estrear\u00e1 a camisa \u00e9 a torcida! Os novos uniformes ir\u00e3o estrear no jogo Vasco x Brusque, mas elas j\u00e1 estar\u00e3o dispon\u00edveis para venda na Vasco Store e em todas as unidades das Lojas Gigante da Colina a partir de quinta-feira (19). Fonte: Site oficial do Vasco Arena Cruzmaltina @are_cruzmaltina Vasco Da Gama anuncia os novos uniformes de goleiro para a temporada 2022. (\ud83d\udcf8 Bruno N. Soares) Fonte: Twitter Arena Cruzmaltina<\/p>\n<h3 class=\"sd-title\">Compartilhe isso:<\/h3>\n<h4> TV MRNews N\u00e3o perca tamb\u00e9m:<\/h4>\n<p><p>Fonte: <a href=\"\/\/mrnews.com.br\/index.php\/2022\/05\/17\/vasco-apresenta-suas-camisas-de-goleiro-para-a-temporada-2022-netvasco\" title=\"mrnews.com.br\/index.php\/2022\/05\/17\/vasco-apresenta-suas-camisas-de-goleiro-para-a-temporada-2022-netvasco\" target=\"_blank\" rel=\"bookmark noopener\"><cite>mrnews.com.br\/index.php\/2022\/05\/17\/vasco-apresenta-suas-camisas-de-goleiro-para-a-temporada-2022-netvasco<\/cite><\/a><\/p>\n","protected":false},"excerpt":{"rendered":"<p>Vasco apresenta suas camisas de goleiro para a temporada 2022 Ter\u00e7a-feira, 17\/05\/2022 &#8211; 20:34 Vasco da Gama @VascodaGama Quando a<\/p>\n","protected":false},"author":1,"featured_media":17940,"comment_status":"closed","ping_status":"closed","sticky":false,"template":"","format":"standard","meta":{"colormag_page_container_layout":"default_layout","colormag_page_sidebar_layout":"default_layout","footnotes":""},"categories":[6],"tags":[],"class_list":["post-17939","post","type-post","status-publish","format-standard","has-post-thumbnail","hentry","category-futebol-ao-vivo"],"_links":{"self":[{"href":"https:\/\/euvivoaselecao.com.br\/index.php\/wp-json\/wp\/v2\/posts\/17939","targetHints":{"allow":["GET"]}}],"collection":[{"href":"https:\/\/euvivoaselecao.com.br\/index.php\/wp-json\/wp\/v2\/posts"}],"about":[{"href":"https:\/\/euvivoaselecao.com.br\/index.php\/wp-json\/wp\/v2\/types\/post"}],"author":[{"embeddable":true,"href":"https:\/\/euvivoaselecao.com.br\/index.php\/wp-json\/wp\/v2\/users\/1"}],"replies":[{"embeddable":true,"href":"https:\/\/euvivoaselecao.com.br\/index.php\/wp-json\/wp\/v2\/comments?post=17939"}],"version-history":[{"count":1,"href":"https:\/\/euvivoaselecao.com.br\/index.php\/wp-json\/wp\/v2\/posts\/17939\/revisions"}],"predecessor-version":[{"id":17941,"href":"https:\/\/euvivoaselecao.com.br\/index.php\/wp-json\/wp\/v2\/posts\/17939\/revisions\/17941"}],"wp:featuredmedia":[{"embeddable":true,"href":"https:\/\/euvivoaselecao.com.br\/index.php\/wp-json\/wp\/v2\/media\/17940"}],"wp:attachment":[{"href":"https:\/\/euvivoaselecao.com.br\/index.php\/wp-json\/wp\/v2\/media?parent=17939"}],"wp:term":[{"taxonomy":"category","embeddable":true,"href":"https:\/\/euvivoaselecao.com.br\/index.php\/wp-json\/wp\/v2\/categories?post=17939"},{"taxonomy":"post_tag","embeddable":true,"href":"https:\/\/euvivoaselecao.com.br\/index.php\/wp-json\/wp\/v2\/tags?post=17939"}],"curies":[{"name":"wp","href":"https:\/\/api.w.org\/{rel}","templated":true}]}}