{"id":17960,"date":"2022-05-18T07:15:09","date_gmt":"2022-05-18T10:15:09","guid":{"rendered":"https:\/\/euvivoaselecao.com.br\/?p=17960"},"modified":"2022-05-18T07:15:09","modified_gmt":"2022-05-18T10:15:09","slug":"futsal-base-atual-bicampeao-vasco-estreia-no-carioca-sub-20-nesta-4a-contra-o-7o-bpmerj-em-sao-januario-vasconet","status":"publish","type":"post","link":"https:\/\/euvivoaselecao.com.br\/index.php\/2022\/05\/18\/futsal-base-atual-bicampeao-vasco-estreia-no-carioca-sub-20-nesta-4a-contra-o-7o-bpmerj-em-sao-januario-vasconet\/","title":{"rendered":"Futsal Base: Atual bicampe\u00e3o, Vasco estreia no Carioca Sub-20 nesta 4\u00aa contra o 7\u00ba BPMERJ em S\u00e3o Janu\u00e1rio &#8211; VASCONet"},"content":{"rendered":"<p> <a href=\"https:\/\/news.google.com\/publications\/CAAqBwgKMMvIlgswru6tAw?hl=pt-BR&amp;gl=BR&amp;ceid=BR%3Apt-419\"><strong>SIGA-NOS<\/strong>  <\/a>            <\/p>\n<p>Futsal Base: Atual bicampe\u00e3o, Vasco estreia no Carioca Sub-20 nesta 4\u00aa contra o 7\u00ba BPMERJ em S\u00e3o Janu\u00e1rio Quarta-feira, 18\/05\/2022 &#8211; 05:25 Atual bicampe\u00e3o carioca de Futsal Sub-20, o Vasco estreia em busca do tricampeonato nesta 4\u00aa-feira, \u00e0s 20h15, em S\u00e3o Janu\u00e1rio contra o 7\u00ba BPMERJ. A partida \u00e9 a preliminar do duelo entre as equipes adultas das duas agremia\u00e7\u00f5es. <\/p>\n<p><a href=\"\/news\/noticias16\/arquivos\/20220517-015252-1-.png\" title=\"\" class=\"thickbox fancybox\" rel=\"ligthbox\"><\/a> <\/p>\n<p>Fonte: NETVASCO (texto), FFSERJ (imagem)<\/p>\n<h3 class=\"sd-title\">Compartilhe<\/h3>\n<h3 class=\"sd-title\">Like this:<\/h3>\n<p>Like Loading&#8230;<a class='sd-link-color'><\/a>  <\/p>\n<h3 class=\"jp-relatedposts-headline\">Relacionado<\/h3>\n<p>Fonte: <a href=\"\/\/vasconet.com.br\/2022\/05\/18\/futsal-base-atual-bicampeao-vasco-estreia-no-carioca-sub-20-nesta-4a-contra-o-7o-bpmerj-em-sao-januario\" title=\"vasconet.com.br\/2022\/05\/18\/futsal-base-atual-bicampeao-vasco-estreia-no-carioca-sub-20-nesta-4a-contra-o-7o-bpmerj-em-sao-januario\" target=\"_blank\" rel=\"bookmark noopener\"><cite>vasconet.com.br\/2022\/05\/18\/futsal-base-atual-bicampeao-vasco-estreia-no-carioca-sub-20-nesta-4a-contra-o-7o-bpmerj-em-sao-januario<\/cite><\/a><\/p>\n","protected":false},"excerpt":{"rendered":"<p>SIGA-NOS Futsal Base: Atual bicampe\u00e3o, Vasco estreia no Carioca Sub-20 nesta 4\u00aa contra o 7\u00ba BPMERJ em S\u00e3o Janu\u00e1rio Quarta-feira,<\/p>\n","protected":false},"author":1,"featured_media":17961,"comment_status":"closed","ping_status":"closed","sticky":false,"template":"","format":"standard","meta":{"colormag_page_container_layout":"default_layout","colormag_page_sidebar_layout":"default_layout","footnotes":""},"categories":[15],"tags":[],"class_list":["post-17960","post","type-post","status-publish","format-standard","has-post-thumbnail","hentry","category-noticias"],"_links":{"self":[{"href":"https:\/\/euvivoaselecao.com.br\/index.php\/wp-json\/wp\/v2\/posts\/17960","targetHints":{"allow":["GET"]}}],"collection":[{"href":"https:\/\/euvivoaselecao.com.br\/index.php\/wp-json\/wp\/v2\/posts"}],"about":[{"href":"https:\/\/euvivoaselecao.com.br\/index.php\/wp-json\/wp\/v2\/types\/post"}],"author":[{"embeddable":true,"href":"https:\/\/euvivoaselecao.com.br\/index.php\/wp-json\/wp\/v2\/users\/1"}],"replies":[{"embeddable":true,"href":"https:\/\/euvivoaselecao.com.br\/index.php\/wp-json\/wp\/v2\/comments?post=17960"}],"version-history":[{"count":1,"href":"https:\/\/euvivoaselecao.com.br\/index.php\/wp-json\/wp\/v2\/posts\/17960\/revisions"}],"predecessor-version":[{"id":17962,"href":"https:\/\/euvivoaselecao.com.br\/index.php\/wp-json\/wp\/v2\/posts\/17960\/revisions\/17962"}],"wp:featuredmedia":[{"embeddable":true,"href":"https:\/\/euvivoaselecao.com.br\/index.php\/wp-json\/wp\/v2\/media\/17961"}],"wp:attachment":[{"href":"https:\/\/euvivoaselecao.com.br\/index.php\/wp-json\/wp\/v2\/media?parent=17960"}],"wp:term":[{"taxonomy":"category","embeddable":true,"href":"https:\/\/euvivoaselecao.com.br\/index.php\/wp-json\/wp\/v2\/categories?post=17960"},{"taxonomy":"post_tag","embeddable":true,"href":"https:\/\/euvivoaselecao.com.br\/index.php\/wp-json\/wp\/v2\/tags?post=17960"}],"curies":[{"name":"wp","href":"https:\/\/api.w.org\/{rel}","templated":true}]}}