{"id":18231,"date":"2022-05-22T12:58:56","date_gmt":"2022-05-22T15:58:56","guid":{"rendered":"https:\/\/euvivoaselecao.com.br\/?p=18231"},"modified":"2022-05-22T12:58:56","modified_gmt":"2022-05-22T15:58:56","slug":"remo-atletas-vascainos-conquistam-medalhas-na-2a-regata-do-campeonato-estadual-veja-fotos-vasconet","status":"publish","type":"post","link":"https:\/\/euvivoaselecao.com.br\/index.php\/2022\/05\/22\/remo-atletas-vascainos-conquistam-medalhas-na-2a-regata-do-campeonato-estadual-veja-fotos-vasconet\/","title":{"rendered":"Remo: Atletas vasca\u00ednos conquistam medalhas na 2\u00aa Regata do Campeonato Estadual; veja fotos &#8211; VASCONet"},"content":{"rendered":"<p> <a href=\"https:\/\/news.google.com\/publications\/CAAqBwgKMMvIlgswru6tAw?hl=pt-BR&amp;gl=BR&amp;ceid=BR%3Apt-419\"><strong>SIGA-NOS<\/strong>  <\/a>            <\/p>\n<p>Remo: Atletas vasca\u00ednos conquistam medalhas na 2\u00aa Regata do Campeonato Estadual; veja fotos Domingo, 22\/05\/2022 &#8211; 11:53 frerjrio <\/p>\n<p>Premia\u00e7\u00e3o da primeira prova de hoje! Campe\u00e3o da prova Botafogo!!!! <\/p>\n<table>\n<td><a><\/a><\/td>\n<\/table>\n<p>Segunda prova, foi feminina e na raia campe\u00e3 a dupla do Flamengo! Parab\u00e9ns!!! <\/p>\n<table>\n<td><a><\/a><\/td>\n<\/table>\n<p>Flamengo campe\u00e3o! Parab\u00e9ns aos atletas! <\/p>\n<table>\n<td><a><\/a><\/td>\n<\/table>\n<p>Vasco campe\u00e3o da prova Master C! Show de bola! Parab\u00e9ns atletas! <\/p>\n<table>\n<td><a><\/a><\/td>\n<\/table>\n<p>Vasco campe\u00e3o! Parab\u00e9ns atletas! <\/p>\n<table>\n<td><a><\/a><\/td>\n<\/table>\n<p>Vasco campe\u00e3o!!! Parab\u00e9ns! Prova muito emocionante e super disputada! <\/p>\n<table>\n<td><a><\/a><\/td>\n<\/table>\n<p>Lindo momento! Parab\u00e9ns Vasco, parab\u00e9ns Juvenil! <\/p>\n<table>\n<td><a><\/a><\/td>\n<\/table>\n<p>E deu Vasco outra vez!!! Parab\u00e9ns aos atletas do Juvenil! Linda prova! <\/p>\n<table>\n<td><a><\/a><\/td>\n<\/table>\n<p>Fonte: Instagram Frerj<\/p>\n<h3 class=\"sd-title\">Compartilhe<\/h3>\n<h3 class=\"sd-title\">Curtir isso:<\/h3>\n<p>Curtir Carregando&#8230;<a class='sd-link-color'><\/a>  <\/p>\n<h3 class=\"jp-relatedposts-headline\">Relacionado<\/h3>\n<p>Fonte: <a href=\"\/\/vasconet.com.br\/2022\/05\/22\/remo-atletas-vascainos-conquistam-medalhas-na-2a-regata-do-campeonato-estadual-veja-fotos\" title=\"vasconet.com.br\/2022\/05\/22\/remo-atletas-vascainos-conquistam-medalhas-na-2a-regata-do-campeonato-estadual-veja-fotos\" target=\"_blank\" rel=\"bookmark noopener\"><cite>vasconet.com.br\/2022\/05\/22\/remo-atletas-vascainos-conquistam-medalhas-na-2a-regata-do-campeonato-estadual-veja-fotos<\/cite><\/a><\/p>\n","protected":false},"excerpt":{"rendered":"<p>SIGA-NOS Remo: Atletas vasca\u00ednos conquistam medalhas na 2\u00aa Regata do Campeonato Estadual; veja fotos Domingo, 22\/05\/2022 &#8211; 11:53 frerjrio Premia\u00e7\u00e3o<\/p>\n","protected":false},"author":1,"featured_media":18232,"comment_status":"closed","ping_status":"closed","sticky":false,"template":"","format":"standard","meta":{"colormag_page_container_layout":"default_layout","colormag_page_sidebar_layout":"default_layout","footnotes":""},"categories":[15],"tags":[],"class_list":["post-18231","post","type-post","status-publish","format-standard","has-post-thumbnail","hentry","category-noticias"],"_links":{"self":[{"href":"https:\/\/euvivoaselecao.com.br\/index.php\/wp-json\/wp\/v2\/posts\/18231","targetHints":{"allow":["GET"]}}],"collection":[{"href":"https:\/\/euvivoaselecao.com.br\/index.php\/wp-json\/wp\/v2\/posts"}],"about":[{"href":"https:\/\/euvivoaselecao.com.br\/index.php\/wp-json\/wp\/v2\/types\/post"}],"author":[{"embeddable":true,"href":"https:\/\/euvivoaselecao.com.br\/index.php\/wp-json\/wp\/v2\/users\/1"}],"replies":[{"embeddable":true,"href":"https:\/\/euvivoaselecao.com.br\/index.php\/wp-json\/wp\/v2\/comments?post=18231"}],"version-history":[{"count":1,"href":"https:\/\/euvivoaselecao.com.br\/index.php\/wp-json\/wp\/v2\/posts\/18231\/revisions"}],"predecessor-version":[{"id":18233,"href":"https:\/\/euvivoaselecao.com.br\/index.php\/wp-json\/wp\/v2\/posts\/18231\/revisions\/18233"}],"wp:featuredmedia":[{"embeddable":true,"href":"https:\/\/euvivoaselecao.com.br\/index.php\/wp-json\/wp\/v2\/media\/18232"}],"wp:attachment":[{"href":"https:\/\/euvivoaselecao.com.br\/index.php\/wp-json\/wp\/v2\/media?parent=18231"}],"wp:term":[{"taxonomy":"category","embeddable":true,"href":"https:\/\/euvivoaselecao.com.br\/index.php\/wp-json\/wp\/v2\/categories?post=18231"},{"taxonomy":"post_tag","embeddable":true,"href":"https:\/\/euvivoaselecao.com.br\/index.php\/wp-json\/wp\/v2\/tags?post=18231"}],"curies":[{"name":"wp","href":"https:\/\/api.w.org\/{rel}","templated":true}]}}