{"id":18243,"date":"2022-05-22T17:00:12","date_gmt":"2022-05-22T20:00:12","guid":{"rendered":"https:\/\/euvivoaselecao.com.br\/?p=18243"},"modified":"2022-05-22T17:00:12","modified_gmt":"2022-05-22T20:00:12","slug":"natacao-paralimpica-classificado-para-o-mundial-daniel-mendes-e-destaque-em-reportagem-do-rj1-vasconet","status":"publish","type":"post","link":"https:\/\/euvivoaselecao.com.br\/index.php\/2022\/05\/22\/natacao-paralimpica-classificado-para-o-mundial-daniel-mendes-e-destaque-em-reportagem-do-rj1-vasconet\/","title":{"rendered":"Nata\u00e7\u00e3o Paral\u00edmpica: Classificado para o Mundial, Daniel Mendes \u00e9 destaque em reportagem do &#039;RJ1&#039; &#8211; VASCONet"},"content":{"rendered":"<p> <a href=\"https:\/\/news.google.com\/publications\/CAAqBwgKMMvIlgswru6tAw?hl=pt-BR&amp;gl=BR&amp;ceid=BR%3Apt-419\"><strong>SIGA-NOS<\/strong>  <\/a>            <\/p>\n<p>Nata\u00e7\u00e3o Paral\u00edmpica: Classificado para o Mundial, Daniel Mendes \u00e9 destaque em reportagem do &#8216;RJ1&#8217; Domingo, 22\/05\/2022 &#8211; 15:27 Nadadores de Resende conseguem vaga para o mundial de nata\u00e7\u00e3o na Hungria <\/p>\n<\/p>\n<p>Fonte: g1<\/p>\n<h3 class=\"sd-title\">Compartilhe<\/h3>\n<h3 class=\"sd-title\">Curtir isso:<\/h3>\n<p>Curtir Carregando&#8230;<a class='sd-link-color'><\/a>  <\/p>\n<h3 class=\"jp-relatedposts-headline\">Relacionado<\/h3>\n<p>Fonte: <a href=\"\/\/vasconet.com.br\/2022\/05\/22\/natacao-paralimpica-classificado-para-o-mundial-daniel-mendes-e-destaque-em-reportagem-do-rj1\" title=\"vasconet.com.br\/2022\/05\/22\/natacao-paralimpica-classificado-para-o-mundial-daniel-mendes-e-destaque-em-reportagem-do-rj1\" target=\"_blank\" rel=\"bookmark noopener\"><cite>vasconet.com.br\/2022\/05\/22\/natacao-paralimpica-classificado-para-o-mundial-daniel-mendes-e-destaque-em-reportagem-do-rj1<\/cite><\/a><\/p>\n","protected":false},"excerpt":{"rendered":"<p>SIGA-NOS Nata\u00e7\u00e3o Paral\u00edmpica: Classificado para o Mundial, Daniel Mendes \u00e9 destaque em reportagem do &#8216;RJ1&#8217; Domingo, 22\/05\/2022 &#8211; 15:27 Nadadores<\/p>\n","protected":false},"author":1,"featured_media":18244,"comment_status":"closed","ping_status":"closed","sticky":false,"template":"","format":"standard","meta":{"colormag_page_container_layout":"default_layout","colormag_page_sidebar_layout":"default_layout","footnotes":""},"categories":[15],"tags":[],"class_list":["post-18243","post","type-post","status-publish","format-standard","has-post-thumbnail","hentry","category-noticias"],"_links":{"self":[{"href":"https:\/\/euvivoaselecao.com.br\/index.php\/wp-json\/wp\/v2\/posts\/18243","targetHints":{"allow":["GET"]}}],"collection":[{"href":"https:\/\/euvivoaselecao.com.br\/index.php\/wp-json\/wp\/v2\/posts"}],"about":[{"href":"https:\/\/euvivoaselecao.com.br\/index.php\/wp-json\/wp\/v2\/types\/post"}],"author":[{"embeddable":true,"href":"https:\/\/euvivoaselecao.com.br\/index.php\/wp-json\/wp\/v2\/users\/1"}],"replies":[{"embeddable":true,"href":"https:\/\/euvivoaselecao.com.br\/index.php\/wp-json\/wp\/v2\/comments?post=18243"}],"version-history":[{"count":1,"href":"https:\/\/euvivoaselecao.com.br\/index.php\/wp-json\/wp\/v2\/posts\/18243\/revisions"}],"predecessor-version":[{"id":18245,"href":"https:\/\/euvivoaselecao.com.br\/index.php\/wp-json\/wp\/v2\/posts\/18243\/revisions\/18245"}],"wp:featuredmedia":[{"embeddable":true,"href":"https:\/\/euvivoaselecao.com.br\/index.php\/wp-json\/wp\/v2\/media\/18244"}],"wp:attachment":[{"href":"https:\/\/euvivoaselecao.com.br\/index.php\/wp-json\/wp\/v2\/media?parent=18243"}],"wp:term":[{"taxonomy":"category","embeddable":true,"href":"https:\/\/euvivoaselecao.com.br\/index.php\/wp-json\/wp\/v2\/categories?post=18243"},{"taxonomy":"post_tag","embeddable":true,"href":"https:\/\/euvivoaselecao.com.br\/index.php\/wp-json\/wp\/v2\/tags?post=18243"}],"curies":[{"name":"wp","href":"https:\/\/api.w.org\/{rel}","templated":true}]}}