{"id":18360,"date":"2022-05-24T15:59:16","date_gmt":"2022-05-24T18:59:16","guid":{"rendered":"https:\/\/euvivoaselecao.com.br\/?p=18360"},"modified":"2022-05-24T15:59:16","modified_gmt":"2022-05-24T18:59:16","slug":"karate-do-vasco-vascainos-se-classificam-para-a-final-do-brasileiro","status":"publish","type":"post","link":"https:\/\/euvivoaselecao.com.br\/index.php\/2022\/05\/24\/karate-do-vasco-vascainos-se-classificam-para-a-final-do-brasileiro\/","title":{"rendered":"Karate do Vasco: Vasca\u00ednos se classificam para a final do Brasileiro"},"content":{"rendered":"<p>Foi disputado nesse final de semana, entre os dias 18 \u00e0 22 de maio de 2022 , na Cidade de Cuiab\u00e1 &#8211; MT, a etapa classificat\u00f3ria para a final do brasileiro de karat\u00ea 2022, que ser\u00e1 em novembro.<\/p>\n<p>Nossos 10 guerreiros vascainos obtiveram um excelente resultado: todos conseguiram classifica\u00e7\u00e3o! Destaque para n\u00facleo do Vasco localizado na Cidade Alta &#8211; Cordovil comandado pelo sensei Leandro Louren\u00e7o, que teve os 4 (quatro) atletas conquistando ouro.<\/p>\n<p>O n\u00facleo tem apoio do Rotary Club RJ Mercado S\u00e3o Sebasti\u00e3o da AARMOS &#8211; Associa\u00e7\u00e3o dos Amigos Rotarianos e da CCL &#8211; Centro C\u00edvico Leopoldinense, onde todos os atletas do n\u00facleo treinam. Outro destaque foi o atleta Kaique Machado, de apenas 12 anos, no qual ganhou duas medalhas de ouro. A Delega\u00e7\u00e3o vasca\u00edna teve como t\u00e9cnicos mais uma vez os experientes senseis Luis Bib\u00e3o e Leandro Louren\u00e7o. Demais atletas classificados em primeiro lugar: &#8211; Lucas Mateus &#8211; Nicolas Milesi &#8211; Pedro Mata &#8211; Eduardo Lima &#8211; Leonardo Lima &#8211; Jefferson Gon\u00e7alves Classificados em segundo lugar: &#8211; Paulo Gabriel &#8211; Matheus Rocha &#8211; Mariana Oliveira Com o apoio do coordenador t\u00e9cnico Manoel Varella e o Dir. ADM Rafael Laiun, mais uma vez o karat\u00ea do Vasco entra no cen\u00e1rio nacional como uma das principais equipes.<\/p>\n<p>Queremos fazer um agradecimento especial ao apoio dos Clubes de Rotarys locais : Rotary Club de Cuiab\u00e1 , Rotary de Club Cuiab\u00e1 CPA , Rotary Club de Cuiab\u00e1 Cidade Verde e Rotary Club de Cuiab\u00e1 Oeste , que proporcionaram a estadia dos nossos atletas . Atletas classificados 1. Kaique Machado, cat sub 14 &#8211; 45 kg 2. Mariana Oliveira, cat cadete +54kg 3. Nicolas Milesi, cat cadete -63kg 4. Eduardo Lima, cat cadete -52kg 5. Pedro Mata, cat j\u00fanior -61kg 6. Lucas Mateus, cat j\u00fanior -76kg 7. Jefferson Gon\u00e7alves, cat s\u00eanior -67kg 8. Leonardo Lima, cat sub 21 +84kg 9. Paulo Gabriel, cat s\u00eanior +84kg 10. Matheus Rocha, cat cadete -63kg<\/p>\n<p>Fonte: Divulga\u00e7\u00e3o Vasco<\/p>\n<h3 class=\"sd-title\">Compartilhe isso:<\/h3>\n<h4> TV MRNews N\u00e3o perca tamb\u00e9m:<\/h4>\n<p><p>Fonte: <a href=\"\/\/mrnews.com.br\/index.php\/2022\/05\/24\/karate-vascainos-se-classificam-para-a-final-do-brasileiro\" title=\"mrnews.com.br\/index.php\/2022\/05\/24\/karate-vascainos-se-classificam-para-a-final-do-brasileiro\" target=\"_blank\" rel=\"bookmark noopener\"><cite>mrnews.com.br\/index.php\/2022\/05\/24\/karate-vascainos-se-classificam-para-a-final-do-brasileiro<\/cite><\/a><\/p>\n","protected":false},"excerpt":{"rendered":"<p>Foi disputado nesse final de semana, entre os dias 18 \u00e0 22 de maio de 2022 , na Cidade de<\/p>\n","protected":false},"author":1,"featured_media":18361,"comment_status":"closed","ping_status":"closed","sticky":false,"template":"","format":"standard","meta":{"colormag_page_container_layout":"default_layout","colormag_page_sidebar_layout":"default_layout","footnotes":""},"categories":[6],"tags":[],"class_list":["post-18360","post","type-post","status-publish","format-standard","has-post-thumbnail","hentry","category-futebol-ao-vivo"],"_links":{"self":[{"href":"https:\/\/euvivoaselecao.com.br\/index.php\/wp-json\/wp\/v2\/posts\/18360","targetHints":{"allow":["GET"]}}],"collection":[{"href":"https:\/\/euvivoaselecao.com.br\/index.php\/wp-json\/wp\/v2\/posts"}],"about":[{"href":"https:\/\/euvivoaselecao.com.br\/index.php\/wp-json\/wp\/v2\/types\/post"}],"author":[{"embeddable":true,"href":"https:\/\/euvivoaselecao.com.br\/index.php\/wp-json\/wp\/v2\/users\/1"}],"replies":[{"embeddable":true,"href":"https:\/\/euvivoaselecao.com.br\/index.php\/wp-json\/wp\/v2\/comments?post=18360"}],"version-history":[{"count":1,"href":"https:\/\/euvivoaselecao.com.br\/index.php\/wp-json\/wp\/v2\/posts\/18360\/revisions"}],"predecessor-version":[{"id":18362,"href":"https:\/\/euvivoaselecao.com.br\/index.php\/wp-json\/wp\/v2\/posts\/18360\/revisions\/18362"}],"wp:featuredmedia":[{"embeddable":true,"href":"https:\/\/euvivoaselecao.com.br\/index.php\/wp-json\/wp\/v2\/media\/18361"}],"wp:attachment":[{"href":"https:\/\/euvivoaselecao.com.br\/index.php\/wp-json\/wp\/v2\/media?parent=18360"}],"wp:term":[{"taxonomy":"category","embeddable":true,"href":"https:\/\/euvivoaselecao.com.br\/index.php\/wp-json\/wp\/v2\/categories?post=18360"},{"taxonomy":"post_tag","embeddable":true,"href":"https:\/\/euvivoaselecao.com.br\/index.php\/wp-json\/wp\/v2\/tags?post=18360"}],"curies":[{"name":"wp","href":"https:\/\/api.w.org\/{rel}","templated":true}]}}