{"id":18366,"date":"2022-05-24T17:59:24","date_gmt":"2022-05-24T20:59:24","guid":{"rendered":"https:\/\/euvivoaselecao.com.br\/?p=18366"},"modified":"2022-05-24T17:59:24","modified_gmt":"2022-05-24T20:59:24","slug":"vasco-e-entidade-promovem-jogo-em-sao-januario-contra-a-fome-neste-sabado","status":"publish","type":"post","link":"https:\/\/euvivoaselecao.com.br\/index.php\/2022\/05\/24\/vasco-e-entidade-promovem-jogo-em-sao-januario-contra-a-fome-neste-sabado\/","title":{"rendered":"Vasco e Entidade promovem jogo em S\u00e3o Janu\u00e1rio contra a fome neste s\u00e1bado"},"content":{"rendered":"<p>S\u00e3o Janu\u00e1rio receber\u00e1 jogo contra a fome neste s\u00e1bado Segunda-feira, 23\/05\/2022 &#8211; 22:05<\/p>\n<p>Dois times entram em campo para fazer a diferen\u00e7a. De um lado o time do apresentador Tino J\u00fanior, do outro, o time do Bispo Jadson Santos num grande torneio que ir\u00e1 mobilizar mais de 20 mil pessoas numa causa solid\u00e1ria: a disputa contra fome.<\/p>\n<p>O evento que j\u00e1 \u00e9 considerado o maior de todos os tempos acontecer\u00e1 no Est\u00e1dio S\u00e3o Janu\u00e1rio, no pr\u00f3ximo dia 28 de maio, \u00e0 partir das 12h.<\/p>\n<p>A entrada ser\u00e1 2 kg de alimentos n\u00e3o perec\u00edveis, que ser\u00e3o doados em cestas b\u00e1sicas \u00e0 pessoas necessitadas. A expectativa \u00e9 de que sejam arrecadadas 100 toneladas de alimentos a contar tamb\u00e9m com as doa\u00e7\u00f5es de empresas e artistas que abra\u00e7aram a causa promovida pelo grupo Unisocial.<\/p>\n<p>Para os organizadores do evento, o Driblando a fome ser\u00e1 uma oportunidade tamb\u00e9m de quebrar as barreiras do preconceito religioso. Crist\u00e3o, cat\u00f3licos, judeus e esp\u00edritas de Umbanda e Candombl\u00e9 estar\u00e3o juntos numa mesma miss\u00e3o.<\/p>\n<p>&#8220;A fome n\u00e3o tem religi\u00e3o. J\u00e1 temos confirmadas as presen\u00e7as de milhares de pais, m\u00e3es e filhos de santo neste evento a exemplo disto. A expectativa \u00e9 de que esta seja a maior mobiliza\u00e7\u00e3o social contra a fome de todos os tempos&#8221;, contou, Rafael Campos, pastor respons\u00e1vel pelo Unisocial no Estado.<\/p>\n<p>O Governador Claudio Castro esteve recentemente em reuni\u00f5es com o grupo apoiando a iniciativa, assim como o Vasco da Gama, empresas p\u00fablicas e privadas. A CET-Rio dever\u00e1 divulgar dentro dos pr\u00f3ximos dias as opera\u00e7\u00f5es de tr\u00e2nsito realizadas no entorno do est\u00e1dio para garantir a fluidez nas vias.<\/p>\n<p>O Corpo de Bombeiros, a Pol\u00edcia Militar e a Guarda Municipal ir\u00e3o refor\u00e7ar as equipes de plant\u00e3o, ambul\u00e2ncias e o aumento do quantitativo na seguran\u00e7a.<\/p>\n<p>Mais de dois mil volunt\u00e1rios estar\u00e3o envolvidos na organiza\u00e7\u00e3o do evento, que contar\u00e1 com a presen\u00e7a de autoridades e artistas. Em solenidade, a banda do corpo de bombeiros far\u00e1 a abertura da partida, com a participa\u00e7\u00e3o dos grupos de evangeliza\u00e7\u00e3o da Igreja Universal.<\/p>\n<p>Os donativos tamb\u00e9m poder\u00e3o ser entregues antecipadamente nas unidades de algumas igrejas em troca das pulseiras de ingresso, como forma de otimizar o fluxo de entrada no dia do evento. Os port\u00f5es ser\u00e3o abertos \u00e0s 12h, e o evento segue at\u00e9 \u00e0s 17h. A classifica\u00e7\u00e3o \u00e9 livre. Fonte: Super R\u00e1dio Tupi<\/p>\n<h3 class=\"sd-title\">Compartilhe isso:<\/h3>\n<h4> TV MRNews N\u00e3o perca tamb\u00e9m:<\/h4>\n<p><p>Fonte: <a href=\"\/\/mrnews.com.br\/index.php\/2022\/05\/24\/sao-januario-recebera-jogo-contra-a-fome-neste-sabado\" title=\"mrnews.com.br\/index.php\/2022\/05\/24\/sao-januario-recebera-jogo-contra-a-fome-neste-sabado\" target=\"_blank\" rel=\"bookmark noopener\"><cite>mrnews.com.br\/index.php\/2022\/05\/24\/sao-januario-recebera-jogo-contra-a-fome-neste-sabado<\/cite><\/a><\/p>\n","protected":false},"excerpt":{"rendered":"<p>S\u00e3o Janu\u00e1rio receber\u00e1 jogo contra a fome neste s\u00e1bado Segunda-feira, 23\/05\/2022 &#8211; 22:05 Dois times entram em campo para fazer<\/p>\n","protected":false},"author":1,"featured_media":18367,"comment_status":"closed","ping_status":"closed","sticky":false,"template":"","format":"standard","meta":{"colormag_page_container_layout":"default_layout","colormag_page_sidebar_layout":"default_layout","footnotes":""},"categories":[6],"tags":[],"class_list":["post-18366","post","type-post","status-publish","format-standard","has-post-thumbnail","hentry","category-futebol-ao-vivo"],"_links":{"self":[{"href":"https:\/\/euvivoaselecao.com.br\/index.php\/wp-json\/wp\/v2\/posts\/18366","targetHints":{"allow":["GET"]}}],"collection":[{"href":"https:\/\/euvivoaselecao.com.br\/index.php\/wp-json\/wp\/v2\/posts"}],"about":[{"href":"https:\/\/euvivoaselecao.com.br\/index.php\/wp-json\/wp\/v2\/types\/post"}],"author":[{"embeddable":true,"href":"https:\/\/euvivoaselecao.com.br\/index.php\/wp-json\/wp\/v2\/users\/1"}],"replies":[{"embeddable":true,"href":"https:\/\/euvivoaselecao.com.br\/index.php\/wp-json\/wp\/v2\/comments?post=18366"}],"version-history":[{"count":1,"href":"https:\/\/euvivoaselecao.com.br\/index.php\/wp-json\/wp\/v2\/posts\/18366\/revisions"}],"predecessor-version":[{"id":18368,"href":"https:\/\/euvivoaselecao.com.br\/index.php\/wp-json\/wp\/v2\/posts\/18366\/revisions\/18368"}],"wp:featuredmedia":[{"embeddable":true,"href":"https:\/\/euvivoaselecao.com.br\/index.php\/wp-json\/wp\/v2\/media\/18367"}],"wp:attachment":[{"href":"https:\/\/euvivoaselecao.com.br\/index.php\/wp-json\/wp\/v2\/media?parent=18366"}],"wp:term":[{"taxonomy":"category","embeddable":true,"href":"https:\/\/euvivoaselecao.com.br\/index.php\/wp-json\/wp\/v2\/categories?post=18366"},{"taxonomy":"post_tag","embeddable":true,"href":"https:\/\/euvivoaselecao.com.br\/index.php\/wp-json\/wp\/v2\/tags?post=18366"}],"curies":[{"name":"wp","href":"https:\/\/api.w.org\/{rel}","templated":true}]}}