{"id":18823,"date":"2022-05-31T16:00:02","date_gmt":"2022-05-31T19:00:02","guid":{"rendered":"https:\/\/euvivoaselecao.com.br\/?p=18823"},"modified":"2022-05-31T16:00:02","modified_gmt":"2022-05-31T19:00:02","slug":"novo-post-criado-em-31-de-may-de-2022-as-164724-vasconet","status":"publish","type":"post","link":"https:\/\/euvivoaselecao.com.br\/index.php\/2022\/05\/31\/novo-post-criado-em-31-de-may-de-2022-as-164724-vasconet\/","title":{"rendered":"Novo post criado em 31 de May de 2022 as 16:47:24 &#8211; VASCONet"},"content":{"rendered":"<p> <a href=\"https:\/\/news.google.com\/publications\/CAAqBwgKMMvIlgswru6tAw?hl=pt-BR&amp;gl=BR&amp;ceid=BR%3Apt-419\"><strong>SIGA-NOS<\/strong>  <\/a>            <\/p>\n<p>O <strong><a>Vasco<\/a> <\/strong>se prepara para o duelo desta quinta-feira, contra o <strong><a>Gr\u00eamio<\/a><\/strong>. Os cruzmaltinos querem manter o embalo na <strong><a>S\u00e9rie B<\/a><\/strong>.<\/p>\n<p>O t\u00e9cnico Z\u00e9 Ricardo trabalhou com o elenco e esbo\u00e7ou a escala\u00e7\u00e3o para a partida. O comandante deve fazer tr\u00eas altera\u00e7\u00f5es em rela\u00e7\u00e3o \u00e0 equipe que come\u00e7ou o duelo contra o Brusque.<\/p>\n<p>A primeira \u00e9 o retorno do lateral direito Gabriel Dias. O jogador cumpriu suspens\u00e3o na rodada passada.<\/p>\n<p><a><\/a><a><\/a><a><\/a><a><\/a><a><\/a><a><\/a><\/p>\n<p>As outras duas s\u00e3o no ataque. Figueiredo volta a ser titular na vaga de Palacios. O jovem jogador ficou como op\u00e7\u00e3o contra o Brusque porque conviveu com dores musculares ap\u00f3s o empate com o Guarani.<\/p>\n<p>A outra modifica\u00e7\u00e3o no ataque foi a entrada de Get\u00falio na vaga de Raniel. Get\u00falio entrou bem contra o Brusque e deve ganhar uma chance de iniciar a partida em S\u00e3o Janu\u00e1rio.<\/p>\n<p>O Vasco est\u00e1 na vice-lideran\u00e7a da S\u00e9rie B, com 17 pontos. Uma vit\u00f3ria consolida a equipe no G4 e afasta os cariocas de um rival direto pelo acesso.<\/p>\n<p> <a>Deixe seu coment\u00e1rio<\/a> <\/p>\n<h3 class=\"sd-title\">Compartilhe<\/h3>\n<h3 class=\"sd-title\">Curtir isso:<\/h3>\n<p>Curtir Carregando&#8230;<a class='sd-link-color'><\/a>  <\/p>\n<h3 class=\"jp-relatedposts-headline\">Relacionado<\/h3>\n<p>Fonte: <a href=\"\/\/vasconet.com.br\/2022\/05\/31\/novo-post-criado-em-31-de-may-de-2022-as-164724\" title=\"vasconet.com.br\/2022\/05\/31\/novo-post-criado-em-31-de-may-de-2022-as-164724\" target=\"_blank\" rel=\"bookmark noopener\"><cite>vasconet.com.br\/2022\/05\/31\/novo-post-criado-em-31-de-may-de-2022-as-164724<\/cite><\/a><\/p>\n","protected":false},"excerpt":{"rendered":"<p>SIGA-NOS O Vasco se prepara para o duelo desta quinta-feira, contra o Gr\u00eamio. Os cruzmaltinos querem manter o embalo na<\/p>\n","protected":false},"author":1,"featured_media":18824,"comment_status":"closed","ping_status":"closed","sticky":false,"template":"","format":"standard","meta":{"colormag_page_container_layout":"default_layout","colormag_page_sidebar_layout":"default_layout","footnotes":""},"categories":[15],"tags":[],"class_list":["post-18823","post","type-post","status-publish","format-standard","has-post-thumbnail","hentry","category-noticias"],"_links":{"self":[{"href":"https:\/\/euvivoaselecao.com.br\/index.php\/wp-json\/wp\/v2\/posts\/18823","targetHints":{"allow":["GET"]}}],"collection":[{"href":"https:\/\/euvivoaselecao.com.br\/index.php\/wp-json\/wp\/v2\/posts"}],"about":[{"href":"https:\/\/euvivoaselecao.com.br\/index.php\/wp-json\/wp\/v2\/types\/post"}],"author":[{"embeddable":true,"href":"https:\/\/euvivoaselecao.com.br\/index.php\/wp-json\/wp\/v2\/users\/1"}],"replies":[{"embeddable":true,"href":"https:\/\/euvivoaselecao.com.br\/index.php\/wp-json\/wp\/v2\/comments?post=18823"}],"version-history":[{"count":1,"href":"https:\/\/euvivoaselecao.com.br\/index.php\/wp-json\/wp\/v2\/posts\/18823\/revisions"}],"predecessor-version":[{"id":18825,"href":"https:\/\/euvivoaselecao.com.br\/index.php\/wp-json\/wp\/v2\/posts\/18823\/revisions\/18825"}],"wp:featuredmedia":[{"embeddable":true,"href":"https:\/\/euvivoaselecao.com.br\/index.php\/wp-json\/wp\/v2\/media\/18824"}],"wp:attachment":[{"href":"https:\/\/euvivoaselecao.com.br\/index.php\/wp-json\/wp\/v2\/media?parent=18823"}],"wp:term":[{"taxonomy":"category","embeddable":true,"href":"https:\/\/euvivoaselecao.com.br\/index.php\/wp-json\/wp\/v2\/categories?post=18823"},{"taxonomy":"post_tag","embeddable":true,"href":"https:\/\/euvivoaselecao.com.br\/index.php\/wp-json\/wp\/v2\/tags?post=18823"}],"curies":[{"name":"wp","href":"https:\/\/api.w.org\/{rel}","templated":true}]}}