{"id":18908,"date":"2022-06-01T15:59:05","date_gmt":"2022-06-01T18:59:05","guid":{"rendered":"https:\/\/euvivoaselecao.com.br\/?p=18908"},"modified":"2022-06-01T15:59:05","modified_gmt":"2022-06-01T18:59:05","slug":"cria-do-vasco-paulinho-recebera-medalha-pedro-ernesto-nesta-5a-feira-na-camara-municipal-do-rio-vasconet","status":"publish","type":"post","link":"https:\/\/euvivoaselecao.com.br\/index.php\/2022\/06\/01\/cria-do-vasco-paulinho-recebera-medalha-pedro-ernesto-nesta-5a-feira-na-camara-municipal-do-rio-vasconet\/","title":{"rendered":"Cria do Vasco, Paulinho receber\u00e1 medalha Pedro Ernesto nesta 5\u00aa-feira na C\u00e2mara Municipal do Rio &#8211; VASCONet"},"content":{"rendered":"<p> <a href=\"https:\/\/news.google.com\/publications\/CAAqBwgKMMvIlgswru6tAw?hl=pt-BR&amp;gl=BR&amp;ceid=BR%3Apt-419\"><strong>SIGA-NOS<\/strong>  <\/a>            <\/p>\n<p>Cria do Vasco, Paulinho receber\u00e1 medalha Pedro Ernesto nesta 5\u00aa-feira na C\u00e2mara Municipal do Rio Quarta-feira, 01\/06\/2022 &#8211; 14:40 Duas das maiores paix\u00f5es do carioca estar\u00e3o juntas na C\u00e2mara Municipal do Rio numa cerim\u00f4nia em homenagem \u00e0s personalidades que se destacaram na luta contra o preconceito religioso. Concedida pelo vereador \u00c1tila Nunes(PSD), a medalha Pedro Ernesto, maior honraria da Casa, ser\u00e1 entregue para o jogador Paulinho, que fez uma rever\u00eancia ao Orix\u00e1 Ox\u00f3ssi ao fazer o gesto de um arco e flecha durante jogo da sele\u00e7\u00e3o brasileira nas olimp\u00edadas de T\u00f3quio, mostrando ao mundo n\u00e3o ter medo de mostrar a sua cren\u00e7a, um gesto simb\u00f3lico de combate \u00e0 intoler\u00e2ncia religiosa. O atleta, que est\u00e1 passando as f\u00e9rias no Brasil, j\u00e1 confirmou presen\u00e7a na solenidade. Al\u00e9m do jogador revelado pelo Vasco, receber\u00e3o a medalha os carnavalescos da Grande Rio, campe\u00e3 do Carnaval carioca, Leonardo Augusto Bora e Gabriel Haddad. A escola de Duque de Caxias venceu o Carnaval com o enredo sobre Exu, contribuindo para a luta ao preconceito religioso ao desconstruir a imagem estereotipada do orix\u00e1, cultuado por religi\u00f5es afro-brasileiras. <\/p>\n<p>&#8211; &#8220;\u00c9 uma forma de reconhecimento pelo trabalho que eles fizeram pela defesa da liberdade religiosa. O gesto de Paulinho no campo, dando visibilidade \u00e0 sua religi\u00e3o, foi inspirador, pois mostrou que todos podem expressar sua f\u00e9 sem preconceitos. Este ano tamb\u00e9m tivemos um desfile hist\u00f3rico na Marqu\u00eas de Sapuca\u00ed, com tr\u00eas escolas do grupo especial contando a hist\u00f3ria de religi\u00f5es de matriz afro-brasileira. Com o seu enredo sobre Exu, a Grande Rio contribuiu para desmistificar o preconceito, incentivando um movimento de romper o desconhecimento e ignor\u00e2ncia, que levam, em muitos casos, \u00e0 intoler\u00e2ncia religiosa&#8221;, afirmou \u00c1tila Nunes. <\/p>\n<p>Na cerim\u00f4nia, que ser\u00e1 realizada no sal\u00e3o nobre da C\u00e2mara de Vereadores do Rio, tamb\u00e9m ser\u00e3o homenageados os carnavalescos e integrantes das escolas de samba Mocidade Independente de Padre Miguel e Portela. Os carnavalescos F\u00e1bio Ricardo Rangel, da Mocidade, e o casal Renato e M\u00e1rcia Lage, da Portela, j\u00e1 confirmaram presen\u00e7a. Mestre Dudu, que comanda a bateria da Mocidade, e o ator Demerson D&#8217;\u00c1lvaro, que interpretou Exu durante o desfile da Grande Rio, tamb\u00e9m ser\u00e3o homenageados. Dirigentes de templos umbandistas e candomblecistas, que t\u00eam Ox\u00f3ssi como guia espiritual, participam da solenidade, que ter\u00e1 como uma das atra\u00e7\u00f5es o show do cantor umbandista Sandro Luiz, que tamb\u00e9m ser\u00e1 homenageado com a medalha Pedro Ernesto. <\/p>\n<p>O j\u00e9\u0323 ko or\u00edre! O j\u00e9\u0323 n\u00edgb\u00e0gbogbo \u00d2r\u00ec\u1e63\u00e0! <\/p>\n<p>(Nunca foi sorte! Sempre foi Orix\u00e1!) <\/p>\n<p>Ax\u00e9! <\/p>\n<p><b>Servi\u00e7o:<\/b> <\/p>\n<p>Cerim\u00f4nia de entrega de conjunto de medalhas e mo\u00e7\u00f5es, no sal\u00e3o nobre da C\u00e2mara Municipal do Rio de Janeiro. Nesta quinta-feira, 02 de junho de 2022 \u00e0s 18:30h. Pra\u00e7a Floriano &#8211; Centro, Rio de Janeiro. <\/p>\n<p>Rela\u00e7\u00e3o dos homenageados: <\/p>\n<p>Medalha Pedro Ernesto: <\/p>\n<p>Leonardo Augusto Bora &ndash; carnavalesco da Grande Rio <\/p>\n<p>Gabriel Haddad Gomes Porto &ndash; carnavalesco da Grande Rio <\/p>\n<p>Sandro Luiz Lima &ndash; cantor e sacerdote de Umbanda <\/p>\n<p>Paulo Henrique Sampaio Filho &ndash; Paulinho jogador <\/p>\n<p>Medalha Tiradentes, honraria da Alerj: <\/p>\n<p>Dudu &ndash; mestre de bateria Mocidade <\/p>\n<p>T\u00edtulo benem\u00e9rito honraria da Alerj: <\/p>\n<p>Pai M\u00e1rcio de J\u00e0g\u00fan <\/p>\n<p>Mo\u00e7\u00e3o honrosa: <\/p>\n<p>Renato Rui de Souza Lage &ndash; carnavalesco da Portela <\/p>\n<p>M\u00e1rcia Leal de Souza Lage &ndash; carnavalesca da Portela <\/p>\n<p>F\u00e1bio Ricardo Rangel da Costa &ndash; carnavalesco da Mocidade <\/p>\n<p>Demerson Carlos Souza D&#8217;Alvaro &ndash; ator da Grande Rio <\/p>\n<p>Elton Costa Gomes &ndash; major da Pol\u00edcia Militar <\/p>\n<p>Terreiros: <\/p>\n<p>1 &#8211; Il\u00ea Ax\u00e9 de Ox\u00f3ssi &#8211; dirigente: Claudio Labre de Souza <\/p>\n<p>2 &#8211; Kwe Cej\u00e1 Ebi Kerejebe &#8211; dirigente: Robson da Costa Motta <\/p>\n<p>3 &#8211; Tenda Esp\u00edrita Caboclos de Ox\u00f3ssi &#8211; dirigentes: Lorran Rodrigues \/Gilliard Gon\u00e7alves <\/p>\n<p>4 &#8211; Ox\u00f3ssi Ibo Ca\u00e7ador &#8211; dirigente: Ox\u00f3ssi Ibo Ca\u00e7ador <\/p>\n<p>5 &#8211; Templo Esp\u00edrita Caboclo Tibiri\u00e7\u00e1 e Pai Benedito no Caminho da Luz &#8211; dirigente: Robson Chaves Fernandes <\/p>\n<p>6 &#8211; Tenda Esp\u00edrita Ox\u00f3ssi Pena Verde &#8211; dirigente: Renata Seibel Melo <\/p>\n<p>7 &#8211; Tenda Umbandista Caboclo Urucutum e Pai Zacarias &#8211; dirigente: Ricardo Ferreira dos Santos <\/p>\n<p>8 &#8211; Tenda Esp\u00edrita Matas de Ox\u00f3ssi &#8211; dirigente: Simone Francisco Palma <\/p>\n<p>9 &ndash; Kw\u00e9 Sej\u00e1 Leben\u00e9cy &#8211; dirigente: Alana Isabelle Catharino de Andrade <\/p>\n<p>10 &#8211; Tenda Espiritualista de Umbanda Caboclo de Ox\u00f3ssi &#8211; dirigente: Carlos Maur\u00edcio Pereira de Carvalho <\/p>\n<p>11 &#8211; Casa de Caridade Gauisa &#8211; dirigente: M\u00e1rcia Fernandes Cervela <\/p>\n<p>12 &#8211; Tenda Esp\u00edrita Caboclo Pena Branca &#8211; dirigente: Vin\u00edcius Rodrigues da Silva <\/p>\n<p>13 &#8211; Centro Esp\u00edrita Vov\u00f3 Cambinda do Cruzeiro das Almas \/ \u00c0\u1e63\u1eb9 Riqueza das \u00c1guas &#8211; dirigente: Viviane de Oliveira da Silva <\/p>\n<p>14 &#8211; Templo Umbandista Ogum Iara e Caboclo Rompe Mato -dirigente: Vanessa do Nascimento Arouca <\/p>\n<p>15 &#8211; Tenda Esp\u00edrita Caboclo Flecheiro Cobra Coral &#8211; dirigente: Marco Ant\u00f4nio P. Xavier] <\/p>\n<table>\n<td><a><\/a><\/td>\n<\/table>\n<p>Fonte: Extra<\/p>\n<h3 class=\"sd-title\">Compartilhe<\/h3>\n<h3 class=\"sd-title\">Curtir isso:<\/h3>\n<p>Curtir Carregando&#8230;<a class='sd-link-color'><\/a>  <\/p>\n<h3 class=\"jp-relatedposts-headline\">Relacionado<\/h3>\n<p>Fonte: <a href=\"\/\/vasconet.com.br\/2022\/06\/01\/cria-do-vasco-paulinho-recebera-medalha-pedro-ernesto-nesta-5a-feira-na-camara-municipal-do-rio\" title=\"vasconet.com.br\/2022\/06\/01\/cria-do-vasco-paulinho-recebera-medalha-pedro-ernesto-nesta-5a-feira-na-camara-municipal-do-rio\" target=\"_blank\" rel=\"bookmark noopener\"><cite>vasconet.com.br\/2022\/06\/01\/cria-do-vasco-paulinho-recebera-medalha-pedro-ernesto-nesta-5a-feira-na-camara-municipal-do-rio<\/cite><\/a><\/p>\n","protected":false},"excerpt":{"rendered":"<p>SIGA-NOS Cria do Vasco, Paulinho receber\u00e1 medalha Pedro Ernesto nesta 5\u00aa-feira na C\u00e2mara Municipal do Rio Quarta-feira, 01\/06\/2022 &#8211; 14:40<\/p>\n","protected":false},"author":1,"featured_media":18909,"comment_status":"closed","ping_status":"closed","sticky":false,"template":"","format":"standard","meta":{"colormag_page_container_layout":"default_layout","colormag_page_sidebar_layout":"default_layout","footnotes":""},"categories":[15],"tags":[],"class_list":["post-18908","post","type-post","status-publish","format-standard","has-post-thumbnail","hentry","category-noticias"],"_links":{"self":[{"href":"https:\/\/euvivoaselecao.com.br\/index.php\/wp-json\/wp\/v2\/posts\/18908","targetHints":{"allow":["GET"]}}],"collection":[{"href":"https:\/\/euvivoaselecao.com.br\/index.php\/wp-json\/wp\/v2\/posts"}],"about":[{"href":"https:\/\/euvivoaselecao.com.br\/index.php\/wp-json\/wp\/v2\/types\/post"}],"author":[{"embeddable":true,"href":"https:\/\/euvivoaselecao.com.br\/index.php\/wp-json\/wp\/v2\/users\/1"}],"replies":[{"embeddable":true,"href":"https:\/\/euvivoaselecao.com.br\/index.php\/wp-json\/wp\/v2\/comments?post=18908"}],"version-history":[{"count":1,"href":"https:\/\/euvivoaselecao.com.br\/index.php\/wp-json\/wp\/v2\/posts\/18908\/revisions"}],"predecessor-version":[{"id":18910,"href":"https:\/\/euvivoaselecao.com.br\/index.php\/wp-json\/wp\/v2\/posts\/18908\/revisions\/18910"}],"wp:featuredmedia":[{"embeddable":true,"href":"https:\/\/euvivoaselecao.com.br\/index.php\/wp-json\/wp\/v2\/media\/18909"}],"wp:attachment":[{"href":"https:\/\/euvivoaselecao.com.br\/index.php\/wp-json\/wp\/v2\/media?parent=18908"}],"wp:term":[{"taxonomy":"category","embeddable":true,"href":"https:\/\/euvivoaselecao.com.br\/index.php\/wp-json\/wp\/v2\/categories?post=18908"},{"taxonomy":"post_tag","embeddable":true,"href":"https:\/\/euvivoaselecao.com.br\/index.php\/wp-json\/wp\/v2\/tags?post=18908"}],"curies":[{"name":"wp","href":"https:\/\/api.w.org\/{rel}","templated":true}]}}