{"id":18911,"date":"2022-06-01T17:00:27","date_gmt":"2022-06-01T20:00:27","guid":{"rendered":"https:\/\/euvivoaselecao.com.br\/?p=18911"},"modified":"2022-06-01T17:00:27","modified_gmt":"2022-06-01T20:00:27","slug":"meia-do-city-tenta-o-terceiro-premio-de-jogador-do-ano","status":"publish","type":"post","link":"https:\/\/euvivoaselecao.com.br\/index.php\/2022\/06\/01\/meia-do-city-tenta-o-terceiro-premio-de-jogador-do-ano\/","title":{"rendered":"Meia do City tenta o terceiro pr\u00eamio de &#039;Jogador do Ano&#039;"},"content":{"rendered":"<br \/>\n<h1 class=\"intro__title\" style=\"background: linear-gradient(90deg, rgb(0, 73, 89) 30%, rgba(0, 110, 133, 0.6) 90%)\"> Meia do City tenta o terceiro pr\u00eamio de &#8216;Jogador do Ano&#8217; <\/h1>\n<h2 class=\"intro__subtitle\"> De Bruyne ganhou o prestigiado pr\u00eamio, votado pelos jogadores, em 2020 e 21. Van Dijk e Salah tamb\u00e9m j\u00e1 ficaram com a premia\u00e7\u00e3o <\/h2>\n<p class=\"intro__resume\"> O belga Kevin De Bruyne est\u00e1 na disputa do pr\u00eamio de &#8216;Jogador do Ano&#8217; do futebol ingl\u00eas pela terceira temporada consecutiva <\/p>\n<p>Categorias:                                                                      <a href=\"https:\/\/www.futebolinterior.com.br\/futebol-mundo\/\">                                          Futebol Mundo                                    <\/a>                                                                  <\/p>\n<p>Por: <a href=\"https:\/\/www.futebolinterior.com.br\/opniao\/agencia-estado\/\" title=\"Ag\u00eancia Estado\">Ag\u00eancia Estado<\/a>, 01\/06\/2022 <\/p>\n<p>                                                                                                                                                              <img decoding=\"async\" width=\"750\" height=\"393\" src=\"https:\/\/images.futebolinterior.com.br\/2022\/06\/de-bruyne.jpg\" class=\"attachment-post-thumbnail size-post-thumbnail wp-post-image\" alt=\"de bruyne\" loading=\"lazy\" title=\"Meia do City tenta o terceiro pr\u00eamio de &#039;Jogador do Ano&#039; 1\">                                                            Kevin De Bruyne (Foto: Divulga\u00e7\u00e3o \/ Manchester City)                                                                                                                                                                                                                                                                                                                                                                                                                                                                                                                                                                                                                                                                                                                                                                                                                                                                                 <\/p>\n<p>Campinas, SP, 01 &#8211; O belga Kevin De Bruyne, meio-campista do <strong><a href=\"https:\/\/www.futebolinterior.com.br\/clube\/manchester-city-football-club\/\">Manchester City<\/a><\/strong>, est\u00e1 na disputa do pr\u00eamio de &#8216;Jogador do Ano&#8217; do futebol ingl\u00eas pela terceira temporada consecutiva.<\/p>\n<h2>&#8216;JOGADOR DO ANO&#8217;<\/h2>\n<p>De Bruyne faz parte de uma lista com mais cinco nomes, revelada nesta quarta-feira. Ele est\u00e1 ao lado de Sadio Mane, Virgil van Dijk e Mohamed Salah, todos do <strong>Liverpool<\/strong>, al\u00e9m de Harry Kane, do <strong>Tottenham<\/strong>, e de Cristiano Ronaldo, <strong>Manchester United<\/strong>.<\/p>\n<p>O Manchester City, campe\u00e3o <strong><a href=\"https:\/\/www.premierleague.com\/\" target=\"_blank\" rel=\"noreferrer noopener\">ingl\u00eas<\/a><\/strong>, foi superado na lista em n\u00famero de jogadores pelo rival Liverpool, vice-campe\u00e3o.<\/p>\n<p>De Bruyne ganhou o prestigiado pr\u00eamio, votado pelos jogadores, em 2020 e 21. Van Dijk e Salah tamb\u00e9m j\u00e1 ficaram com a premia\u00e7\u00e3o.<\/p>\n<h2>&#8216;JOGADORA DO ANO&#8217;<\/h2>\n<p>A lista de finalistas para o pr\u00eamio de &#8216;Jogadora do Ano&#8217; tem Pernille Harder, Sam Kerr (ambas do Chelsea), Vivianne Miedema, Kim Little (as duas do Arsenal), al\u00e9m de Alex Greenwood e Lauren Hemp, do Manchester City.<\/p>\n<h3 class=\"checkit__title\"> Confira tamb\u00e9m: <\/h3>\n<p>Fonte: <a href=\"\/\/www.futebolinterior.com.br\/meia-do-city-tenta-o-terceiro-premio-de-jogador-do-ano\" title=\"www.futebolinterior.com.br\/meia-do-city-tenta-o-terceiro-premio-de-jogador-do-ano\" target=\"_blank\" rel=\"bookmark noopener\"><cite>www.futebolinterior.com.br\/meia-do-city-tenta-o-terceiro-premio-de-jogador-do-ano<\/cite><\/a><\/p>\n","protected":false},"excerpt":{"rendered":"<p>Meia do City tenta o terceiro pr\u00eamio de &#8216;Jogador do Ano&#8217; De Bruyne ganhou o prestigiado pr\u00eamio, votado pelos jogadores,<\/p>\n","protected":false},"author":1,"featured_media":0,"comment_status":"closed","ping_status":"closed","sticky":false,"template":"","format":"standard","meta":{"colormag_page_container_layout":"default_layout","colormag_page_sidebar_layout":"default_layout","footnotes":""},"categories":[15],"tags":[],"class_list":["post-18911","post","type-post","status-publish","format-standard","hentry","category-noticias"],"_links":{"self":[{"href":"https:\/\/euvivoaselecao.com.br\/index.php\/wp-json\/wp\/v2\/posts\/18911","targetHints":{"allow":["GET"]}}],"collection":[{"href":"https:\/\/euvivoaselecao.com.br\/index.php\/wp-json\/wp\/v2\/posts"}],"about":[{"href":"https:\/\/euvivoaselecao.com.br\/index.php\/wp-json\/wp\/v2\/types\/post"}],"author":[{"embeddable":true,"href":"https:\/\/euvivoaselecao.com.br\/index.php\/wp-json\/wp\/v2\/users\/1"}],"replies":[{"embeddable":true,"href":"https:\/\/euvivoaselecao.com.br\/index.php\/wp-json\/wp\/v2\/comments?post=18911"}],"version-history":[{"count":1,"href":"https:\/\/euvivoaselecao.com.br\/index.php\/wp-json\/wp\/v2\/posts\/18911\/revisions"}],"predecessor-version":[{"id":18912,"href":"https:\/\/euvivoaselecao.com.br\/index.php\/wp-json\/wp\/v2\/posts\/18911\/revisions\/18912"}],"wp:attachment":[{"href":"https:\/\/euvivoaselecao.com.br\/index.php\/wp-json\/wp\/v2\/media?parent=18911"}],"wp:term":[{"taxonomy":"category","embeddable":true,"href":"https:\/\/euvivoaselecao.com.br\/index.php\/wp-json\/wp\/v2\/categories?post=18911"},{"taxonomy":"post_tag","embeddable":true,"href":"https:\/\/euvivoaselecao.com.br\/index.php\/wp-json\/wp\/v2\/tags?post=18911"}],"curies":[{"name":"wp","href":"https:\/\/api.w.org\/{rel}","templated":true}]}}