{"id":18919,"date":"2022-06-01T19:59:45","date_gmt":"2022-06-01T22:59:45","guid":{"rendered":"https:\/\/euvivoaselecao.com.br\/?p=18919"},"modified":"2022-06-01T19:59:45","modified_gmt":"2022-06-01T22:59:45","slug":"america-mg-recusa-proposta-para-vender-joia-das-categorias-de-base","status":"publish","type":"post","link":"https:\/\/euvivoaselecao.com.br\/index.php\/2022\/06\/01\/america-mg-recusa-proposta-para-vender-joia-das-categorias-de-base\/","title":{"rendered":"Am\u00e9rica-MG recusa proposta para vender joia das categorias de base"},"content":{"rendered":"<br \/>\n<h1 class=\"intro__title\" style=\"background: linear-gradient(90deg, rgb(0, 33, 0) 30%, rgba(0, 50, 0, 0.6) 90%)\"> Am\u00e9rica-MG recusa proposta para vender joia das categorias de base <\/h1>\n<h2 class=\"intro__subtitle\"> Coelho est\u00e1 em processo de reestrutura\u00e7\u00e3o com a SAF e quer valorizar a base. <\/h2>\n<p>Categorias:                                                                      <a href=\"https:\/\/www.futebolinterior.com.br\/futebol-brasil\/\">                                          Futebol Brasil                                    <\/a>                                                                  <\/p>\n<p>Por: <a href=\"https:\/\/www.futebolinterior.com.br\/opniao\/agencia-futebol-interior\/\" title=\"Ag\u00eancia Futebol Interior\">Ag\u00eancia Futebol Interior<\/a>, 01\/06\/2022 <\/p>\n<p>                                                                                                                                                              <img decoding=\"async\" width=\"642\" height=\"416\" src=\"https:\/\/images.futebolinterior.com.br\/2022\/06\/Gustavinho-America-2022.jpg\" class=\"attachment-post-thumbnail size-post-thumbnail wp-post-image\" alt=\"Gustavinho America 2022\" loading=\"lazy\" title=\"Am\u00e9rica-MG recusa proposta para vender joia das categorias de base 1\">                                                            Jogador tem 16 jogos na temporada. Foto: Mour\u00e3o Panda \/ Am\u00e9rica                                                                                                                                                                                                                                                                                                                                                                                                                                                                                                                                                                                                                                                                                                                                                                                                                                                                                 <\/p>\n<p>Belo Horizonte, MG, 01 (AFI) \u2013 Se organizando financeiramente, o <strong><a href=\"https:\/\/www.futebolinterior.com.br\/clube\/america-futebol-clube-coelho\/\">Am\u00e9rica-MG<\/a><\/strong> tamb\u00e9m tem feito jogo duro com outros clubes quando o assunto \u00e9 a <strong>venda <\/strong>de jogadores. Em entrevista coletiva nesta quarta-feira, o meia-atacante <strong>Gustavinho <\/strong>revelou que o Coelho recusou proposta de outro rival.<\/p>\n<\/p>\n<p>\u201cDe fato isso ocorreu, mas para mim n\u00e3o foi um problema, porque sempre foi um desejo ficar aqui, renovar meu contrato. Isso meus empres\u00e1rios j\u00e1 sabiam, o Salum j\u00e1 sabia, porque eu abri isso com ele\u201d, disse o jogador.<\/p>\n<\/p>\n<p>Ou seja, em nenhum momento Gustavinho cogitou deixar o Coelho e sempre deixou claro para a diretoria a sua inten\u00e7\u00e3o de cumprir o contrato profissional.<\/p>\n<\/p>\n<p>O meia-atacante foi integrado ao elenco profissional no ano passado e em 2022 j\u00e1 fez 16 jogos, com um gol e outra assist\u00eancia. Gustavinho tem qualidade e inclusive j\u00e1 foi elogiado pelo t\u00e9cnico Vagner Mancini, que tem o jogador como op\u00e7\u00e3o para as partidas do Campeonato Brasileiro.<\/p>\n<\/p>\n<p>Gustavinho tamb\u00e9m valorizou o seu trabalho no Am\u00e9rica-MG e garantiu foco total para desempenhar seu melhor futebol.<\/p>\n<\/p>\n<p>\u201cEu acho que a quest\u00e3o de sondagens, de negocia\u00e7\u00e3o, vai acontecer na hora que tiverem que acontecer. Meu foco foi sempre aqui no Am\u00e9rica-MG. Minha cabe\u00e7a sempre esteve 100% em ajudar a equipe e ter meu compromisso aqui. Eu tenho contrato com o clube, ent\u00e3o eu foco total em ajudar e evoluir. E as negocia\u00e7\u00f5es eu deixo para meus empres\u00e1rios e diretores do clube\u201d, completou.<\/p>\n<\/p>\n<p>O Am\u00e9rica-MG volta a campo no s\u00e1bado para enfrentar o Cuiab\u00e1, \u00e0s 16h30, no Independ\u00eancia, em Belo Horizonte. O Coelho \u00e9 o d\u00e9cimo colocado, com 11 pontos.<\/p>\n<h3 class=\"checkit__title\"> Confira tamb\u00e9m: <\/h3>\n<p>Fonte: <a href=\"\/\/www.futebolinterior.com.br\/america-mg-recusa-proposta-para-vender-joia-das-categorias-de-base\" title=\"www.futebolinterior.com.br\/america-mg-recusa-proposta-para-vender-joia-das-categorias-de-base\" target=\"_blank\" rel=\"bookmark noopener\"><cite>www.futebolinterior.com.br\/america-mg-recusa-proposta-para-vender-joia-das-categorias-de-base<\/cite><\/a><\/p>\n","protected":false},"excerpt":{"rendered":"<p>Am\u00e9rica-MG recusa proposta para vender joia das categorias de base Coelho est\u00e1 em processo de reestrutura\u00e7\u00e3o com a SAF e<\/p>\n","protected":false},"author":1,"featured_media":0,"comment_status":"closed","ping_status":"closed","sticky":false,"template":"","format":"standard","meta":{"colormag_page_container_layout":"default_layout","colormag_page_sidebar_layout":"default_layout","footnotes":""},"categories":[15],"tags":[],"class_list":["post-18919","post","type-post","status-publish","format-standard","hentry","category-noticias"],"_links":{"self":[{"href":"https:\/\/euvivoaselecao.com.br\/index.php\/wp-json\/wp\/v2\/posts\/18919","targetHints":{"allow":["GET"]}}],"collection":[{"href":"https:\/\/euvivoaselecao.com.br\/index.php\/wp-json\/wp\/v2\/posts"}],"about":[{"href":"https:\/\/euvivoaselecao.com.br\/index.php\/wp-json\/wp\/v2\/types\/post"}],"author":[{"embeddable":true,"href":"https:\/\/euvivoaselecao.com.br\/index.php\/wp-json\/wp\/v2\/users\/1"}],"replies":[{"embeddable":true,"href":"https:\/\/euvivoaselecao.com.br\/index.php\/wp-json\/wp\/v2\/comments?post=18919"}],"version-history":[{"count":1,"href":"https:\/\/euvivoaselecao.com.br\/index.php\/wp-json\/wp\/v2\/posts\/18919\/revisions"}],"predecessor-version":[{"id":18920,"href":"https:\/\/euvivoaselecao.com.br\/index.php\/wp-json\/wp\/v2\/posts\/18919\/revisions\/18920"}],"wp:attachment":[{"href":"https:\/\/euvivoaselecao.com.br\/index.php\/wp-json\/wp\/v2\/media?parent=18919"}],"wp:term":[{"taxonomy":"category","embeddable":true,"href":"https:\/\/euvivoaselecao.com.br\/index.php\/wp-json\/wp\/v2\/categories?post=18919"},{"taxonomy":"post_tag","embeddable":true,"href":"https:\/\/euvivoaselecao.com.br\/index.php\/wp-json\/wp\/v2\/tags?post=18919"}],"curies":[{"name":"wp","href":"https:\/\/api.w.org\/{rel}","templated":true}]}}