{"id":18924,"date":"2022-06-01T22:58:51","date_gmt":"2022-06-02T01:58:51","guid":{"rendered":"https:\/\/euvivoaselecao.com.br\/?p=18924"},"modified":"2022-06-01T22:58:51","modified_gmt":"2022-06-02T01:58:51","slug":"fortaleza-0-x-1-ceara-vozao-respira-e-afunda-rival","status":"publish","type":"post","link":"https:\/\/euvivoaselecao.com.br\/index.php\/2022\/06\/01\/fortaleza-0-x-1-ceara-vozao-respira-e-afunda-rival\/","title":{"rendered":"Fortaleza 0 x 1 Cear\u00e1 &#8211; Voz\u00e3o respira e afunda rival"},"content":{"rendered":"<br \/>\n<h1 class=\"intro__title -pos-jogo\" style=\"background: linear-gradient(90deg, #188038 30%, rgba(0, 39, 12, 0.6) 75%)\">                                                                                                                                                                                                                                                                                                        <img decoding=\"async\" src=\"https:\/\/www.futebolinterior.com.br\/wp-content\/uploads\/2020\/11\/unnamed-file-120-150x150.png\" alt=\"Cear\u00e1\">                                                                                                                                              Fortaleza 0 x 1 Cear\u00e1 &#8211; Voz\u00e3o respira e afunda rival <\/h1>\n<h2 class=\"intro__subtitle\"> O Cear\u00e1 jogou com um jogador a mais desde os 19 minutos do primeiro tempo, quando Felipe foi expulso ap\u00f3s confus\u00e3o <\/h2>\n<p>Categorias:                                                              <a href=\"https:\/\/www.futebolinterior.com.br\/futebol-brasil\/\">                                      Futebol Brasil                                <\/a>                                                          <\/p>\n<p>Por: <a href=\"https:\/\/www.futebolinterior.com.br\/opniao\/agencia-futebol-interior\/\" title=\"Ag\u00eancia Futebol Interior\">Ag\u00eancia Futebol Interior<\/a>, 01\/06\/2022 <\/p>\n<p>                                                                                                              <img decoding=\"async\" width=\"483\" height=\"331\" src=\"https:\/\/images.futebolinterior.com.br\/2022\/06\/ceara.jpg\" class=\"attachment-post-thumbnail size-post-thumbnail wp-post-image\" alt=\"ceara\" loading=\"lazy\" title=\"Fortaleza 0 x 1 Cear\u00e1 - Voz\u00e3o respira e afunda rival 1\">                                                                                                                                                                                                                                                                                                                                                                                                                                                                                                                                                                                                                                                                                                                                                                                                                                                   <\/p>\n<p>Fortaleza, CE, 01 (AFI) &#8211; O <strong>Cear\u00e1 <\/strong>levou a melhor no Cl\u00e1ssico-Rei e superou o <strong>Fortaleza<\/strong>, por 1 a 0, na noite desta quarta-feira. Os times se enfrentaram em jogo atrasado da terceira rodada do<strong> Campeonato Brasileiro S\u00e9rie B<\/strong>, no Castel\u00e3o, em Fortaleza (CE). O gol da vit\u00f3ria foi marcado por Cl\u00e9ber, ainda no primeiro tempo.<\/p>\n<p>O Cear\u00e1 jogou com um jogador a mais desde os 19 minutos do primeiro tempo, quando Felipe foi expulso ap\u00f3s confus\u00e3o. Mesmo com desvantagem num\u00e9rica, o Fortaleza fez jogo equilibrado e exerceu press\u00e3o no fim da partida, quase conseguindo o empate.<\/p>\n<p>Com o resultado, o Cear\u00e1 encerra sequ\u00eancia de seis jogos sem vencer no Brasileir\u00e3o. A \u00fanica vit\u00f3ria at\u00e9 ent\u00e3o havia sido contra o Palmeiras, fora de casa, por 3 a 2, ainda na estreia. O time chegou a nove pontos e aparece em 15\u00ba lugar. O Fortaleza, por outro lado, \u00e9 o \u00fanico que ainda n\u00e3o venceu e segue na lanterna (20\u00aa) com dois pontos, a cinco do Juventude, 19\u00ba.<\/p>\n<h2 class=\"is-style--dashed\">JOGO NERVOSO<\/h2>\n<p>O primeiro tempo do cl\u00e1ssico foi nervoso, mas com pouco futebol. O \u00e1rbitro parou a partida duas vezes por conta da fuma\u00e7a vinda dos sinalizadores. Sem chances perigosas, o que se destacou foi confus\u00e3o generalizada entre os jogadores, que resultou na expuls\u00e3o de Felipe, deixando o Fortaleza com um a menos aos 19 minutos.<\/p>\n<p>A partir da\u00ed, a partida de fato come\u00e7ou. Mesmo com um a menos, o Fortaleza quase abriu o placar em jogada de Mois\u00e9s, que invadiu a \u00e1rea e chutou cruzado com muito perigo. Depois disso, por\u00e9m, o Fortaleza viu o Cear\u00e1 crescer. Erick quase marcou um gola\u00e7o ao pegar rebote na entrada da \u00e1rea e chutar de primeira.<\/p>\n<p>Vina at\u00e9 balan\u00e7ou a rede para o Cear\u00e1, mas estava impedido. Depois foi a vez de Lima acertar o travess\u00e3o. De tanto tentar, o time alvinegro abriu o placar aos 55 minutos. Ap\u00f3s lindo passe de calcanhar de Vina, Cl\u00e9ber saiu na cara do gol e finalizou muito bem para marcar.<\/p>\n<h2 class=\"is-style--dashed\">SEGUNDO TEMPO MAIS TRANQUILA<\/h2>\n<p>O segundo tempo foi bem mais tranquilo, tanto no \u00e2nimos dos jogadores quanto nas chances de gols. O Cear\u00e1 foi o primeiro a arriscar com Fernando Sobral, que parou em defesa segura de Marcelo Boeck. O Fortaleza respondeu bem com jogada de Ceballos na direita. Ele rolou para tr\u00e1s, para Robson, que chutou torto e perdeu grande chance.<\/p>\n<p>O Fortaleza exerceu press\u00e3o \u00e0 medida que o Cear\u00e1 recuou. No lance mais perigoso, Robson recebeu na \u00e1rea, pela esquerda, e tentou acionar Titi na pequena \u00e1rea, mas o goleiro Jo\u00e3o Ricardo salvou. Pikachu ainda teve cobran\u00e7a de falta e Benevenuto tentou cabe\u00e7ada, mas n\u00e3o evitaram a derrota.<\/p>\n<h2 class=\"is-style--dashed\">PR\u00d3XIMOS JOGOS<\/h2>\n<p>O Fortaleza volta a campo no domingo para enfrentar o Flamengo, \u00e0s 16 horas, no Maracan\u00e3, no Rio de Janeiro. Enquanto o Cear\u00e1 receber\u00e1 o Coritiba no s\u00e1bado, \u00e0s 19 horas, no Castel\u00e3o, em Fortaleza.<\/p>\n<h3 class=\"endgame__title\">FICHA T\u00c9CNICA<\/h3>\n<p>                                                                                                             <img decoding=\"async\" src=\"https:\/\/www.futebolinterior.com.br\/wp-content\/uploads\/2020\/11\/unnamed-file-72-150x150.png\" alt=\"Fortaleza\" class=\"endgame__score-team-img\" title=\"Fortaleza 0 x 1 Cear\u00e1 - Voz\u00e3o respira e afunda rival 2\">                                                              Fortaleza                                                                                                            0                              <i class=\"icon\">                                                                                                                                                         <\/i>                              1                                                                                <img decoding=\"async\" src=\"https:\/\/www.futebolinterior.com.br\/wp-content\/uploads\/2020\/11\/unnamed-file-120-150x150.png\" alt=\"Cear\u00e1\" class=\"endgame__score-team-img\" title=\"Fortaleza 0 x 1 Cear\u00e1 - Voz\u00e3o respira e afunda rival 3\">                                                              Cear\u00e1                                                                                                                                                                                                                                                   <i class=\"icon\"> <img decoding=\"async\" src=\"https:\/\/www.futebolinterior.com.br\/wp-content\/themes\/futebol-interior\/assets\/img\/ficha-tecnica\/fase.svg\" alt=\"Fase\" class=\"endgame__score-team-img\" title=\"Fortaleza 0 x 1 Cear\u00e1 - Voz\u00e3o respira e afunda rival 4\"> <\/i>                                      Fase:                                                                  \u00danica                                                                                                                                                                                                         <i class=\"icon\"> <img decoding=\"async\" src=\"https:\/\/www.futebolinterior.com.br\/wp-content\/themes\/futebol-interior\/assets\/img\/ficha-tecnica\/rodada.svg\" alt=\"Fase\" class=\"endgame__score-team-img\" title=\"Fortaleza 0 x 1 Cear\u00e1 - Voz\u00e3o respira e afunda rival 5\"> <\/i>                                      Rodada:                                                                  3\u00aa                                                                                                                                                                                 <i class=\"icon\"> <img decoding=\"async\" src=\"https:\/\/www.futebolinterior.com.br\/wp-content\/themes\/futebol-interior\/assets\/img\/ficha-tecnica\/data.svg\" alt=\"Fase\" class=\"endgame__score-team-img\" title=\"Fortaleza 0 x 1 Cear\u00e1 - Voz\u00e3o respira e afunda rival 6\"> <\/i>                                      Data:                                                                                                       01\/06\/2022                                                                                                                                                                                                                 <i class=\"icon\"> <img decoding=\"async\" src=\"https:\/\/www.futebolinterior.com.br\/wp-content\/themes\/futebol-interior\/assets\/img\/ficha-tecnica\/hora.svg\" alt=\"Fase\" class=\"endgame__score-team-img\" title=\"Fortaleza 0 x 1 Cear\u00e1 - Voz\u00e3o respira e afunda rival 7\"> <\/i>                                      Hora:                                                                                                       8:30 pm                                                                                                                                                                                                                                                           <i class=\"icon\"> <img decoding=\"async\" src=\"https:\/\/www.futebolinterior.com.br\/wp-content\/themes\/futebol-interior\/assets\/img\/ficha-tecnica\/arbitragem.svg\" alt=\"Fase\" class=\"endgame__score-team-img\" title=\"Fortaleza 0 x 1 Cear\u00e1 - Voz\u00e3o respira e afunda rival 8\"> <\/i>                                      Arbitro:                                                                                                       Br\u00e1ulio da Silva Machado (SC)                                                                                                                                                                                                                 <i class=\"icon\"> <img decoding=\"async\" src=\"https:\/\/www.futebolinterior.com.br\/wp-content\/themes\/futebol-interior\/assets\/img\/ficha-tecnica\/assistentes.svg\" alt=\"Fase\" class=\"endgame__score-team-img\" title=\"Fortaleza 0 x 1 Cear\u00e1 - Voz\u00e3o respira e afunda rival 9\"> <\/i>                                      Assistentes:                                                                                                                                               Alex dos Santos (SC) e Thiaggo Americano Labes (SC)                                                                                                                                                                                                                                                                                                                       <i class=\"icon\"> <img decoding=\"async\" src=\"https:\/\/www.futebolinterior.com.br\/wp-content\/themes\/futebol-interior\/assets\/img\/ficha-tecnica\/estadio.svg\" alt=\"Fase\" class=\"endgame__score-team-img\" title=\"Fortaleza 0 x 1 Cear\u00e1 - Voz\u00e3o respira e afunda rival 10\"> <\/i>                                      Est\u00e1dio:                                                                  Castel\u00e3o                                                                                                                                                                                                                                                                           <i class=\"icon\"> <img decoding=\"async\" src=\"https:\/\/www.futebolinterior.com.br\/wp-content\/themes\/futebol-interior\/assets\/img\/ficha-tecnica\/local.svg\" alt=\"Fase\" class=\"endgame__score-team-img\" title=\"Fortaleza 0 x 1 Cear\u00e1 - Voz\u00e3o respira e afunda rival 11\"> <\/i>                                      Endere\u00e7o:                                                                                                       Fortaleza (CE)                                                                                                                                                                                                                                                                                                                               <i class=\"icon\"> <img decoding=\"async\" src=\"https:\/\/www.futebolinterior.com.br\/wp-content\/themes\/futebol-interior\/assets\/img\/ficha-tecnica\/cartao-amarelo.svg\" alt=\"Fase\" class=\"endgame__score-team-img\" title=\"Fortaleza 0 x 1 Cear\u00e1 - Voz\u00e3o respira e afunda rival 12\"> <\/i>                                      Cart\u00f5es Amarelos:                                                                                                                                                           <b>Fortaleza:<\/b> Ceballos, Yago Pikachu, Lucas Lima e Jos\u00e9 Welison                                                                                                                                                                    <b>Cear\u00e1:<\/b> Richard Coelho, Richardson, Lima e Cl\u00e9ber                                                                                                                                                                                                                                                                                                                                     <i class=\"icon\"> <img decoding=\"async\" src=\"https:\/\/www.futebolinterior.com.br\/wp-content\/themes\/futebol-interior\/assets\/img\/ficha-tecnica\/cartao-vermelho.svg\" alt=\"Fase\" class=\"endgame__score-team-img\" title=\"Fortaleza 0 x 1 Cear\u00e1 - Voz\u00e3o respira e afunda rival 13\"> <\/i>                                      Cart\u00f5es Vermelhos:                                                                                                                                                           <b>Fortaleza:<\/b> Felipe                                                                                                                                                                                                                                                                                                                                     <i class=\"icon\"> <img decoding=\"async\" src=\"https:\/\/www.futebolinterior.com.br\/wp-content\/themes\/futebol-interior\/assets\/img\/ficha-tecnica\/gols.svg\" alt=\"Fase\" class=\"endgame__score-team-img\" title=\"Fortaleza 0 x 1 Cear\u00e1 - Voz\u00e3o respira e afunda rival 14\"> <\/i>                                      GOLS:                                                                                                                                               <b>Cear\u00e1:<\/b> Cl\u00e9ber 55&#8242; 1T                                                                                                                                                                                                                                                                               <img decoding=\"async\" src=\"https:\/\/www.futebolinterior.com.br\/wp-content\/uploads\/2020\/11\/unnamed-file-72-150x150.png\" alt=\"Fortaleza Esporte Clube\" title=\"Fortaleza 0 x 1 Cear\u00e1 - Voz\u00e3o respira e afunda rival 15\">                             Fortaleza                                                                                                                                              <\/p>\n<p>Marcelo Boeck; Ceballos (Romarinho), Marcelo Benevenuto e Titi; Felipe, H\u00e9rcules (Lucas Crispim), Yago Pikachu, Lucas Lima (Jos\u00e9 Welison) e Juninho Capixaba; Silvio Romero (Robson) e Mois\u00e9s (Depietri).<\/p>\n<p>                                                                                                                                            <b>T\u00e9cnico:<\/b> Juan Vojvoda                                                                                                                                                    <img decoding=\"async\" src=\"https:\/\/www.futebolinterior.com.br\/wp-content\/uploads\/2020\/11\/unnamed-file-120-150x150.png\" alt=\"Cear\u00e1 Sporting Club\" title=\"Fortaleza 0 x 1 Cear\u00e1 - Voz\u00e3o respira e afunda rival 16\">                             Cear\u00e1                                                                                                                                               <\/p>\n<p>Jo\u00e3o Ricardo; Nino Para\u00edba, Messias, Luiz Ot\u00e1vio (Gabriel Lacerda) e Victor Lu\u00eds; Richard Coelho, Richardson (Fernando Sobral), Lima e Vina (Marcos Victor); Cl\u00e9ber (Matheus Peixoto) e Erick (Iury Castilho).<\/p>\n<p>                                                                                                                                             <b>T\u00e9cnico:<\/b> Dorival J\u00fanior                                                                                                                                                                                                                                                                                                                                                                                                                                                                                                                                                                                                                                                                                                                                                                                                                                                                                                          <\/p>\n<p>Fonte: <a href=\"\/\/www.futebolinterior.com.br\/fortaleza-0-x-1-ceara-vozao-respira-e-afunda-rival\" title=\"www.futebolinterior.com.br\/fortaleza-0-x-1-ceara-vozao-respira-e-afunda-rival\" target=\"_blank\" rel=\"bookmark noopener\"><cite>www.futebolinterior.com.br\/fortaleza-0-x-1-ceara-vozao-respira-e-afunda-rival<\/cite><\/a><\/p>\n","protected":false},"excerpt":{"rendered":"<p>Fortaleza 0 x 1 Cear\u00e1 &#8211; Voz\u00e3o respira e afunda rival O Cear\u00e1 jogou com um jogador a mais desde<\/p>\n","protected":false},"author":1,"featured_media":18925,"comment_status":"closed","ping_status":"closed","sticky":false,"template":"","format":"standard","meta":{"colormag_page_container_layout":"default_layout","colormag_page_sidebar_layout":"default_layout","footnotes":""},"categories":[15],"tags":[],"class_list":["post-18924","post","type-post","status-publish","format-standard","has-post-thumbnail","hentry","category-noticias"],"_links":{"self":[{"href":"https:\/\/euvivoaselecao.com.br\/index.php\/wp-json\/wp\/v2\/posts\/18924","targetHints":{"allow":["GET"]}}],"collection":[{"href":"https:\/\/euvivoaselecao.com.br\/index.php\/wp-json\/wp\/v2\/posts"}],"about":[{"href":"https:\/\/euvivoaselecao.com.br\/index.php\/wp-json\/wp\/v2\/types\/post"}],"author":[{"embeddable":true,"href":"https:\/\/euvivoaselecao.com.br\/index.php\/wp-json\/wp\/v2\/users\/1"}],"replies":[{"embeddable":true,"href":"https:\/\/euvivoaselecao.com.br\/index.php\/wp-json\/wp\/v2\/comments?post=18924"}],"version-history":[{"count":1,"href":"https:\/\/euvivoaselecao.com.br\/index.php\/wp-json\/wp\/v2\/posts\/18924\/revisions"}],"predecessor-version":[{"id":18926,"href":"https:\/\/euvivoaselecao.com.br\/index.php\/wp-json\/wp\/v2\/posts\/18924\/revisions\/18926"}],"wp:featuredmedia":[{"embeddable":true,"href":"https:\/\/euvivoaselecao.com.br\/index.php\/wp-json\/wp\/v2\/media\/18925"}],"wp:attachment":[{"href":"https:\/\/euvivoaselecao.com.br\/index.php\/wp-json\/wp\/v2\/media?parent=18924"}],"wp:term":[{"taxonomy":"category","embeddable":true,"href":"https:\/\/euvivoaselecao.com.br\/index.php\/wp-json\/wp\/v2\/categories?post=18924"},{"taxonomy":"post_tag","embeddable":true,"href":"https:\/\/euvivoaselecao.com.br\/index.php\/wp-json\/wp\/v2\/tags?post=18924"}],"curies":[{"name":"wp","href":"https:\/\/api.w.org\/{rel}","templated":true}]}}