{"id":19106,"date":"2022-06-04T13:24:41","date_gmt":"2022-06-04T16:24:41","guid":{"rendered":"https:\/\/euvivoaselecao.com.br\/?p=19106"},"modified":"2022-06-04T13:24:41","modified_gmt":"2022-06-04T16:24:41","slug":"meninas-em-campo-novorizontino-joga-contra-ribeirao-preto-dificil","status":"publish","type":"post","link":"https:\/\/euvivoaselecao.com.br\/index.php\/2022\/06\/04\/meninas-em-campo-novorizontino-joga-contra-ribeirao-preto-dificil\/","title":{"rendered":"Meninas em Campo\/Novorizontino joga contra Ribeir\u00e3o Preto: &quot;Dif\u00edcil&quot;"},"content":{"rendered":"<br \/>\n<h1 class=\"intro__title\" style=\"background: linear-gradient(90deg, rgb(0, 0, 0) 30%, rgba(0, 0, 0, 0.6) 90%)\"> Meninas em Campo\/Novorizontino joga contra Ribeir\u00e3o Preto: &#8220;Dif\u00edcil&#8221; <\/h1>\n<h2 class=\"intro__subtitle\"> Equipe comandada pelo t\u00e9cnico Renato Fabri vem de vit\u00f3ria contra a Lemense e pega a AJVV Ribeir\u00e3o Preto, \u00e0s 9h30 deste domingo <\/h2>\n<p class=\"intro__resume\"> A equipe da Associa\u00e7\u00e3o Meninas em Campo\/Novorizontino enfrenta a AJVV Ribeir\u00e3o Preto, neste domingo (5), \u00e0s 9h30, cidade de Ribeir\u00e3o Preto <\/p>\n<p>Categorias:                                                                      <a href=\"https:\/\/www.futebolinterior.com.br\/futebol-feminino\/\">                                          Futebol Feminino                                    <\/a>                                                                  <\/p>\n<p>Por: <a href=\"https:\/\/www.futebolinterior.com.br\/opniao\/agencia-futebol-interior\/\" title=\"Ag\u00eancia Futebol Interior\">Ag\u00eancia Futebol Interior<\/a>, 04\/06\/2022 <\/p>\n<p>                                                                                                                                                              <img decoding=\"async\" width=\"815\" height=\"539\" src=\"https:\/\/images.futebolinterior.com.br\/2022\/06\/meninas-novorizontino.jpg\" class=\"attachment-post-thumbnail size-post-thumbnail wp-post-image\" alt=\"meninas novorizontino\" loading=\"lazy\" title=\"Meninas em Campo\/Novorizontino joga contra Ribeir\u00e3o Preto: &quot;Dif\u00edcil&quot; 1\">                                                            Meninas em Campo\/Novorizontino (Foto: Gustavo Ribeiro\/Novorizontino)                                                                                                                                                                                                                                                                                                                                                                                                                                                                                                                                                                                                                                                                                                                                                                                                                                                                                 <\/p>\n<p>Borborema, SP, 04 (AFI) &#8211; A equipe da <strong><a href=\"https:\/\/www.meninasemcampo.org.br\/\" target=\"_blank\" rel=\"noreferrer noopener\">Associa\u00e7\u00e3o Meninas em Campo<\/a>\/<a href=\"https:\/\/www.futebolinterior.com.br\/clube\/gremio-novorizontino\/\">Novorizontino<\/a> <\/strong>enfrenta a<strong> AJVV Ribeir\u00e3o Preto<\/strong>, neste domingo (5), \u00e0s 9h30, no Campo Verde Parque, no bairro S\u00e3o Sebasti\u00e3o, na cidade de Ribeir\u00e3o Preto, em seu terceiro compromisso pela <strong>Copa Vando Galv\u00e3o<\/strong> \u2013 \u201cToco\u201d \u2013 de Futebol Feminino. As meninas de Borborema, apoiadas pelo Tigre do Vale, buscam a segunda vit\u00f3ria seguida.<\/p>\n<p>\u201cTemos um jogo dif\u00edcil contra Ribeir\u00e3o Preto, nosso terceiro jogo, a equipe advers\u00e1ria vem de uma vit\u00f3ria, assim como n\u00f3s, mas estamos tranquilos. Vamos fazer um jogo com calma, aten\u00e7\u00e3o e buscar a vit\u00f3ria pra seguir bem na tabela e para chegarmos \u00e0 classifica\u00e7\u00e3o para semifinal\u201d, disse o t\u00e9cnico Renato Fabri.<\/p>\n<h2>COPA VANDO GALV\u00c3O<\/h2>\n<p>A Copa Vando Galv\u00e3o \u00e9 disputada em Grupo \u00danico e ainda re\u00fane as equipes da Nova Su\u00ed\u00e7a Limeira, Jardin\u00f3polis, Femi-Feras Ribeir\u00e3o Bonito e Sentinelas, da cidade de S\u00e3o Jos\u00e9 do Rio Pardo. No \u00faltimo dia 22, o time do Meninas em Campo bateu a Lemense (1 a 0), no est\u00e1dio Sebasti\u00e3o Rezende, o Rezend\u00e3o, em Borborema.<\/p>\n<p>\u201cFoi muito bom a primeira vit\u00f3ria, a gente precisava ganhar depois da estreia perdendo em Limeira, e em casa vencemos uma equipe que faz tempo que est\u00e1 no futebol feminino. N\u00f3s ainda estamos iniciando o projeto. Contra Ribeir\u00e3o Preto vai ser outro jogo truncado, elas jogam bem e est\u00e3o com duas vit\u00f3rias, mas vamos com objetivo de ganhar, a vit\u00f3ria nos fortaleceu como equipe e o time est\u00e1 entrosando e pegando confian\u00e7a\u201d, disse a volante e capit\u00e3 Cris.<\/p>\n<h3 class=\"checkit__title\"> Confira tamb\u00e9m: <\/h3>\n<p>Fonte: <a href=\"\/\/www.futebolinterior.com.br\/meninas-em-campo-novorizontino-joga-contra-ribeirao-preto-dificil\" title=\"www.futebolinterior.com.br\/meninas-em-campo-novorizontino-joga-contra-ribeirao-preto-dificil\" target=\"_blank\" rel=\"bookmark noopener\"><cite>www.futebolinterior.com.br\/meninas-em-campo-novorizontino-joga-contra-ribeirao-preto-dificil<\/cite><\/a><\/p>\n","protected":false},"excerpt":{"rendered":"<p>Meninas em Campo\/Novorizontino joga contra Ribeir\u00e3o Preto: &#8220;Dif\u00edcil&#8221; Equipe comandada pelo t\u00e9cnico Renato Fabri vem de vit\u00f3ria contra a Lemense<\/p>\n","protected":false},"author":1,"featured_media":0,"comment_status":"closed","ping_status":"closed","sticky":false,"template":"","format":"standard","meta":{"colormag_page_container_layout":"default_layout","colormag_page_sidebar_layout":"default_layout","footnotes":""},"categories":[15],"tags":[],"class_list":["post-19106","post","type-post","status-publish","format-standard","hentry","category-noticias"],"_links":{"self":[{"href":"https:\/\/euvivoaselecao.com.br\/index.php\/wp-json\/wp\/v2\/posts\/19106","targetHints":{"allow":["GET"]}}],"collection":[{"href":"https:\/\/euvivoaselecao.com.br\/index.php\/wp-json\/wp\/v2\/posts"}],"about":[{"href":"https:\/\/euvivoaselecao.com.br\/index.php\/wp-json\/wp\/v2\/types\/post"}],"author":[{"embeddable":true,"href":"https:\/\/euvivoaselecao.com.br\/index.php\/wp-json\/wp\/v2\/users\/1"}],"replies":[{"embeddable":true,"href":"https:\/\/euvivoaselecao.com.br\/index.php\/wp-json\/wp\/v2\/comments?post=19106"}],"version-history":[{"count":1,"href":"https:\/\/euvivoaselecao.com.br\/index.php\/wp-json\/wp\/v2\/posts\/19106\/revisions"}],"predecessor-version":[{"id":19107,"href":"https:\/\/euvivoaselecao.com.br\/index.php\/wp-json\/wp\/v2\/posts\/19106\/revisions\/19107"}],"wp:attachment":[{"href":"https:\/\/euvivoaselecao.com.br\/index.php\/wp-json\/wp\/v2\/media?parent=19106"}],"wp:term":[{"taxonomy":"category","embeddable":true,"href":"https:\/\/euvivoaselecao.com.br\/index.php\/wp-json\/wp\/v2\/categories?post=19106"},{"taxonomy":"post_tag","embeddable":true,"href":"https:\/\/euvivoaselecao.com.br\/index.php\/wp-json\/wp\/v2\/tags?post=19106"}],"curies":[{"name":"wp","href":"https:\/\/api.w.org\/{rel}","templated":true}]}}