{"id":19189,"date":"2022-06-05T16:23:49","date_gmt":"2022-06-05T19:23:49","guid":{"rendered":"https:\/\/euvivoaselecao.com.br\/?p=19189"},"modified":"2022-06-05T16:23:49","modified_gmt":"2022-06-05T19:23:49","slug":"fora-do-vasco-ze-ricardo-agradece-a-apoio-e-segue-para-o-japao","status":"publish","type":"post","link":"https:\/\/euvivoaselecao.com.br\/index.php\/2022\/06\/05\/fora-do-vasco-ze-ricardo-agradece-a-apoio-e-segue-para-o-japao\/","title":{"rendered":"Fora do Vasco, Z\u00e9 Ricardo agradece a apoio e segue para o Jap\u00e3o"},"content":{"rendered":"<br \/>\n<h1 class=\"intro__title\" style=\"background: linear-gradient(90deg, rgb(0, 0, 0) 30%, rgba(0, 0, 0, 0.6) 90%)\"> Fora do Vasco, Z\u00e9 Ricardo agradece a apoio e segue para o Jap\u00e3o <\/h1>\n<h2 class=\"intro__subtitle\"> Treinador citou &#8220;momento de incertezas no futebol brasileiro&#8221; como motivo da ida ao futebol japon\u00eas.  <\/h2>\n<p>Categorias:                                                                      <a href=\"https:\/\/www.futebolinterior.com.br\/grandes-clubes-do-brasil\/\">                                          Grandes clubes do Brasil                                    <\/a>                                                                  <\/p>\n<p>Por: <a href=\"https:\/\/www.futebolinterior.com.br\/opniao\/agencia-estado\/\" title=\"Ag\u00eancia Estado\">Ag\u00eancia Estado<\/a>, 05\/06\/2022 <\/p>\n<p>                                                                                                                                                              <img decoding=\"async\" width=\"1599\" height=\"1066\" src=\"https:\/\/images.futebolinterior.com.br\/2022\/06\/z-ricardo.jpg\" class=\"attachment-post-thumbnail size-post-thumbnail wp-post-image\" alt=\"z ricardo\" loading=\"lazy\" title=\"Fora do Vasco, Z\u00e9 Ricardo agradece a apoio e segue para o Jap\u00e3o 1\">                                                            Z\u00e9 Ricardo agradeceu pelo apoio no time carioca e disse que &#8220;futebol brasileiro \u00e9 inst\u00e1vel&#8221; (Foto: Facebook\/Vasco)                                                                                                                                                                                                                                                                                                                                                                                                                                                                                                                                                                                                                                                                                                                                                                                                                                                                                 <\/p>\n<p>Rio de Janeiro, RJ, 5 &#8211; Horas depois de o<strong> Vasco<\/strong> anunciar a sa\u00edda inesperada de <strong>Z\u00e9 Ricardo<\/strong>, o t\u00e9cnico confirmou que est\u00e1 se transferindo para o futebol <strong>japon\u00eas<\/strong>. O treinador de 51 anos assinou contrato de dois anos com o Shimizu S-Pulse, que disputa a primeira divis\u00e3o do campeonato do pa\u00eds asi\u00e1tico.<\/p>\n<p>&#8220;Em um momento de tantas incertezas e indefini\u00e7\u00f5es, como \u00e9 muito comum no meio do futebol, acabei aceitando o convite do Shimizu S-Pulse, da elite japonesa, onde ficarei pelos pr\u00f3ximos dois anos. Um novo desafio na minha carreira, em um pa\u00eds t\u00e3o elogiado por sua cultura e tradi\u00e7\u00e3o&#8221;, informou, pelas redes sociais.<\/p>\n<p>A despedida se deve \u00e0 boa proposta japonesa e tamb\u00e9m sobre a indefini\u00e7\u00e3o sobre Z\u00e9 Ricardo no futuro do clube carioca, que deve mudar de m\u00e3os nas pr\u00f3ximas semanas, com a negocia\u00e7\u00e3o avan\u00e7ada entre o Vasco e a 777 Partners, que deve confirmar a compra da SAF do clube carioca.<\/p>\n<h1>DESPEDIDA<\/h1>\n<p>Na mensagem publicada neste domingo, Z\u00e9 Ricardo se despediu dos jogadores, torcida e diretoria, agradecendo pelo apoio recebido. Em bom momento na S\u00e9rie B do Campeonato Brasileiro, o Vasco teve um fraco in\u00edcio na competi\u00e7\u00e3o e parte da torcida chegou a pedir a demiss\u00e3o do treinador, que foi bancado pela dire\u00e7\u00e3o.<\/p>\n<p>    <img decoding=\"async\" loading=\"lazy\" src=\"https:\/\/images.futebolinterior.com.br\/2022\/06\/z-ricardo-300x200.jpg\" alt=\"z ricardo\" class=\"wp-image-1620489\" width=\"813\" height=\"542\" title=\"Fora do Vasco, Z\u00e9 Ricardo agradece a apoio e segue para o Jap\u00e3o 2\">Z\u00e9 Ricardo agradeceu pelo apoio no time carioca e disse que &#8220;futebol brasileiro \u00e9 inst\u00e1vel&#8221; (Foto: Facebook\/Vasco)    <\/p>\n<p>&#8220;Com o cora\u00e7\u00e3o apertado, venho anunciar minha sa\u00edda do Club de Regatas Vasco da Gama. Gostaria de agradecer, de in\u00edcio, ao presidente Jorge Salgado pela honestidade e confian\u00e7a que sempre mostrou em meu trabalho e pelo suporte dado durante todo esse per\u00edodo, ao grupo extraordin\u00e1rio de atletas e homens, pelos quais terei sempre a maior admira\u00e7\u00e3o, carinho e respeito, e a todos os demais funcion\u00e1rios do clube, em especial do CT Moacyr Barbosa&#8221;, declarou o treinador.<\/p>\n<p>&#8220;Sem d\u00favida, deixo um lugar com o ambiente extremamente profissional, onde constru\u00edmos uma verdadeira fam\u00edlia. Foram meses intensos, de muito trabalho e dedica\u00e7\u00e3o. \u00c0 imensa e apaixonada torcida vasca\u00edna, tamb\u00e9m deixo o meu muito obrigado por tudo que vem fazendo durante os jogos. Poucas vezes vi uma sintonia e energia como as que S\u00e3o Janu\u00e1rio vinha nos proporcionando. Com voc\u00eas ao lado e jogando junto, tenho certeza que o objetivo maior ficar\u00e1 mais pr\u00f3ximo de ser alcan\u00e7ado&#8221;, afirmou Z\u00e9 Ricardo.<\/p>\n<p>Fonte: <a href=\"\/\/www.futebolinterior.com.br\/fora-do-vasco-ze-ricardo-agradece-a-apoio-e-segue-para-o-japao\" title=\"www.futebolinterior.com.br\/fora-do-vasco-ze-ricardo-agradece-a-apoio-e-segue-para-o-japao\" target=\"_blank\" rel=\"bookmark noopener\"><cite>www.futebolinterior.com.br\/fora-do-vasco-ze-ricardo-agradece-a-apoio-e-segue-para-o-japao<\/cite><\/a><\/p>\n","protected":false},"excerpt":{"rendered":"<p>Fora do Vasco, Z\u00e9 Ricardo agradece a apoio e segue para o Jap\u00e3o Treinador citou &#8220;momento de incertezas no futebol<\/p>\n","protected":false},"author":1,"featured_media":0,"comment_status":"closed","ping_status":"closed","sticky":false,"template":"","format":"standard","meta":{"colormag_page_container_layout":"default_layout","colormag_page_sidebar_layout":"default_layout","footnotes":""},"categories":[15],"tags":[],"class_list":["post-19189","post","type-post","status-publish","format-standard","hentry","category-noticias"],"_links":{"self":[{"href":"https:\/\/euvivoaselecao.com.br\/index.php\/wp-json\/wp\/v2\/posts\/19189","targetHints":{"allow":["GET"]}}],"collection":[{"href":"https:\/\/euvivoaselecao.com.br\/index.php\/wp-json\/wp\/v2\/posts"}],"about":[{"href":"https:\/\/euvivoaselecao.com.br\/index.php\/wp-json\/wp\/v2\/types\/post"}],"author":[{"embeddable":true,"href":"https:\/\/euvivoaselecao.com.br\/index.php\/wp-json\/wp\/v2\/users\/1"}],"replies":[{"embeddable":true,"href":"https:\/\/euvivoaselecao.com.br\/index.php\/wp-json\/wp\/v2\/comments?post=19189"}],"version-history":[{"count":1,"href":"https:\/\/euvivoaselecao.com.br\/index.php\/wp-json\/wp\/v2\/posts\/19189\/revisions"}],"predecessor-version":[{"id":19190,"href":"https:\/\/euvivoaselecao.com.br\/index.php\/wp-json\/wp\/v2\/posts\/19189\/revisions\/19190"}],"wp:attachment":[{"href":"https:\/\/euvivoaselecao.com.br\/index.php\/wp-json\/wp\/v2\/media?parent=19189"}],"wp:term":[{"taxonomy":"category","embeddable":true,"href":"https:\/\/euvivoaselecao.com.br\/index.php\/wp-json\/wp\/v2\/categories?post=19189"},{"taxonomy":"post_tag","embeddable":true,"href":"https:\/\/euvivoaselecao.com.br\/index.php\/wp-json\/wp\/v2\/tags?post=19189"}],"curies":[{"name":"wp","href":"https:\/\/api.w.org\/{rel}","templated":true}]}}