{"id":19194,"date":"2022-06-05T19:23:16","date_gmt":"2022-06-05T22:23:16","guid":{"rendered":"https:\/\/euvivoaselecao.com.br\/?p=19194"},"modified":"2022-06-05T19:23:16","modified_gmt":"2022-06-05T22:23:16","slug":"paulista-base-ecus-empata-com-o-sao-caetano-no-sub-15-mas-avanca-no-sub-17","status":"publish","type":"post","link":"https:\/\/euvivoaselecao.com.br\/index.php\/2022\/06\/05\/paulista-base-ecus-empata-com-o-sao-caetano-no-sub-15-mas-avanca-no-sub-17\/","title":{"rendered":"PAULISTA BASE: ECUS empata com o S\u00e3o Caetano no Sub-15, mas avan\u00e7a no Sub-17"},"content":{"rendered":"<br \/>\n<h1 class=\"intro__title\" style=\"background: linear-gradient(90deg, #188038 30%, rgba(0, 39, 12, 0.6) 75%)\"> PAULISTA BASE: ECUS empata com o S\u00e3o Caetano no Sub-15, mas avan\u00e7a no Sub-17 <\/h1>\n<h2 class=\"intro__subtitle\"> No Sub-17, S\u00e3o Caetano perdeu e est\u00e1 eliminado <\/h2>\n<p class=\"intro__resume\"> Os 67 times foram divididos em 12 grupos regionalizados, sete com seis times e cinco com cinco times <\/p>\n<p>Categorias:                                                                      <a href=\"https:\/\/www.futebolinterior.com.br\/futebol-base\/\">                                          Futebol Base                                    <\/a>                                                                  <\/p>\n<p>Por: <a href=\"https:\/\/www.futebolinterior.com.br\/opniao\/agencia-futebol-interior\/\" title=\"Ag\u00eancia Futebol Interior\">Ag\u00eancia Futebol Interior<\/a>, 05\/06\/2022 <\/p>\n<p>                                                                                                                                                              <img decoding=\"async\" width=\"2048\" height=\"1536\" src=\"https:\/\/images.futebolinterior.com.br\/2022\/06\/901495_630312266995916_1562984983_o.jpg\" class=\"attachment-post-thumbnail size-post-thumbnail wp-post-image\" alt=\"901495 630312266995916 1562984983 o\" loading=\"lazy\" title=\"PAULISTA BASE: ECUS empata com o S\u00e3o Caetano no Sub-15, mas avan\u00e7a no Sub-17 1\">                                                            Time de Suzano disputou jogos em tr\u00eas categorias neste domingo (Foto: Facebook\/Ecus)                                                                                                                                                                                                                                                                                                                                                                       <a href=\"https:\/\/www.betchamps.com\/?voucher=FUTEBOLINTERIOR&amp;utm_source=afiliados&amp;utm_medium=banner&amp;utm_campaign=apostagratis#register\" target=\"_blank\" style=\"padding:0px;text-align:center\" rel=\"noopener\">                                                                        <img decoding=\"async\" src=\"https:\/\/images.futebolinterior.com.br\/2022\/04\/Betchamp-300x250-1.jpg\">                                                                <\/a>                                                                              <a href=\"https:\/\/pizzadodada.com.br\/\" target=\"_blank\" style=\"padding:0px;text-align:center\" rel=\"noopener\">                                                                        <img decoding=\"async\" src=\"https:\/\/images.futebolinterior.com.br\/2022\/04\/Pizzaria_Dada-300x250-1.gif\">                                                                <\/a>                                                                                                                                                                                 <\/p>\n<p>Campinas, SP, 05 (AFI) &#8211; Os Campeonatos <strong>Paulista Sub-15<\/strong> e<strong> Sub-17<\/strong> tiveram sequ\u00eancia na tarde deste domingo (5) com o \u00faltimo jogo da nona <strong>rodada<\/strong>. No Sub-15, ECUS e S\u00e3o Caetano ficaram no empate sem gols, enquanto no Sub-17 o ECUS venceu por 2 a 0 e garantiu classifica\u00e7\u00e3o.<\/p>\n<\/p>\n<p>Com o empate no Sub-15, o ECUS tem tr\u00eas pontos, mas segue na lanterna do Grupo 8. O S\u00e3o Caetano, j\u00e1 classificado, \u00e9 vice-l\u00edder com 15 pontos. Com a vit\u00f3ria no Sub-17, o ECUS chegou a 14 pontos, na lideran\u00e7a, e avan\u00e7ou. O S\u00e3o Caetano segue com oito pontos, em quarto lugar e est\u00e1 eliminado.<\/p>\n<\/p>\n<p>Os 67 times foram divididos em 12 grupos regionalizados, sete com seis times e cinco com cinco times. Ap\u00f3s turno e returno dentro das chaves, os dois melhores de cada grupo avan\u00e7am \u00e0 segunda fase junto com os oito melhores terceiros colocados gerais.<\/p>\n<p>   \t  \t    \t\t        \t\t\t        \t\t\t    \t\t\t\t        \t05\/06\/2022 &#8211; 15h00  \t\t\t       \t\t\t\t       \t\t\t\t\t\t\t  \t\t\t\t\t\t\t<i class=\"icon\">  \t\t\t\t\t\t\t\t  \t\t\t\t\t\t\t\t\t  \t\t\t\t\t\t\t\t  \t\t\t\t\t\t\t<\/i>  \t\t\t\t\t\t\tFinalizado\t\t\t\t\t\t  \t\t\t          \t\t\t        \t\t\t        \t\t\t    \t\t\t\t\t          \t\t\t\t            <img decoding=\"async\" src=\"https:\/\/www.futebolinterior.com.br\/wp-content\/uploads\/2020\/11\/unnamed-file-91-150x150.png\" alt=\"ECUS\" class=\"card-match__score-team-img\" title=\"PAULISTA BASE: ECUS empata com o S\u00e3o Caetano no Sub-15, mas avan\u00e7a no Sub-17 2\">  \t\t\t\t            EUS  \t\t\t\t          \t\t\t          \t\t\t        \t\t\t\t          \t\t\t\t             2   \t\t\t\t                <i class=\"icon\">  \t\t\t\t                      \t\t\t\t                          \t\t\t\t                          \t\t\t\t                      \t\t\t\t                <\/i>  \t\t\t\t             0   \t\t\t\t          \t\t\t\t      \t\t\t        \t\t\t\t          \t\t\t\t            <img decoding=\"async\" src=\"https:\/\/www.futebolinterior.com.br\/wp-content\/uploads\/2020\/11\/unnamed-file-33-150x150.png\" alt=\"S\u00e3o Caetano\" class=\"card-match__score-team-img\" title=\"PAULISTA BASE: ECUS empata com o S\u00e3o Caetano no Sub-15, mas avan\u00e7a no Sub-17 3\">  \t\t\t\t            SCA  \t\t\t\t          \t\t\t          \t\t\t        \t\t\t    \t\t\t\t        \t\t\t        \t\t\t    \t\t\t\t        \t04\/06\/2022 &#8211; 11h00  \t\t\t       \t\t\t\t       \t\t\t\t\t\t\t  \t\t\t\t\t\t\t<i class=\"icon\">  \t\t\t\t\t\t\t\t  \t\t\t\t\t\t\t\t\t  \t\t\t\t\t\t\t\t  \t\t\t\t\t\t\t<\/i>  \t\t\t\t\t\t\tFinalizado\t\t\t\t\t\t  \t\t\t          \t\t\t        \t\t\t        \t\t\t    \t\t\t\t\t          \t\t\t\t            <img decoding=\"async\" src=\"https:\/\/www.futebolinterior.com.br\/wp-content\/uploads\/2020\/11\/unnamed-file-19-150x150.png\" alt=\"Juventus-SP\" class=\"card-match__score-team-img\" title=\"PAULISTA BASE: ECUS empata com o S\u00e3o Caetano no Sub-15, mas avan\u00e7a no Sub-17 4\">  \t\t\t\t            JUV  \t\t\t\t          \t\t\t          \t\t\t        \t\t\t\t          \t\t\t\t             0   \t\t\t\t                <i class=\"icon\">  \t\t\t\t                      \t\t\t\t                          \t\t\t\t                          \t\t\t\t                      \t\t\t\t                <\/i>  \t\t\t\t             4   \t\t\t\t          \t\t\t\t      \t\t\t        \t\t\t\t          \t\t\t\t            <img decoding=\"async\" src=\"https:\/\/www.futebolinterior.com.br\/wp-content\/uploads\/2020\/11\/unnamed-file-36-150x150.png\" alt=\"Corinthians\" class=\"card-match__score-team-img\" title=\"PAULISTA BASE: ECUS empata com o S\u00e3o Caetano no Sub-15, mas avan\u00e7a no Sub-17 5\">  \t\t\t\t            COR  \t\t\t\t          \t\t\t          \t\t\t        \t\t\t    \t\t\t\t        \t\t\t        \t\t\t    \t\t\t\t        \t04\/06\/2022 &#8211; 11h00  \t\t\t       \t\t\t\t       \t\t\t\t\t\t\t  \t\t\t\t\t\t\t<i class=\"icon\">  \t\t\t\t\t\t\t\t  \t\t\t\t\t\t\t\t\t  \t\t\t\t\t\t\t\t  \t\t\t\t\t\t\t<\/i>  \t\t\t\t\t\t\tFinalizado\t\t\t\t\t\t  \t\t\t          \t\t\t        \t\t\t        \t\t\t    \t\t\t\t\t          \t\t\t\t            <img decoding=\"async\" src=\"https:\/\/www.futebolinterior.com.br\/wp-content\/uploads\/2020\/11\/unnamed-file-28-150x150.png\" alt=\"Portuguesa Santista\" class=\"card-match__score-team-img\" title=\"PAULISTA BASE: ECUS empata com o S\u00e3o Caetano no Sub-15, mas avan\u00e7a no Sub-17 6\">  \t\t\t\t            PST  \t\t\t\t          \t\t\t          \t\t\t        \t\t\t\t          \t\t\t\t             0   \t\t\t\t                <i class=\"icon\">  \t\t\t\t                      \t\t\t\t                          \t\t\t\t                          \t\t\t\t                      \t\t\t\t                <\/i>  \t\t\t\t             1   \t\t\t\t          \t\t\t\t      \t\t\t        \t\t\t\t          \t\t\t\t            <img decoding=\"async\" src=\"https:\/\/www.futebolinterior.com.br\/wp-content\/uploads\/2020\/11\/unnamed-file-1448-150x150.png\" alt=\"Mau\u00e1\" class=\"card-match__score-team-img\" title=\"PAULISTA BASE: ECUS empata com o S\u00e3o Caetano no Sub-15, mas avan\u00e7a no Sub-17 7\">  \t\t\t\t            MFC  \t\t\t\t          \t\t\t          \t\t\t        \t\t\t    \t\t\t\t        \t\t\t        \t\t\t    \t\t\t\t        \t04\/06\/2022 &#8211; 11h00  \t\t\t       \t\t\t\t       \t\t\t\t\t\t\t  \t\t\t\t\t\t\t<i class=\"icon\">  \t\t\t\t\t\t\t\t  \t\t\t\t\t\t\t\t\t  \t\t\t\t\t\t\t\t  \t\t\t\t\t\t\t<\/i>  \t\t\t\t\t\t\tFinalizado\t\t\t\t\t\t  \t\t\t          \t\t\t        \t\t\t        \t\t\t    \t\t\t\t\t          \t\t\t\t            <img decoding=\"async\" src=\"https:\/\/www.futebolinterior.com.br\/wp-content\/uploads\/2020\/11\/unnamed-file-261-150x150.png\" alt=\"Jabaquara\" class=\"card-match__score-team-img\" title=\"PAULISTA BASE: ECUS empata com o S\u00e3o Caetano no Sub-15, mas avan\u00e7a no Sub-17 8\">  \t\t\t\t            JAB  \t\t\t\t          \t\t\t          \t\t\t        \t\t\t\t          \t\t\t\t             1   \t\t\t\t                <i class=\"icon\">  \t\t\t\t                      \t\t\t\t                          \t\t\t\t                          \t\t\t\t                      \t\t\t\t                <\/i>  \t\t\t\t             1   \t\t\t\t          \t\t\t\t      \t\t\t        \t\t\t\t          \t\t\t\t            <img decoding=\"async\" src=\"https:\/\/www.futebolinterior.com.br\/wp-content\/uploads\/2020\/11\/unnamed-file-38-150x150.png\" alt=\"Santos\" class=\"card-match__score-team-img\" title=\"PAULISTA BASE: ECUS empata com o S\u00e3o Caetano no Sub-15, mas avan\u00e7a no Sub-17 9\">  \t\t\t\t            SAN  \t\t\t\t          \t\t\t          \t\t\t        \t\t\t    \t\t\t\t        \t\t\t        \t\t\t    \t\t\t\t        \t04\/06\/2022 &#8211; 11h00  \t\t\t       \t\t\t\t       \t\t\t\t\t\t\t  \t\t\t\t\t\t\t<i class=\"icon\">  \t\t\t\t\t\t\t\t  \t\t\t\t\t\t\t\t\t  \t\t\t\t\t\t\t\t  \t\t\t\t\t\t\t<\/i>  \t\t\t\t\t\t\tFinalizado\t\t\t\t\t\t  \t\t\t          \t\t\t        \t\t\t        \t\t\t    \t\t\t\t\t          \t\t\t\t            <img decoding=\"async\" src=\"https:\/\/www.futebolinterior.com.br\/wp-content\/uploads\/2020\/11\/unnamed-file-761-150x150.png\" alt=\"EC S\u00e3o Bernardo-SP\" class=\"card-match__score-team-img\" title=\"PAULISTA BASE: ECUS empata com o S\u00e3o Caetano no Sub-15, mas avan\u00e7a no Sub-17 10\">  \t\t\t\t            SBE  \t\t\t\t          \t\t\t          \t\t\t        \t\t\t\t          \t\t\t\t             0   \t\t\t\t                <i class=\"icon\">  \t\t\t\t                      \t\t\t\t                          \t\t\t\t                          \t\t\t\t                      \t\t\t\t                <\/i>  \t\t\t\t             0   \t\t\t\t          \t\t\t\t      \t\t\t        \t\t\t\t          \t\t\t\t            <img decoding=\"async\" src=\"https:\/\/images.futebolinterior.com.br\/2021\/08\/0002050556523_img-150x150.png\" alt=\"SC Brasil\" class=\"card-match__score-team-img\" title=\"PAULISTA BASE: ECUS empata com o S\u00e3o Caetano no Sub-15, mas avan\u00e7a no Sub-17 11\">  \t\t\t\t            SCB  \t\t\t\t          \t\t\t          \t\t\t        \t\t\t    \t\t\t\t        \t\t\t        \t\t\t    \t\t\t\t        \t04\/06\/2022 &#8211; 11h00  \t\t\t       \t\t\t\t       \t\t\t\t\t\t\t  \t\t\t\t\t\t\t<i class=\"icon\">  \t\t\t\t\t\t\t\t  \t\t\t\t\t\t\t\t\t  \t\t\t\t\t\t\t\t  \t\t\t\t\t\t\t<\/i>  \t\t\t\t\t\t\tFinalizado\t\t\t\t\t\t  \t\t\t          \t\t\t        \t\t\t        \t\t\t    \t\t\t\t\t          \t\t\t\t            <img decoding=\"async\" src=\"https:\/\/www.futebolinterior.com.br\/wp-content\/uploads\/2020\/11\/unnamed-file-1101-150x150.png\" alt=\"\u00c1gua Santa-SP\" class=\"card-match__score-team-img\" title=\"PAULISTA BASE: ECUS empata com o S\u00e3o Caetano no Sub-15, mas avan\u00e7a no Sub-17 12\">  \t\t\t\t            AGS  \t\t\t\t          \t\t\t          \t\t\t        \t\t\t\t          \t\t\t\t             2   \t\t\t\t                <i class=\"icon\">  \t\t\t\t                      \t\t\t\t                          \t\t\t\t                          \t\t\t\t                      \t\t\t\t                <\/i>  \t\t\t\t             4   \t\t\t\t          \t\t\t\t      \t\t\t        \t\t\t\t          \t\t\t\t            <img decoding=\"async\" src=\"https:\/\/www.futebolinterior.com.br\/wp-content\/uploads\/2020\/11\/unnamed-file-1-150x150.png\" alt=\"S\u00e3o Paulo\" class=\"card-match__score-team-img\" title=\"PAULISTA BASE: ECUS empata com o S\u00e3o Caetano no Sub-15, mas avan\u00e7a no Sub-17 13\">  \t\t\t\t            SAO  \t\t\t\t          \t\t\t          \t\t\t        \t\t\t    \t\t\t\t        \t\t\t        \t\t\t    \t\t\t\t        \t04\/06\/2022 &#8211; 11h00  \t\t\t       \t\t\t\t       \t\t\t\t\t\t\t  \t\t\t\t\t\t\t<i class=\"icon\">  \t\t\t\t\t\t\t\t  \t\t\t\t\t\t\t\t\t  \t\t\t\t\t\t\t\t  \t\t\t\t\t\t\t<\/i>  \t\t\t\t\t\t\tFinalizado\t\t\t\t\t\t  \t\t\t          \t\t\t        \t\t\t        \t\t\t    \t\t\t\t\t          \t\t\t\t            <img decoding=\"async\" src=\"https:\/\/images.futebolinterior.com.br\/2022\/03\/guaratingueta-150-150x150.png\" alt=\"Atl\u00e9tico Guaratinguet\u00e1\" class=\"card-match__score-team-img\" title=\"PAULISTA BASE: ECUS empata com o S\u00e3o Caetano no Sub-15, mas avan\u00e7a no Sub-17 14\">  \t\t\t\t            ACG  \t\t\t\t          \t\t\t          \t\t\t        \t\t\t\t          \t\t\t\t             2   \t\t\t\t                <i class=\"icon\">  \t\t\t\t                      \t\t\t\t                          \t\t\t\t                          \t\t\t\t                      \t\t\t\t                <\/i>  \t\t\t\t             1   \t\t\t\t          \t\t\t\t      \t\t\t        \t\t\t\t          \t\t\t\t            <img decoding=\"async\" src=\"https:\/\/www.futebolinterior.com.br\/wp-content\/uploads\/2020\/11\/unnamed-file-30-150x150.png\" alt=\"S\u00e3o Jos\u00e9-SP\" class=\"card-match__score-team-img\" title=\"PAULISTA BASE: ECUS empata com o S\u00e3o Caetano no Sub-15, mas avan\u00e7a no Sub-17 15\">  \t\t\t\t            SJS  \t\t\t\t          \t\t\t          \t\t\t        \t\t\t    \t\t\t\t        \t\t\t        \t\t\t    \t\t\t\t        \t04\/06\/2022 &#8211; 11h00  \t\t\t       \t\t\t\t       \t\t\t\t\t\t\t  \t\t\t\t\t\t\t<i class=\"icon\">  \t\t\t\t\t\t\t\t  \t\t\t\t\t\t\t\t\t  \t\t\t\t\t\t\t\t  \t\t\t\t\t\t\t<\/i>  \t\t\t\t\t\t\tFinalizado\t\t\t\t\t\t  \t\t\t          \t\t\t        \t\t\t        \t\t\t    \t\t\t\t\t          \t\t\t\t            <img decoding=\"async\" src=\"https:\/\/images.futebolinterior.com.br\/2021\/12\/taubate-150x150.jpg\" alt=\"Taubat\u00e9-SP\" class=\"card-match__score-team-img\" title=\"PAULISTA BASE: ECUS empata com o S\u00e3o Caetano no Sub-15, mas avan\u00e7a no Sub-17 16\">  \t\t\t\t            TAU  \t\t\t\t          \t\t\t          \t\t\t        \t\t\t\t          \t\t\t\t             1   \t\t\t\t                <i class=\"icon\">  \t\t\t\t                      \t\t\t\t                          \t\t\t\t                          \t\t\t\t                      \t\t\t\t                <\/i>  \t\t\t\t             4   \t\t\t\t          \t\t\t\t      \t\t\t        \t\t\t\t          \t\t\t\t            <img decoding=\"async\" src=\"https:\/\/www.futebolinterior.com.br\/wp-content\/uploads\/2020\/11\/unnamed-file-150x150.png\" alt=\"Palmeiras\" class=\"card-match__score-team-img\" title=\"PAULISTA BASE: ECUS empata com o S\u00e3o Caetano no Sub-15, mas avan\u00e7a no Sub-17 17\">  \t\t\t\t            PAL  \t\t\t\t          \t\t\t          \t\t\t        \t\t\t    \t\t\t\t        \t\t\t        \t\t\t    \t\t\t\t        \t04\/06\/2022 &#8211; 11h00  \t\t\t       \t\t\t\t       \t\t\t\t\t\t\t  \t\t\t\t\t\t\t<i class=\"icon\">  \t\t\t\t\t\t\t\t  \t\t\t\t\t\t\t\t\t  \t\t\t\t\t\t\t\t  \t\t\t\t\t\t\t<\/i>  \t\t\t\t\t\t\tFinalizado\t\t\t\t\t\t  \t\t\t          \t\t\t        \t\t\t        \t\t\t    \t\t\t\t\t          \t\t\t\t            <img decoding=\"async\" src=\"https:\/\/images.futebolinterior.com.br\/2022\/03\/metropolitano-150-150x150.png\" alt=\"Metropolitano\" class=\"card-match__score-team-img\" title=\"PAULISTA BASE: ECUS empata com o S\u00e3o Caetano no Sub-15, mas avan\u00e7a no Sub-17 18\">  \t\t\t\t            MFC  \t\t\t\t          \t\t\t          \t\t\t        \t\t\t\t          \t\t\t\t             1   \t\t\t\t                <i class=\"icon\">  \t\t\t\t                      \t\t\t\t                          \t\t\t\t                          \t\t\t\t                      \t\t\t\t                <\/i>  \t\t\t\t             1   \t\t\t\t          \t\t\t\t      \t\t\t        \t\t\t\t          \t\t\t\t            <img decoding=\"async\" src=\"https:\/\/www.futebolinterior.com.br\/wp-content\/uploads\/2020\/11\/unnamed-file-531-150x150.png\" alt=\"Gr\u00eamio Osasco\" class=\"card-match__score-team-img\" title=\"PAULISTA BASE: ECUS empata com o S\u00e3o Caetano no Sub-15, mas avan\u00e7a no Sub-17 19\">  \t\t\t\t            GEO  \t\t\t\t          \t\t\t          \t\t\t        \t\t\t    \t\t\t\t        \t\t\t        \t\t\t    \t\t\t\t        \t04\/06\/2022 &#8211; 11h00  \t\t\t       \t\t\t\t       \t\t\t\t\t\t\t  \t\t\t\t\t\t\t<i class=\"icon\">  \t\t\t\t\t\t\t\t  \t\t\t\t\t\t\t\t\t  \t\t\t\t\t\t\t\t  \t\t\t\t\t\t\t<\/i>  \t\t\t\t\t\t\tFinalizado\t\t\t\t\t\t  \t\t\t          \t\t\t        \t\t\t        \t\t\t    \t\t\t\t\t          \t\t\t\t            <img decoding=\"async\" src=\"https:\/\/www.futebolinterior.com.br\/wp-content\/uploads\/2020\/11\/unnamed-file-255-150x150.png\" alt=\"Guarulhos\" class=\"card-match__score-team-img\" title=\"PAULISTA BASE: ECUS empata com o S\u00e3o Caetano no Sub-15, mas avan\u00e7a no Sub-17 20\">  \t\t\t\t            ADG  \t\t\t\t          \t\t\t          \t\t\t        \t\t\t\t          \t\t\t\t             0   \t\t\t\t                <i class=\"icon\">  \t\t\t\t                      \t\t\t\t                          \t\t\t\t                          \t\t\t\t                      \t\t\t\t                <\/i>  \t\t\t\t             5   \t\t\t\t          \t\t\t\t      \t\t\t        \t\t\t\t          \t\t\t\t            <img decoding=\"async\" src=\"https:\/\/images.futebolinterior.com.br\/2021\/08\/0002050556522_img-150x150.png\" alt=\"Ibrachina-SP\" class=\"card-match__score-team-img\" title=\"PAULISTA BASE: ECUS empata com o S\u00e3o Caetano no Sub-15, mas avan\u00e7a no Sub-17 21\">  \t\t\t\t            IFC  \t\t\t\t          \t\t\t          \t\t\t        \t\t\t    \t\t\t\t        \t\t\t        \t\t\t    \t\t\t\t        \t04\/06\/2022 &#8211; 11h00  \t\t\t       \t\t\t\t       \t\t\t\t\t\t\t  \t\t\t\t\t\t\t<i class=\"icon\">  \t\t\t\t\t\t\t\t  \t\t\t\t\t\t\t\t\t  \t\t\t\t\t\t\t\t  \t\t\t\t\t\t\t<\/i>  \t\t\t\t\t\t\tFinalizado\t\t\t\t\t\t  \t\t\t          \t\t\t        \t\t\t        \t\t\t    \t\t\t\t\t          \t\t\t\t            <img decoding=\"async\" src=\"https:\/\/images.futebolinterior.com.br\/2021\/08\/salto-logo-150x150.png\" alt=\"Salto\" class=\"card-match__score-team-img\" title=\"PAULISTA BASE: ECUS empata com o S\u00e3o Caetano no Sub-15, mas avan\u00e7a no Sub-17 22\">  \t\t\t\t            SFC  \t\t\t\t          \t\t\t          \t\t\t        \t\t\t\t          \t\t\t\t             0   \t\t\t\t                <i class=\"icon\">  \t\t\t\t                      \t\t\t\t                          \t\t\t\t                          \t\t\t\t                      \t\t\t\t                <\/i>  \t\t\t\t             2   \t\t\t\t          \t\t\t\t      \t\t\t        \t\t\t\t          \t\t\t\t            <img decoding=\"async\" src=\"https:\/\/images.futebolinterior.com.br\/2021\/05\/unnamed-file-150x150.jpg\" alt=\"Ska Brasil\" class=\"card-match__score-team-img\" title=\"PAULISTA BASE: ECUS empata com o S\u00e3o Caetano no Sub-15, mas avan\u00e7a no Sub-17 23\">  \t\t\t\t            SKA  \t\t\t\t          \t\t\t          \t\t\t        \t\t\t    \t\t\t\t        \t\t\t        \t\t\t    \t\t\t\t        \t04\/06\/2022 &#8211; 11h00  \t\t\t       \t\t\t\t       \t\t\t\t\t\t\t  \t\t\t\t\t\t\t<i class=\"icon\">  \t\t\t\t\t\t\t\t  \t\t\t\t\t\t\t\t\t  \t\t\t\t\t\t\t\t  \t\t\t\t\t\t\t<\/i>  \t\t\t\t\t\t\tFinalizado\t\t\t\t\t\t  \t\t\t          \t\t\t        \t\t\t        \t\t\t    \t\t\t\t\t          \t\t\t\t            <img decoding=\"async\" src=\"https:\/\/www.futebolinterior.com.br\/wp-content\/uploads\/2020\/11\/unnamed-file-43-150x150.png\" alt=\"Primavera\" class=\"card-match__score-team-img\" title=\"PAULISTA BASE: ECUS empata com o S\u00e3o Caetano no Sub-15, mas avan\u00e7a no Sub-17 24\">  \t\t\t\t            PRI  \t\t\t\t          \t\t\t          \t\t\t        \t\t\t\t          \t\t\t\t             0   \t\t\t\t                <i class=\"icon\">  \t\t\t\t                      \t\t\t\t                          \t\t\t\t                          \t\t\t\t                      \t\t\t\t                <\/i>  \t\t\t\t             2   \t\t\t\t          \t\t\t\t      \t\t\t        \t\t\t\t          \t\t\t\t            <img decoding=\"async\" src=\"https:\/\/www.futebolinterior.com.br\/wp-content\/uploads\/2020\/11\/unnamed-file-21-150x150.png\" alt=\"Ituano-SP\" class=\"card-match__score-team-img\" title=\"PAULISTA BASE: ECUS empata com o S\u00e3o Caetano no Sub-15, mas avan\u00e7a no Sub-17 25\">  \t\t\t\t            ITU  \t\t\t\t          \t\t\t          \t\t\t        \t\t\t    \t\t\t\t        \t\t\t        \t\t\t    \t\t\t\t        \t04\/06\/2022 &#8211; 11h00  \t\t\t       \t\t\t\t       \t\t\t\t\t\t\t  \t\t\t\t\t\t\t<i class=\"icon\">  \t\t\t\t\t\t\t\t  \t\t\t\t\t\t\t\t\t  \t\t\t\t\t\t\t\t  \t\t\t\t\t\t\t<\/i>  \t\t\t\t\t\t\tFinalizado\t\t\t\t\t\t  \t\t\t          \t\t\t        \t\t\t        \t\t\t    \t\t\t\t\t          \t\t\t\t            <img decoding=\"async\" src=\"https:\/\/www.futebolinterior.com.br\/wp-content\/uploads\/2020\/11\/unnamed-file-6-150x150.png\" alt=\"S\u00e3o Bento-SP\" class=\"card-match__score-team-img\" title=\"PAULISTA BASE: ECUS empata com o S\u00e3o Caetano no Sub-15, mas avan\u00e7a no Sub-17 26\">  \t\t\t\t            SBT  \t\t\t\t          \t\t\t          \t\t\t        \t\t\t\t          \t\t\t\t             2   \t\t\t\t                <i class=\"icon\">  \t\t\t\t                      \t\t\t\t                          \t\t\t\t                          \t\t\t\t                      \t\t\t\t                <\/i>  \t\t\t\t             0   \t\t\t\t          \t\t\t\t      \t\t\t        \t\t\t\t          \t\t\t\t            <img decoding=\"async\" src=\"https:\/\/www.futebolinterior.com.br\/wp-content\/uploads\/2020\/11\/unnamed-file-559-150x150.png\" alt=\"Desportivo Brasil-SP\" class=\"card-match__score-team-img\" title=\"PAULISTA BASE: ECUS empata com o S\u00e3o Caetano no Sub-15, mas avan\u00e7a no Sub-17 27\">  \t\t\t\t            DBR  \t\t\t\t          \t\t\t          \t\t\t        \t\t\t    \t\t\t\t        \t\t\t        \t\t\t    \t\t\t\t        \t04\/06\/2022 &#8211; 11h00  \t\t\t       \t\t\t\t       \t\t\t\t\t\t\t  \t\t\t\t\t\t\t<i class=\"icon\">  \t\t\t\t\t\t\t\t  \t\t\t\t\t\t\t\t\t  \t\t\t\t\t\t\t\t  \t\t\t\t\t\t\t<\/i>  \t\t\t\t\t\t\tFinalizado\t\t\t\t\t\t  \t\t\t          \t\t\t        \t\t\t        \t\t\t    \t\t\t\t\t          \t\t\t\t            <img decoding=\"async\" src=\"https:\/\/images.futebolinterior.com.br\/2022\/03\/guacuano-150.png\" alt=\"Gua\u00e7uano\" class=\"card-match__score-team-img\" title=\"PAULISTA BASE: ECUS empata com o S\u00e3o Caetano no Sub-15, mas avan\u00e7a no Sub-17 28\">  \t\t\t\t            CAG  \t\t\t\t          \t\t\t          \t\t\t        \t\t\t\t          \t\t\t\t             0   \t\t\t\t                <i class=\"icon\">  \t\t\t\t                      \t\t\t\t                          \t\t\t\t                          \t\t\t\t                      \t\t\t\t                <\/i>  \t\t\t\t             3   \t\t\t\t          \t\t\t\t      \t\t\t        \t\t\t\t          \t\t\t\t            <img decoding=\"async\" src=\"https:\/\/www.futebolinterior.com.br\/wp-content\/uploads\/2020\/11\/unnamed-file-35-150x150.png\" alt=\"Ponte Preta\" class=\"card-match__score-team-img\" title=\"PAULISTA BASE: ECUS empata com o S\u00e3o Caetano no Sub-15, mas avan\u00e7a no Sub-17 29\">  \t\t\t\t            PON  \t\t\t\t          \t\t\t          \t\t\t        \t\t\t    \t\t\t\t        \t\t\t        \t\t\t    \t\t\t\t        \t04\/06\/2022 &#8211; 11h00  \t\t\t       \t\t\t\t       \t\t\t\t\t\t\t  \t\t\t\t\t\t\t<i class=\"icon\">  \t\t\t\t\t\t\t\t  \t\t\t\t\t\t\t\t\t  \t\t\t\t\t\t\t\t  \t\t\t\t\t\t\t<\/i>  \t\t\t\t\t\t\tFinalizado\t\t\t\t\t\t  \t\t\t          \t\t\t        \t\t\t        \t\t\t    \t\t\t\t\t          \t\t\t\t            <img decoding=\"async\" src=\"https:\/\/www.futebolinterior.com.br\/wp-content\/uploads\/2020\/11\/unnamed-file-275-150x150.png\" alt=\"Itapirense\" class=\"card-match__score-team-img\" title=\"PAULISTA BASE: ECUS empata com o S\u00e3o Caetano no Sub-15, mas avan\u00e7a no Sub-17 30\">  \t\t\t\t            SEI  \t\t\t\t          \t\t\t          \t\t\t        \t\t\t\t          \t\t\t\t             0   \t\t\t\t                <i class=\"icon\">  \t\t\t\t                      \t\t\t\t                          \t\t\t\t                          \t\t\t\t                      \t\t\t\t                <\/i>  \t\t\t\t             2   \t\t\t\t          \t\t\t\t      \t\t\t        \t\t\t\t          \t\t\t\t            <img decoding=\"async\" src=\"https:\/\/www.futebolinterior.com.br\/wp-content\/uploads\/2020\/11\/unnamed-file-329-150x150.png\" alt=\"Brasilis\" class=\"card-match__score-team-img\" title=\"PAULISTA BASE: ECUS empata com o S\u00e3o Caetano no Sub-15, mas avan\u00e7a no Sub-17 31\">  \t\t\t\t            BRS  \t\t\t\t          \t\t\t          \t\t\t        \t\t\t    \t\t\t\t        \t\t\t        \t\t\t    \t\t\t\t        \t04\/06\/2022 &#8211; 11h00  \t\t\t       \t\t\t\t       \t\t\t\t\t\t\t  \t\t\t\t\t\t\t<i class=\"icon\">  \t\t\t\t\t\t\t\t  \t\t\t\t\t\t\t\t\t  \t\t\t\t\t\t\t\t  \t\t\t\t\t\t\t<\/i>  \t\t\t\t\t\t\tFinalizado\t\t\t\t\t\t  \t\t\t          \t\t\t        \t\t\t        \t\t\t    \t\t\t\t\t          \t\t\t\t            <img decoding=\"async\" src=\"https:\/\/www.futebolinterior.com.br\/wp-content\/uploads\/2020\/11\/unnamed-file-73-150x150.png\" alt=\"Amparo\" class=\"card-match__score-team-img\" title=\"PAULISTA BASE: ECUS empata com o S\u00e3o Caetano no Sub-15, mas avan\u00e7a no Sub-17 32\">  \t\t\t\t            AMP  \t\t\t\t          \t\t\t          \t\t\t        \t\t\t\t          \t\t\t\t             0   \t\t\t\t                <i class=\"icon\">  \t\t\t\t                      \t\t\t\t                          \t\t\t\t                          \t\t\t\t                      \t\t\t\t                <\/i>  \t\t\t\t             1   \t\t\t\t          \t\t\t\t      \t\t\t        \t\t\t\t          \t\t\t\t            <img decoding=\"async\" src=\"https:\/\/www.futebolinterior.com.br\/wp-content\/uploads\/2020\/11\/unnamed-file-27-150x150.png\" alt=\"Red Bull Bragantino\" class=\"card-match__score-team-img\" title=\"PAULISTA BASE: ECUS empata com o S\u00e3o Caetano no Sub-15, mas avan\u00e7a no Sub-17 33\">  \t\t\t\t            RBB  \t\t\t\t          \t\t\t          \t\t\t        \t\t\t    \t\t\t\t        \t\t\t        \t\t\t    \t\t\t\t        \t04\/06\/2022 &#8211; 11h00  \t\t\t       \t\t\t\t       \t\t\t\t\t\t\t  \t\t\t\t\t\t\t<i class=\"icon\">  \t\t\t\t\t\t\t\t  \t\t\t\t\t\t\t\t\t  \t\t\t\t\t\t\t\t  \t\t\t\t\t\t\t<\/i>  \t\t\t\t\t\t\tFinalizado\t\t\t\t\t\t  \t\t\t          \t\t\t        \t\t\t        \t\t\t    \t\t\t\t\t          \t\t\t\t            <img decoding=\"async\" src=\"https:\/\/www.futebolinterior.com.br\/wp-content\/uploads\/2020\/11\/unnamed-file-37-150x150.png\" alt=\"Uni\u00e3o S\u00e3o Jo\u00e3o\" class=\"card-match__score-team-img\" title=\"PAULISTA BASE: ECUS empata com o S\u00e3o Caetano no Sub-15, mas avan\u00e7a no Sub-17 34\">  \t\t\t\t            UNI  \t\t\t\t          \t\t\t          \t\t\t        \t\t\t\t          \t\t\t\t             1   \t\t\t\t                <i class=\"icon\">  \t\t\t\t                      \t\t\t\t                          \t\t\t\t                          \t\t\t\t                      \t\t\t\t                <\/i>  \t\t\t\t             0   \t\t\t\t          \t\t\t\t      \t\t\t        \t\t\t\t          \t\t\t\t            <img decoding=\"async\" src=\"https:\/\/www.futebolinterior.com.br\/wp-content\/uploads\/2020\/11\/unnamed-file-48-150x150.png\" alt=\"Independente\" class=\"card-match__score-team-img\" title=\"PAULISTA BASE: ECUS empata com o S\u00e3o Caetano no Sub-15, mas avan\u00e7a no Sub-17 35\">  \t\t\t\t            IND  \t\t\t\t          \t\t\t          \t\t\t        \t\t\t    \t\t\t\t        \t\t\t        \t\t\t    \t\t\t\t        \t04\/06\/2022 &#8211; 11h00  \t\t\t       \t\t\t\t       \t\t\t\t\t\t\t  \t\t\t\t\t\t\t<i class=\"icon\">  \t\t\t\t\t\t\t\t  \t\t\t\t\t\t\t\t\t  \t\t\t\t\t\t\t\t  \t\t\t\t\t\t\t<\/i>  \t\t\t\t\t\t\tFinalizado\t\t\t\t\t\t  \t\t\t          \t\t\t        \t\t\t        \t\t\t    \t\t\t\t\t          \t\t\t\t            <img decoding=\"async\" src=\"https:\/\/www.futebolinterior.com.br\/wp-content\/uploads\/2020\/11\/unnamed-file-331-150x150.png\" alt=\"Velo Clube-SP\" class=\"card-match__score-team-img\" title=\"PAULISTA BASE: ECUS empata com o S\u00e3o Caetano no Sub-15, mas avan\u00e7a no Sub-17 36\">  \t\t\t\t            VEL  \t\t\t\t          \t\t\t          \t\t\t        \t\t\t\t          \t\t\t\t             0   \t\t\t\t                <i class=\"icon\">  \t\t\t\t                      \t\t\t\t                          \t\t\t\t                          \t\t\t\t                      \t\t\t\t                <\/i>  \t\t\t\t             2   \t\t\t\t          \t\t\t\t      \t\t\t        \t\t\t\t          \t\t\t\t            <img decoding=\"async\" src=\"https:\/\/www.futebolinterior.com.br\/wp-content\/uploads\/2020\/11\/unnamed-file-13-150x150.png\" alt=\"Guarani\" class=\"card-match__score-team-img\" title=\"PAULISTA BASE: ECUS empata com o S\u00e3o Caetano no Sub-15, mas avan\u00e7a no Sub-17 37\">  \t\t\t\t            GUA  \t\t\t\t          \t\t\t          \t\t\t        \t\t\t    \t\t\t\t        \t\t\t        \t\t\t    \t\t\t\t        \t04\/06\/2022 &#8211; 11h00  \t\t\t       \t\t\t\t       \t\t\t\t\t\t\t  \t\t\t\t\t\t\t<i class=\"icon\">  \t\t\t\t\t\t\t\t  \t\t\t\t\t\t\t\t\t  \t\t\t\t\t\t\t\t  \t\t\t\t\t\t\t<\/i>  \t\t\t\t\t\t\tFinalizado\t\t\t\t\t\t  \t\t\t          \t\t\t        \t\t\t        \t\t\t    \t\t\t\t\t          \t\t\t\t            <img decoding=\"async\" src=\"https:\/\/www.futebolinterior.com.br\/wp-content\/uploads\/2020\/11\/unnamed-file-12-150x150.png\" alt=\"Rio Branco-SP\" class=\"card-match__score-team-img\" title=\"PAULISTA BASE: ECUS empata com o S\u00e3o Caetano no Sub-15, mas avan\u00e7a no Sub-17 38\">  \t\t\t\t            RBC  \t\t\t\t          \t\t\t          \t\t\t        \t\t\t\t          \t\t\t\t             0   \t\t\t\t                <i class=\"icon\">  \t\t\t\t                      \t\t\t\t                          \t\t\t\t                          \t\t\t\t                      \t\t\t\t                <\/i>  \t\t\t\t             2   \t\t\t\t          \t\t\t\t      \t\t\t        \t\t\t\t          \t\t\t\t            <img decoding=\"async\" src=\"https:\/\/www.futebolinterior.com.br\/wp-content\/uploads\/2020\/11\/unnamed-file-53-150x150.png\" alt=\"Uni\u00e3o Barbarense\" class=\"card-match__score-team-img\" title=\"PAULISTA BASE: ECUS empata com o S\u00e3o Caetano no Sub-15, mas avan\u00e7a no Sub-17 39\">  \t\t\t\t            UAB  \t\t\t\t          \t\t\t          \t\t\t        \t\t\t    \t\t\t\t        \t\t\t        \t\t\t    \t\t\t\t        \t04\/06\/2022 &#8211; 11h00  \t\t\t       \t\t\t\t       \t\t\t\t\t\t\t  \t\t\t\t\t\t\t<i class=\"icon\">  \t\t\t\t\t\t\t\t  \t\t\t\t\t\t\t\t\t  \t\t\t\t\t\t\t\t  \t\t\t\t\t\t\t<\/i>  \t\t\t\t\t\t\tFinalizado\t\t\t\t\t\t  \t\t\t          \t\t\t        \t\t\t        \t\t\t    \t\t\t\t\t          \t\t\t\t            <img decoding=\"async\" src=\"https:\/\/www.futebolinterior.com.br\/wp-content\/uploads\/2020\/11\/unnamed-file-51-150x150.png\" alt=\"S\u00e3o Carlos\" class=\"card-match__score-team-img\" title=\"PAULISTA BASE: ECUS empata com o S\u00e3o Caetano no Sub-15, mas avan\u00e7a no Sub-17 40\">  \t\t\t\t            SCR  \t\t\t\t          \t\t\t          \t\t\t        \t\t\t\t          \t\t\t\t             0   \t\t\t\t                <i class=\"icon\">  \t\t\t\t                      \t\t\t\t                          \t\t\t\t                          \t\t\t\t                      \t\t\t\t                <\/i>  \t\t\t\t             1   \t\t\t\t          \t\t\t\t      \t\t\t        \t\t\t\t          \t\t\t\t            <img decoding=\"async\" src=\"https:\/\/www.futebolinterior.com.br\/wp-content\/uploads\/2020\/11\/unnamed-file-45-150x150.png\" alt=\"Ferrovi\u00e1ria-SP\" class=\"card-match__score-team-img\" title=\"PAULISTA BASE: ECUS empata com o S\u00e3o Caetano no Sub-15, mas avan\u00e7a no Sub-17 41\">  \t\t\t\t            AFE  \t\t\t\t          \t\t\t          \t\t\t        \t\t\t    \t\t\t\t        \t\t\t        \t\t\t    \t\t\t\t        \t04\/06\/2022 &#8211; 11h00  \t\t\t       \t\t\t\t       \t\t\t\t\t\t\t  \t\t\t\t\t\t\t<i class=\"icon\">  \t\t\t\t\t\t\t\t  \t\t\t\t\t\t\t\t\t  \t\t\t\t\t\t\t\t  \t\t\t\t\t\t\t<\/i>  \t\t\t\t\t\t\tFinalizado\t\t\t\t\t\t  \t\t\t          \t\t\t        \t\t\t        \t\t\t    \t\t\t\t\t          \t\t\t\t            <img decoding=\"async\" src=\"https:\/\/www.futebolinterior.com.br\/wp-content\/uploads\/2020\/11\/unnamed-file-150x150.jpg\" alt=\"Taquaritinga\" class=\"card-match__score-team-img\" title=\"PAULISTA BASE: ECUS empata com o S\u00e3o Caetano no Sub-15, mas avan\u00e7a no Sub-17 42\">  \t\t\t\t            CAT  \t\t\t\t          \t\t\t          \t\t\t        \t\t\t\t          \t\t\t\t             0   \t\t\t\t                <i class=\"icon\">  \t\t\t\t                      \t\t\t\t                          \t\t\t\t                          \t\t\t\t                      \t\t\t\t                <\/i>  \t\t\t\t             4   \t\t\t\t          \t\t\t\t      \t\t\t        \t\t\t\t          \t\t\t\t            <img decoding=\"async\" src=\"https:\/\/www.futebolinterior.com.br\/wp-content\/uploads\/2020\/11\/unnamed-file-332-150x150.png\" alt=\"Inter de Bebedouro\" class=\"card-match__score-team-img\" title=\"PAULISTA BASE: ECUS empata com o S\u00e3o Caetano no Sub-15, mas avan\u00e7a no Sub-17 43\">  \t\t\t\t            ITB  \t\t\t\t          \t\t\t          \t\t\t        \t\t\t    \t\t\t\t        \t\t\t        \t\t\t    \t\t\t\t        \t04\/06\/2022 &#8211; 11h00  \t\t\t       \t\t\t\t       \t\t\t\t\t\t\t  \t\t\t\t\t\t\t<i class=\"icon\">  \t\t\t\t\t\t\t\t  \t\t\t\t\t\t\t\t\t  \t\t\t\t\t\t\t\t  \t\t\t\t\t\t\t<\/i>  \t\t\t\t\t\t\tFinalizado\t\t\t\t\t\t  \t\t\t          \t\t\t        \t\t\t        \t\t\t    \t\t\t\t\t          \t\t\t\t            <img decoding=\"async\" src=\"https:\/\/www.futebolinterior.com.br\/wp-content\/uploads\/2020\/11\/unnamed-file-1027-150x150.png\" alt=\"Novorizontino\" class=\"card-match__score-team-img\" title=\"PAULISTA BASE: ECUS empata com o S\u00e3o Caetano no Sub-15, mas avan\u00e7a no Sub-17 44\">  \t\t\t\t            NOV  \t\t\t\t          \t\t\t          \t\t\t        \t\t\t\t          \t\t\t\t             2   \t\t\t\t                <i class=\"icon\">  \t\t\t\t                      \t\t\t\t                          \t\t\t\t                          \t\t\t\t                      \t\t\t\t                <\/i>  \t\t\t\t             1   \t\t\t\t          \t\t\t\t      \t\t\t        \t\t\t\t          \t\t\t\t            <img decoding=\"async\" src=\"https:\/\/www.futebolinterior.com.br\/wp-content\/uploads\/2020\/11\/unnamed-file-1447-150x150.png\" alt=\"S\u00e3o-Carlense\" class=\"card-match__score-team-img\" title=\"PAULISTA BASE: ECUS empata com o S\u00e3o Caetano no Sub-15, mas avan\u00e7a no Sub-17 45\">  \t\t\t\t            SAO  \t\t\t\t          \t\t\t          \t\t\t        \t\t\t    \t\t\t\t        \t\t\t        \t\t\t    \t\t\t\t        \t04\/06\/2022 &#8211; 11h00  \t\t\t       \t\t\t\t       \t\t\t\t\t\t\t  \t\t\t\t\t\t\t<i class=\"icon\">  \t\t\t\t\t\t\t\t  \t\t\t\t\t\t\t\t\t  \t\t\t\t\t\t\t\t  \t\t\t\t\t\t\t<\/i>  \t\t\t\t\t\t\tFinalizado\t\t\t\t\t\t  \t\t\t          \t\t\t        \t\t\t        \t\t\t    \t\t\t\t\t          \t\t\t\t            <img decoding=\"async\" src=\"https:\/\/www.futebolinterior.com.br\/wp-content\/uploads\/2020\/11\/unnamed-file-10-150x150.png\" alt=\"Botafogo-SP\" class=\"card-match__score-team-img\" title=\"PAULISTA BASE: ECUS empata com o S\u00e3o Caetano no Sub-15, mas avan\u00e7a no Sub-17 46\">  \t\t\t\t            BOT  \t\t\t\t          \t\t\t          \t\t\t        \t\t\t\t          \t\t\t\t             1   \t\t\t\t                <i class=\"icon\">  \t\t\t\t                      \t\t\t\t                          \t\t\t\t                          \t\t\t\t                      \t\t\t\t                <\/i>  \t\t\t\t             2   \t\t\t\t          \t\t\t\t      \t\t\t        \t\t\t\t          \t\t\t\t            <img decoding=\"async\" src=\"https:\/\/www.futebolinterior.com.br\/wp-content\/uploads\/2020\/11\/unnamed-file-11-150x150.png\" alt=\"Comercial-SP\" class=\"card-match__score-team-img\" title=\"PAULISTA BASE: ECUS empata com o S\u00e3o Caetano no Sub-15, mas avan\u00e7a no Sub-17 47\">  \t\t\t\t            COM  \t\t\t\t          \t\t\t          \t\t\t        \t\t\t    \t\t\t\t        \t\t\t        \t\t\t    \t\t\t\t        \t04\/06\/2022 &#8211; 11h00  \t\t\t       \t\t\t\t       \t\t\t\t\t\t\t  \t\t\t\t\t\t\t<i class=\"icon\">  \t\t\t\t\t\t\t\t  \t\t\t\t\t\t\t\t\t  \t\t\t\t\t\t\t\t  \t\t\t\t\t\t\t<\/i>  \t\t\t\t\t\t\tFinalizado\t\t\t\t\t\t  \t\t\t          \t\t\t        \t\t\t        \t\t\t    \t\t\t\t\t          \t\t\t\t            <img decoding=\"async\" src=\"https:\/\/images.futebolinterior.com.br\/2021\/08\/logo-i9-150x150.png\" alt=\"I9 Football Tech\" class=\"card-match__score-team-img\" title=\"PAULISTA BASE: ECUS empata com o S\u00e3o Caetano no Sub-15, mas avan\u00e7a no Sub-17 48\">  \t\t\t\t            I9T  \t\t\t\t          \t\t\t          \t\t\t        \t\t\t\t          \t\t\t\t             0   \t\t\t\t                <i class=\"icon\">  \t\t\t\t                      \t\t\t\t                          \t\t\t\t                          \t\t\t\t                      \t\t\t\t                <\/i>  \t\t\t\t             1   \t\t\t\t          \t\t\t\t      \t\t\t        \t\t\t\t          \t\t\t\t            <img decoding=\"async\" src=\"https:\/\/www.futebolinterior.com.br\/wp-content\/uploads\/2020\/11\/unnamed-file-4-150x150.png\" alt=\"Sert\u00e3ozinho\" class=\"card-match__score-team-img\" title=\"PAULISTA BASE: ECUS empata com o S\u00e3o Caetano no Sub-15, mas avan\u00e7a no Sub-17 49\">  \t\t\t\t            SER  \t\t\t\t          \t\t\t          \t\t\t        \t\t\t    \t\t\t\t        \t\t\t        \t\t\t    \t\t\t\t        \t04\/06\/2022 &#8211; 11h00  \t\t\t       \t\t\t\t       \t\t\t\t\t\t\t  \t\t\t\t\t\t\t<i class=\"icon\">  \t\t\t\t\t\t\t\t  \t\t\t\t\t\t\t\t\t  \t\t\t\t\t\t\t\t  \t\t\t\t\t\t\t<\/i>  \t\t\t\t\t\t\tFinalizado\t\t\t\t\t\t  \t\t\t          \t\t\t        \t\t\t        \t\t\t    \t\t\t\t\t          \t\t\t\t            <img decoding=\"async\" src=\"https:\/\/www.futebolinterior.com.br\/wp-content\/uploads\/2020\/11\/unnamed-file-39-150x150.png\" alt=\"Francana\" class=\"card-match__score-team-img\" title=\"PAULISTA BASE: ECUS empata com o S\u00e3o Caetano no Sub-15, mas avan\u00e7a no Sub-17 50\">  \t\t\t\t            FRA  \t\t\t\t          \t\t\t          \t\t\t        \t\t\t\t          \t\t\t\t             3   \t\t\t\t                <i class=\"icon\">  \t\t\t\t                      \t\t\t\t                          \t\t\t\t                          \t\t\t\t                      \t\t\t\t                <\/i>  \t\t\t\t             0   \t\t\t\t          \t\t\t\t      \t\t\t        \t\t\t\t          \t\t\t\t            <img decoding=\"async\" src=\"https:\/\/www.futebolinterior.com.br\/wp-content\/uploads\/2020\/11\/unnamed-file-260-150x150.png\" alt=\"Batatais\" class=\"card-match__score-team-img\" title=\"PAULISTA BASE: ECUS empata com o S\u00e3o Caetano no Sub-15, mas avan\u00e7a no Sub-17 51\">  \t\t\t\t            BAT  \t\t\t\t          \t\t\t          \t\t\t        \t\t\t    \t\t\t\t        \t\t\t        \t\t\t    \t\t\t\t        \t04\/06\/2022 &#8211; 11h00  \t\t\t       \t\t\t\t       \t\t\t\t\t\t\t  \t\t\t\t\t\t\t<i class=\"icon\">  \t\t\t\t\t\t\t\t  \t\t\t\t\t\t\t\t\t  \t\t\t\t\t\t\t\t  \t\t\t\t\t\t\t<\/i>  \t\t\t\t\t\t\tFinalizado\t\t\t\t\t\t  \t\t\t          \t\t\t        \t\t\t        \t\t\t    \t\t\t\t\t          \t\t\t\t            <img decoding=\"async\" src=\"https:\/\/www.futebolinterior.com.br\/wp-content\/uploads\/2020\/11\/unnamed-file-264-150x150.png\" alt=\"Assisense\" class=\"card-match__score-team-img\" title=\"PAULISTA BASE: ECUS empata com o S\u00e3o Caetano no Sub-15, mas avan\u00e7a no Sub-17 52\">  \t\t\t\t            ASS  \t\t\t\t          \t\t\t          \t\t\t        \t\t\t\t          \t\t\t\t             0   \t\t\t\t                <i class=\"icon\">  \t\t\t\t                      \t\t\t\t                          \t\t\t\t                          \t\t\t\t                      \t\t\t\t                <\/i>  \t\t\t\t             2   \t\t\t\t          \t\t\t\t      \t\t\t        \t\t\t\t          \t\t\t\t            <img decoding=\"async\" src=\"https:\/\/www.futebolinterior.com.br\/wp-content\/uploads\/2020\/11\/unnamed-file-16-150x150.png\" alt=\"Mar\u00edlia\" class=\"card-match__score-team-img\" title=\"PAULISTA BASE: ECUS empata com o S\u00e3o Caetano no Sub-15, mas avan\u00e7a no Sub-17 53\">  \t\t\t\t            MAC  \t\t\t\t          \t\t\t          \t\t\t        \t\t\t    \t\t\t\t        \t\t\t        \t\t\t    \t\t\t\t        \t04\/06\/2022 &#8211; 11h00  \t\t\t       \t\t\t\t       \t\t\t\t\t\t\t  \t\t\t\t\t\t\t<i class=\"icon\">  \t\t\t\t\t\t\t\t  \t\t\t\t\t\t\t\t\t  \t\t\t\t\t\t\t\t  \t\t\t\t\t\t\t<\/i>  \t\t\t\t\t\t\tFinalizado\t\t\t\t\t\t  \t\t\t          \t\t\t        \t\t\t        \t\t\t    \t\t\t\t\t          \t\t\t\t            <img decoding=\"async\" src=\"https:\/\/www.futebolinterior.com.br\/wp-content\/uploads\/2020\/11\/unnamed-file-1006-150x150.png\" alt=\"Gr\u00eamio Prudente\" class=\"card-match__score-team-img\" title=\"PAULISTA BASE: ECUS empata com o S\u00e3o Caetano no Sub-15, mas avan\u00e7a no Sub-17 54\">  \t\t\t\t            GPR  \t\t\t\t          \t\t\t          \t\t\t        \t\t\t\t          \t\t\t\t             1   \t\t\t\t                <i class=\"icon\">  \t\t\t\t                      \t\t\t\t                          \t\t\t\t                          \t\t\t\t                      \t\t\t\t                <\/i>  \t\t\t\t             1   \t\t\t\t          \t\t\t\t      \t\t\t        \t\t\t\t          \t\t\t\t            <img decoding=\"async\" src=\"https:\/\/www.futebolinterior.com.br\/wp-content\/uploads\/2020\/11\/unnamed-file-2-150x150.png\" alt=\"XV de Ja\u00fa\" class=\"card-match__score-team-img\" title=\"PAULISTA BASE: ECUS empata com o S\u00e3o Caetano no Sub-15, mas avan\u00e7a no Sub-17 55\">  \t\t\t\t            XVJ  \t\t\t\t          \t\t\t          \t\t\t        \t\t\t    \t\t\t\t        \t\t\t        \t\t\t    \t\t\t\t        \t04\/06\/2022 &#8211; 11h00  \t\t\t       \t\t\t\t       \t\t\t\t\t\t\t  \t\t\t\t\t\t\t<i class=\"icon\">  \t\t\t\t\t\t\t\t  \t\t\t\t\t\t\t\t\t  \t\t\t\t\t\t\t\t  \t\t\t\t\t\t\t<\/i>  \t\t\t\t\t\t\tFinalizado\t\t\t\t\t\t  \t\t\t          \t\t\t        \t\t\t        \t\t\t    \t\t\t\t\t          \t\t\t\t            <img decoding=\"async\" src=\"https:\/\/www.futebolinterior.com.br\/wp-content\/uploads\/2020\/11\/unnamed-file-24-150x150.png\" alt=\"Osvaldo Cruz\" class=\"card-match__score-team-img\" title=\"PAULISTA BASE: ECUS empata com o S\u00e3o Caetano no Sub-15, mas avan\u00e7a no Sub-17 56\">  \t\t\t\t            OSV  \t\t\t\t          \t\t\t          \t\t\t        \t\t\t\t          \t\t\t\t             0   \t\t\t\t                <i class=\"icon\">  \t\t\t\t                      \t\t\t\t                          \t\t\t\t                          \t\t\t\t                      \t\t\t\t                <\/i>  \t\t\t\t             0   \t\t\t\t          \t\t\t\t      \t\t\t        \t\t\t\t          \t\t\t\t            <img decoding=\"async\" src=\"https:\/\/www.futebolinterior.com.br\/wp-content\/uploads\/2020\/11\/unnamed-file-40-150x150.png\" alt=\"Santacruzense\" class=\"card-match__score-team-img\" title=\"PAULISTA BASE: ECUS empata com o S\u00e3o Caetano no Sub-15, mas avan\u00e7a no Sub-17 57\">  \t\t\t\t            AES  \t\t\t\t          \t\t\t          \t\t\t        \t\t\t    \t\t\t\t        \t\t\t        \t\t\t    \t\t\t\t        \t04\/06\/2022 &#8211; 11h00  \t\t\t       \t\t\t\t       \t\t\t\t\t\t\t  \t\t\t\t\t\t\t<i class=\"icon\">  \t\t\t\t\t\t\t\t  \t\t\t\t\t\t\t\t\t  \t\t\t\t\t\t\t\t  \t\t\t\t\t\t\t<\/i>  \t\t\t\t\t\t\tFinalizado\t\t\t\t\t\t  \t\t\t          \t\t\t        \t\t\t        \t\t\t    \t\t\t\t\t          \t\t\t\t            <img decoding=\"async\" src=\"https:\/\/www.futebolinterior.com.br\/wp-content\/uploads\/2020\/11\/unnamed-file-258-150x150.png\" alt=\"Barretos\" class=\"card-match__score-team-img\" title=\"PAULISTA BASE: ECUS empata com o S\u00e3o Caetano no Sub-15, mas avan\u00e7a no Sub-17 58\">  \t\t\t\t            BEC  \t\t\t\t          \t\t\t          \t\t\t        \t\t\t\t          \t\t\t\t             3   \t\t\t\t                <i class=\"icon\">  \t\t\t\t                      \t\t\t\t                          \t\t\t\t                          \t\t\t\t                      \t\t\t\t                <\/i>  \t\t\t\t             0   \t\t\t\t          \t\t\t\t      \t\t\t        \t\t\t\t          \t\t\t\t            <img decoding=\"async\" src=\"https:\/\/www.futebolinterior.com.br\/wp-content\/uploads\/2020\/11\/unnamed-file-41-150x150.png\" alt=\"Monte Azul-SP\" class=\"card-match__score-team-img\" title=\"PAULISTA BASE: ECUS empata com o S\u00e3o Caetano no Sub-15, mas avan\u00e7a no Sub-17 59\">  \t\t\t\t            MTA  \t\t\t\t          \t\t\t          \t\t\t        \t\t\t    \t\t\t\t        \t\t\t        \t\t\t    \t\t\t\t        \t04\/06\/2022 &#8211; 11h00  \t\t\t       \t\t\t\t       \t\t\t\t\t\t\t  \t\t\t\t\t\t\t<i class=\"icon\">  \t\t\t\t\t\t\t\t  \t\t\t\t\t\t\t\t\t  \t\t\t\t\t\t\t\t  \t\t\t\t\t\t\t<\/i>  \t\t\t\t\t\t\tFinalizado\t\t\t\t\t\t  \t\t\t          \t\t\t        \t\t\t        \t\t\t    \t\t\t\t\t          \t\t\t\t            <img decoding=\"async\" src=\"https:\/\/www.futebolinterior.com.br\/wp-content\/uploads\/2020\/11\/unnamed-file-281-150x150.png\" alt=\"Tanabi-SP\" class=\"card-match__score-team-img\" title=\"PAULISTA BASE: ECUS empata com o S\u00e3o Caetano no Sub-15, mas avan\u00e7a no Sub-17 60\">  \t\t\t\t            TAN  \t\t\t\t          \t\t\t          \t\t\t        \t\t\t\t          \t\t\t\t             1   \t\t\t\t                <i class=\"icon\">  \t\t\t\t                      \t\t\t\t                          \t\t\t\t                          \t\t\t\t                      \t\t\t\t                <\/i>  \t\t\t\t             1   \t\t\t\t          \t\t\t\t      \t\t\t        \t\t\t\t          \t\t\t\t            <img decoding=\"async\" src=\"https:\/\/www.futebolinterior.com.br\/wp-content\/uploads\/2020\/11\/unnamed-file-49-150x150.png\" alt=\"Ol\u00edmpia\" class=\"card-match__score-team-img\" title=\"PAULISTA BASE: ECUS empata com o S\u00e3o Caetano no Sub-15, mas avan\u00e7a no Sub-17 61\">  \t\t\t\t            OLI  \t\t\t\t          \t\t\t          \t\t\t        \t\t\t    \t\t\t\t        \t\t\t        \t\t\t    \t\t\t\t        \t04\/06\/2022 &#8211; 11h00  \t\t\t       \t\t\t\t       \t\t\t\t\t\t\t  \t\t\t\t\t\t\t<i class=\"icon\">  \t\t\t\t\t\t\t\t  \t\t\t\t\t\t\t\t\t  \t\t\t\t\t\t\t\t  \t\t\t\t\t\t\t<\/i>  \t\t\t\t\t\t\tFinalizado\t\t\t\t\t\t  \t\t\t          \t\t\t        \t\t\t        \t\t\t    \t\t\t\t\t          \t\t\t\t            <img decoding=\"async\" src=\"https:\/\/www.futebolinterior.com.br\/wp-content\/uploads\/2020\/11\/unnamed-file-253-150x150.png\" alt=\"Fernand\u00f3polis\" class=\"card-match__score-team-img\" title=\"PAULISTA BASE: ECUS empata com o S\u00e3o Caetano no Sub-15, mas avan\u00e7a no Sub-17 62\">  \t\t\t\t            FFC  \t\t\t\t          \t\t\t          \t\t\t        \t\t\t\t          \t\t\t\t             1   \t\t\t\t                <i class=\"icon\">  \t\t\t\t                      \t\t\t\t                          \t\t\t\t                          \t\t\t\t                      \t\t\t\t                <\/i>  \t\t\t\t             5   \t\t\t\t          \t\t\t\t      \t\t\t        \t\t\t\t          \t\t\t\t            <img decoding=\"async\" src=\"https:\/\/www.futebolinterior.com.br\/wp-content\/uploads\/2020\/11\/unnamed-file-17-150x150.png\" alt=\"Mirassol-SP\" class=\"card-match__score-team-img\" title=\"PAULISTA BASE: ECUS empata com o S\u00e3o Caetano no Sub-15, mas avan\u00e7a no Sub-17 63\">  \t\t\t\t            MIR  \t\t\t\t          \t\t\t          \t\t\t        \t\t\t    \t\t\t                                                                                                                                                                                                                                                                                                                                    <\/p>\n<h3 class=\"checkit__title\"> Confira tamb\u00e9m: <\/h3>\n<p>Fonte: <a href=\"\/\/www.futebolinterior.com.br\/paulista-base-ecus-empata-com-o-sao-caetano-no-sub-15-mas-avanca-no-sub-17\" title=\"www.futebolinterior.com.br\/paulista-base-ecus-empata-com-o-sao-caetano-no-sub-15-mas-avanca-no-sub-17\" target=\"_blank\" rel=\"bookmark noopener\"><cite>www.futebolinterior.com.br\/paulista-base-ecus-empata-com-o-sao-caetano-no-sub-15-mas-avanca-no-sub-17<\/cite><\/a><\/p>\n","protected":false},"excerpt":{"rendered":"<p>PAULISTA BASE: ECUS empata com o S\u00e3o Caetano no Sub-15, mas avan\u00e7a no Sub-17 No Sub-17, S\u00e3o Caetano perdeu e<\/p>\n","protected":false},"author":1,"featured_media":0,"comment_status":"closed","ping_status":"closed","sticky":false,"template":"","format":"standard","meta":{"colormag_page_container_layout":"default_layout","colormag_page_sidebar_layout":"default_layout","footnotes":""},"categories":[15],"tags":[],"class_list":["post-19194","post","type-post","status-publish","format-standard","hentry","category-noticias"],"_links":{"self":[{"href":"https:\/\/euvivoaselecao.com.br\/index.php\/wp-json\/wp\/v2\/posts\/19194","targetHints":{"allow":["GET"]}}],"collection":[{"href":"https:\/\/euvivoaselecao.com.br\/index.php\/wp-json\/wp\/v2\/posts"}],"about":[{"href":"https:\/\/euvivoaselecao.com.br\/index.php\/wp-json\/wp\/v2\/types\/post"}],"author":[{"embeddable":true,"href":"https:\/\/euvivoaselecao.com.br\/index.php\/wp-json\/wp\/v2\/users\/1"}],"replies":[{"embeddable":true,"href":"https:\/\/euvivoaselecao.com.br\/index.php\/wp-json\/wp\/v2\/comments?post=19194"}],"version-history":[{"count":1,"href":"https:\/\/euvivoaselecao.com.br\/index.php\/wp-json\/wp\/v2\/posts\/19194\/revisions"}],"predecessor-version":[{"id":19195,"href":"https:\/\/euvivoaselecao.com.br\/index.php\/wp-json\/wp\/v2\/posts\/19194\/revisions\/19195"}],"wp:attachment":[{"href":"https:\/\/euvivoaselecao.com.br\/index.php\/wp-json\/wp\/v2\/media?parent=19194"}],"wp:term":[{"taxonomy":"category","embeddable":true,"href":"https:\/\/euvivoaselecao.com.br\/index.php\/wp-json\/wp\/v2\/categories?post=19194"},{"taxonomy":"post_tag","embeddable":true,"href":"https:\/\/euvivoaselecao.com.br\/index.php\/wp-json\/wp\/v2\/tags?post=19194"}],"curies":[{"name":"wp","href":"https:\/\/api.w.org\/{rel}","templated":true}]}}