{"id":19207,"date":"2022-06-06T00:23:09","date_gmt":"2022-06-06T03:23:09","guid":{"rendered":"https:\/\/euvivoaselecao.com.br\/?p=19207"},"modified":"2022-06-06T00:23:09","modified_gmt":"2022-06-06T03:23:09","slug":"futebol-americano-primeiro-training-camp-do-vasco-almirantes-foi-realizado-neste-fim-de-semana-no-cefan-vasconet","status":"publish","type":"post","link":"https:\/\/euvivoaselecao.com.br\/index.php\/2022\/06\/06\/futebol-americano-primeiro-training-camp-do-vasco-almirantes-foi-realizado-neste-fim-de-semana-no-cefan-vasconet\/","title":{"rendered":"Futebol Americano: Primeiro Training Camp do Vasco Almirantes foi realizado neste fim de semana no Cefan &#8211; VASCONet"},"content":{"rendered":"<p> <a href=\"https:\/\/news.google.com\/publications\/CAAqBwgKMMvIlgswru6tAw?hl=pt-BR&amp;gl=BR&amp;ceid=BR%3Apt-419\"><strong>SIGA-NOS<\/strong>  <\/a>            <\/p>\n<p>Futebol Americano: Primeiro Training Camp do Vasco Almirantes foi realizado neste fim de semana no Cefan Domingo, 05\/06\/2022 &#8211; 23:23 vascoalmirantes <\/p>\n<p>Nesse final de semana aconteceu o primeiro Training Camp do Vasco Almirantes no CEFAN, um treinamento intensivo de 2 dias e em 2 per\u00edodos, com foco na estr\u00e9ia na Liga BFA no dia 26 de junho contra o Palmeiras Locomotive. <\/p>\n<p>Durante o Camp os atletas tiveram reuni\u00f5es de v\u00eddeo para estudo e an\u00e1lise dos \u00faltimos 2 jogos, treino em campo com drills espec\u00edficos de cada setor do time e tamb\u00e9m treino coletivo. Al\u00e9m disso, no s\u00e1bado aconteceu no campo 2 um amistoso da equipe de Flag Football contra a equipe do America Big Riders, com foco na Super Final da Copa do Brasil de Flag. <\/p>\n<p>Parab\u00e9ns aos atletas pela dedica\u00e7\u00e3o m\u00e1xima nesse final de semana, e obrigado ao CEFAN pela parceria cada dia mais consolidada e importante para o Vasco Almirantes. <\/p>\n<p>CASACA! <\/p>\n<p>Fotos: @az.redo <\/p>\n<p>Patrocinadores: @lavaggiolimpeza @agga.gestaofinanceira @traktorsports @pavaoazuloficial <\/p>\n<p>. Apoiadores: @moov_fisio @dr.lucasalvarez @ctcopafit @drthiagommonteiro @bia_rabeloa @mb.nutriesp @ft.mitchellrangel @jocagomesnutri @chfontesfilho . . #2022\u00e9Vasco #Vasco #VascoDaGama #VascoAlmirantes #Almirantes #CRVG #SaoJanuario #FABR #FutebolAmericano #Football #Touchdown #LigaBFA #BFA #NFL #cruzdemalta <\/p>\n<table>\n<td><a><\/a><\/td>\n<td><a><\/a><\/td>\n<td><a><\/a><\/td>\n<td><a><\/a><\/td>\n<td><a><\/a><\/td>\n<td><a><\/a><\/td>\n<td><a><\/a><\/td>\n<td><a><\/a><\/td>\n<\/table>\n<p>Fonte: Instagram Vasco Almirantes<\/p>\n<h3 class=\"sd-title\">Compartilhe<\/h3>\n<h3 class=\"sd-title\">Curtir isso:<\/h3>\n<p>Curtir Carregando&#8230;<a class='sd-link-color'><\/a>  <\/p>\n<h3 class=\"jp-relatedposts-headline\">Relacionado<\/h3>\n<p>Fonte: <a href=\"\/\/vasconet.com.br\/2022\/06\/05\/futebol-americano-primeiro-training-camp-do-vasco-almirantes-foi-realizado-neste-fim-de-semana-no-cefan\" title=\"vasconet.com.br\/2022\/06\/05\/futebol-americano-primeiro-training-camp-do-vasco-almirantes-foi-realizado-neste-fim-de-semana-no-cefan\" target=\"_blank\" rel=\"bookmark noopener\"><cite>vasconet.com.br\/2022\/06\/05\/futebol-americano-primeiro-training-camp-do-vasco-almirantes-foi-realizado-neste-fim-de-semana-no-cefan<\/cite><\/a><\/p>\n","protected":false},"excerpt":{"rendered":"<p>SIGA-NOS Futebol Americano: Primeiro Training Camp do Vasco Almirantes foi realizado neste fim de semana no Cefan Domingo, 05\/06\/2022 &#8211;<\/p>\n","protected":false},"author":1,"featured_media":19208,"comment_status":"closed","ping_status":"closed","sticky":false,"template":"","format":"standard","meta":{"colormag_page_container_layout":"default_layout","colormag_page_sidebar_layout":"default_layout","footnotes":""},"categories":[15],"tags":[],"class_list":["post-19207","post","type-post","status-publish","format-standard","has-post-thumbnail","hentry","category-noticias"],"_links":{"self":[{"href":"https:\/\/euvivoaselecao.com.br\/index.php\/wp-json\/wp\/v2\/posts\/19207","targetHints":{"allow":["GET"]}}],"collection":[{"href":"https:\/\/euvivoaselecao.com.br\/index.php\/wp-json\/wp\/v2\/posts"}],"about":[{"href":"https:\/\/euvivoaselecao.com.br\/index.php\/wp-json\/wp\/v2\/types\/post"}],"author":[{"embeddable":true,"href":"https:\/\/euvivoaselecao.com.br\/index.php\/wp-json\/wp\/v2\/users\/1"}],"replies":[{"embeddable":true,"href":"https:\/\/euvivoaselecao.com.br\/index.php\/wp-json\/wp\/v2\/comments?post=19207"}],"version-history":[{"count":1,"href":"https:\/\/euvivoaselecao.com.br\/index.php\/wp-json\/wp\/v2\/posts\/19207\/revisions"}],"predecessor-version":[{"id":19209,"href":"https:\/\/euvivoaselecao.com.br\/index.php\/wp-json\/wp\/v2\/posts\/19207\/revisions\/19209"}],"wp:featuredmedia":[{"embeddable":true,"href":"https:\/\/euvivoaselecao.com.br\/index.php\/wp-json\/wp\/v2\/media\/19208"}],"wp:attachment":[{"href":"https:\/\/euvivoaselecao.com.br\/index.php\/wp-json\/wp\/v2\/media?parent=19207"}],"wp:term":[{"taxonomy":"category","embeddable":true,"href":"https:\/\/euvivoaselecao.com.br\/index.php\/wp-json\/wp\/v2\/categories?post=19207"},{"taxonomy":"post_tag","embeddable":true,"href":"https:\/\/euvivoaselecao.com.br\/index.php\/wp-json\/wp\/v2\/tags?post=19207"}],"curies":[{"name":"wp","href":"https:\/\/api.w.org\/{rel}","templated":true}]}}