{"id":19492,"date":"2022-06-11T04:24:25","date_gmt":"2022-06-11T07:24:25","guid":{"rendered":"https:\/\/euvivoaselecao.com.br\/?p=19492"},"modified":"2022-06-11T04:24:25","modified_gmt":"2022-06-11T07:24:25","slug":"londrina-nao-marcou-um-gol-fora-de-casa-e-ai-ponte-preta","status":"publish","type":"post","link":"https:\/\/euvivoaselecao.com.br\/index.php\/2022\/06\/11\/londrina-nao-marcou-um-gol-fora-de-casa-e-ai-ponte-preta\/","title":{"rendered":"Londrina n\u00e3o marcou um gol fora de casa. E a\u00ed, Ponte Preta?"},"content":{"rendered":"<br \/>\n<h1 class=\"intro__title\" style=\"background: linear-gradient(90deg, #188038 30%, rgba(0, 39, 12, 0.6) 75%)\"> Londrina n\u00e3o marcou um gol fora de casa. E a\u00ed, Ponte Preta? <\/h1>\n<h2 class=\"intro__subtitle\"> o Londrina, al\u00e9m de n\u00e3o ter vencido um jogo fora de casa, tamb\u00e9m n\u00e3o marcou sequer um gol. A Ponte Preta tem que aproveitar para vencer no Majestoso <\/h2>\n<p class=\"intro__resume\"> \u201cEles (refer\u00eancia \u00e0 Ponte Preta) v\u00e3o sair para o ataque e n\u00f3s (Londrina) precisamos usar nossa arma de explorar velocidade nos contra-ataques&#8217;. <\/p>\n<p>Categorias:                                                                      <a href=\"https:\/\/www.futebolinterior.com.br\/colunas\/\">                                          Colunas                                    <\/a>                                                                  <\/p>\n<p>Por: <a href=\"https:\/\/www.futebolinterior.com.br\/opniao\/ariovaldo-izac\/\" title=\"ARIOVALDO IZAC - -\">ARIOVALDO IZAC &#8211; &#8211;<\/a>, 10\/06\/2022 <\/p>\n<p>                                                                                                                                                              <img decoding=\"async\" width=\"483\" height=\"279\" src=\"https:\/\/images.futebolinterior.com.br\/2022\/06\/londrina-1.jpg\" class=\"attachment-post-thumbnail size-post-thumbnail wp-post-image\" alt=\"londrina 1\" loading=\"lazy\" title=\"Londrina n\u00e3o marcou um gol fora de casa. E a\u00ed, Ponte Preta? 1\">                                                            Tubar\u00e3o quer vencer fora. Foto: Londrina \/ Divulga\u00e7\u00e3o                                                                                                                                                                                                                                                                                                                                                                                              <a href=\"https:\/\/pizzadodada.com.br\/\" target=\"_blank\" style=\"padding:0px;text-align:center\" rel=\"noopener\">                                                                        <img decoding=\"async\" src=\"https:\/\/images.futebolinterior.com.br\/2022\/04\/Pizzaria_Dada-300x250-1.gif\">                                                                <\/a>                                                                                                                                                                                 <\/p>\n<p>Campinas, SP, 10 (AFI) &#8211; O tempo passa, dizia o saudoso locutor Fiori Gigliotti, mas a m\u00eddia esportiva interiorana continua &#8216;pr\u00e9-hist\u00f3rica&#8217;.<\/p>\n<p>Corujando a <strong>R\u00e1dio Clube de Londrina<\/strong>, 95.7 FM, no programa noturno &#8216;Balan\u00e7o Esportivo&#8217; desta sexta-feira, com avalia\u00e7\u00e3o sobre possibilidades do visitante Londrina diante da Ponte Preta, na tarde deste s\u00e1bado em Campinas, eis que a comentarista &#8211; cujo nome n\u00e3o pude anotar &#8211; ainda usou o velho discurso de quem veste pra valer a camisa do time da casa.<\/p>\n<p>Foi coisa do tipo n\u00f3s contra eles. \u201cEles (refer\u00eancia \u00e0 Ponte Preta) v\u00e3o sair para o ataque e n\u00f3s (Londrina) precisamos usar nossa arma de explorar velocidade nos contra-ataques&#8217;.<\/p>\n<p>Isso me faz lembrar o saudoso rep\u00f3rter Almeida Neto, o Bolinha, de Campinas, que conseguia &#8216;enxergar&#8217; no m\u00ednimo dois p\u00eanaltis favor\u00e1veis ao Guarani, em jogadas absolutamente normais.<\/p>\n<p>Tamb\u00e9m foi dito, naquele programa, que o Londrina, al\u00e9m de n\u00e3o ter vencido um jogo fora de casa, tamb\u00e9m n\u00e3o marcou sequer um gol.<\/p>\n<p><strong>UM M\u00caS<\/strong><\/p>\n<p>J\u00e1 a Ponte Preta, que vem de vit\u00f3ria em Itu sobre o Ituano, est\u00e1 em d\u00e9bito com a sua torcida em jogos no Est\u00e1dio Mois\u00e9s Lucarelli, pois h\u00e1 um m\u00eas n\u00e3o sabe o que \u00e9 vencer.<\/p>\n<p>Os 12 pontos na classifica\u00e7\u00e3o da S\u00e9rie B n\u00e3o a distanciam em quase praticamente nada da turma que integra a zona do perigo, que \u00e9 o Z4.<\/p>\n<p>Em hip\u00f3tese de derrota j\u00e1 passa a ser superada pelo pr\u00f3prio Londrina, e h\u00e1 risco de clubes do pelot\u00e3o de baixo pontuarem, como Ituano que visita a cidade de Brusque, e uma vit\u00f3ria de quaisquer das equipes no confronto direto entre CRB e Vila Nova, convencionando-se que perca do Londrina.<\/p>\n<p>Essa fotografia \u00e9 relevante para que a Ponte Preta saiba perfeitamente a import\u00e2ncia de pontuar neste s\u00e1bado, e se poss\u00edvel ganhar do Londrina.<\/p>\n<p><strong>MULHERES N\u00c3O PAGAM<\/strong><\/p>\n<p>Para o jogo das 11h de domingo, contra o Guarani, a diretoria do Novorizontino faz promo\u00e7\u00e3o de entrada gratuita em seu est\u00e1dio para mulheres e crian\u00e7as de at\u00e9 onze anos de idade.<\/p>\n<p>Ao convocar as mulheres, a diretoria do Novorizontino pretende arrastar mais homens tamb\u00e9m para o est\u00e1dio.<\/p>\n<p>A informa\u00e7\u00e3o foi veiculada no programa de esportes da <strong>R\u00e1dio Esperan\u00e7a de Novo Horizonte FM<\/strong>, no final de tarde desta sexta-feira.<\/p>\n<p>Clima desfavor\u00e1vel ou n\u00e3o, cabe ao Guarani colocar em pr\u00e1tica aquilo que n\u00e3o tem ocorrido em jogos anteriores e buscar a reabilita\u00e7\u00e3o para fugir da inc\u00f4moda lanterna desta S\u00e9rie B do Campeonato Brasileiro.<\/p>\n<\/p>\n<h3 class=\"checkit__title\"> Confira tamb\u00e9m: <\/h3>\n<p>Fonte: <a href=\"\/\/www.futebolinterior.com.br\/londrina-nao-marcou-um-gol-fora-de-casa-e-ai-ponte-preta\" title=\"www.futebolinterior.com.br\/londrina-nao-marcou-um-gol-fora-de-casa-e-ai-ponte-preta\" target=\"_blank\" rel=\"bookmark noopener\"><cite>www.futebolinterior.com.br\/londrina-nao-marcou-um-gol-fora-de-casa-e-ai-ponte-preta<\/cite><\/a><\/p>\n","protected":false},"excerpt":{"rendered":"<p>Londrina n\u00e3o marcou um gol fora de casa. E a\u00ed, Ponte Preta? o Londrina, al\u00e9m de n\u00e3o ter vencido um<\/p>\n","protected":false},"author":1,"featured_media":0,"comment_status":"closed","ping_status":"closed","sticky":false,"template":"","format":"standard","meta":{"colormag_page_container_layout":"default_layout","colormag_page_sidebar_layout":"default_layout","footnotes":""},"categories":[15],"tags":[],"class_list":["post-19492","post","type-post","status-publish","format-standard","hentry","category-noticias"],"_links":{"self":[{"href":"https:\/\/euvivoaselecao.com.br\/index.php\/wp-json\/wp\/v2\/posts\/19492","targetHints":{"allow":["GET"]}}],"collection":[{"href":"https:\/\/euvivoaselecao.com.br\/index.php\/wp-json\/wp\/v2\/posts"}],"about":[{"href":"https:\/\/euvivoaselecao.com.br\/index.php\/wp-json\/wp\/v2\/types\/post"}],"author":[{"embeddable":true,"href":"https:\/\/euvivoaselecao.com.br\/index.php\/wp-json\/wp\/v2\/users\/1"}],"replies":[{"embeddable":true,"href":"https:\/\/euvivoaselecao.com.br\/index.php\/wp-json\/wp\/v2\/comments?post=19492"}],"version-history":[{"count":1,"href":"https:\/\/euvivoaselecao.com.br\/index.php\/wp-json\/wp\/v2\/posts\/19492\/revisions"}],"predecessor-version":[{"id":19493,"href":"https:\/\/euvivoaselecao.com.br\/index.php\/wp-json\/wp\/v2\/posts\/19492\/revisions\/19493"}],"wp:attachment":[{"href":"https:\/\/euvivoaselecao.com.br\/index.php\/wp-json\/wp\/v2\/media?parent=19492"}],"wp:term":[{"taxonomy":"category","embeddable":true,"href":"https:\/\/euvivoaselecao.com.br\/index.php\/wp-json\/wp\/v2\/categories?post=19492"},{"taxonomy":"post_tag","embeddable":true,"href":"https:\/\/euvivoaselecao.com.br\/index.php\/wp-json\/wp\/v2\/tags?post=19492"}],"curies":[{"name":"wp","href":"https:\/\/api.w.org\/{rel}","templated":true}]}}