{"id":19511,"date":"2022-06-11T12:25:02","date_gmt":"2022-06-11T15:25:02","guid":{"rendered":"https:\/\/euvivoaselecao.com.br\/?p=19511"},"modified":"2022-06-11T12:25:02","modified_gmt":"2022-06-11T15:25:02","slug":"vitor-roma-e-um-absurdo-retirarem-a-participacao-do-vasco-na-receita-dos-bares-no-jogo-contra-o-cruzeiro-vasconet","status":"publish","type":"post","link":"https:\/\/euvivoaselecao.com.br\/index.php\/2022\/06\/11\/vitor-roma-e-um-absurdo-retirarem-a-participacao-do-vasco-na-receita-dos-bares-no-jogo-contra-o-cruzeiro-vasconet\/","title":{"rendered":"Vitor Roma: &#039;\u00c9 um absurdo retirarem a participa\u00e7\u00e3o do Vasco na receita dos bares no jogo contra o Cruzeiro&#039; &#8211; VASCONet"},"content":{"rendered":"<p> <a href=\"https:\/\/news.google.com\/publications\/CAAqBwgKMMvIlgswru6tAw?hl=pt-BR&amp;gl=BR&amp;ceid=BR%3Apt-419\"><strong>SIGA-NOS<\/strong>  <\/a>            <\/p>\n<p>Vitor Roma: &#8216;\u00c9 um absurdo retirarem a participa\u00e7\u00e3o do Vasco na receita dos bares no jogo contra o Cruzeiro&#8217; S\u00e1bado, 11\/06\/2022 &#8211; 10:30 O imbr\u00f3glio entre Vasco e Maracan\u00e3 ganhou mais ingredientes com a proximidade do jogo contra o Cruzeiro, neste domingo. O clube enviou um novo of\u00edcio ao Cons\u00f3rcio questionando o fato de ter sido exclu\u00eddo das receitas dos bares, algo que sempre aconteceu em jogos como mandante no est\u00e1dio. Al\u00e9m disso, uma faixa com mensagem institucional foi vetada pela concession\u00e1ria, o que causou estranheza e gerou um pedido de reconsidera\u00e7\u00e3o. <\/p>\n<p>Os impasses acontecem ap\u00f3s o Vasco questionar os valores para usar o est\u00e1dio no domingo. Ao contr\u00e1rio de jogos anteriores, quando o aluguel foi de R$ 90 mil, o Vasco teve de pagar R$ 250 mil dessa vez, al\u00e9m da taxa de R$ 130 mil por ressarcimentos de custos, como \u00e1gua e energia. O fato revoltou dirigentes do clube, que enviaram um of\u00edcio ao Maracan\u00e3, com c\u00f3pias para governo do Rio do Janeiro, Flamengo e Fluminense. <\/p>\n<table>\n<td><a>Vasco volta a jogar no Maracan\u00e3 neste domingo ap\u00f3s quase tr\u00eas meses<\/a><\/td>\n<\/table>\n<p>Nesta sexta, um novo of\u00edcio foi enviado ao Cons\u00f3rcio questionando a exclus\u00e3o das receitas dos bares. No documento, o presidente Jorge Salgado solicita que o Maracan\u00e3 cumpra o termo de permiss\u00e3o de uso do est\u00e1dio, assinado em 2019 pelo ent\u00e3o governador Wilson Witsel e por Rodolfo Landim e Pedro Abad, respectivos presidentes de Flamengo e Fluminense na \u00e9poca, e insira a participa\u00e7\u00e3o do Vasco nas receitas dos bares, &#8220;posto que o valor arrecado , certamente, mitigar\u00e1 os altos custos arcados pelo CRVG para disputar a partida no Maracan\u00e3 e garantir\u00e1 a justa e indispens\u00e1vel igualdade de condi\u00e7\u00f5es entre os clubes do Rio de Janeiro na loca\u00e7\u00e3o do est\u00e1dio&#8221;. <\/p>\n<p>&#8211; \u00c9 um absurdo retirarem a participa\u00e7\u00e3o do Vasco na receita dos bares no jogo contra o Cruzeiro. Essa \u00e9 uma praxe no Maracan\u00e3. O conceito \u00e9 simples, se o clube n\u00e3o manda o jogo no est\u00e1dio n\u00e3o tem receita. Parecem estar querendo dificultar a presen\u00e7a do Vasco no Maracan\u00e3. N\u00e3o v\u00e3o conseguir, o est\u00e1dio \u00e9 um equipamento p\u00fablico e regra determina tratamento igual para todos os clubes do Rio &#8211; questionou V\u00edtor Roma, VP de Marketing do Vasco, ao ge. <\/p>\n<table>\n<td><a><\/a><\/td>\n<td><a><\/a><\/td>\n<td><a><\/a><\/td>\n<\/table>\n<p><b>Conte\u00fado de faixa vetado<\/b> <\/p>\n<p>Outro ponto de desentendimento tem sido a faixa que o Vasco gostaria de expor no Maracan\u00e3, com a mensagem: &#8220;Desde 1898 o leg\u00edtimo club do povo, Club de Regatas Vasco da Gama, Respeito, Igualdade e Inclus\u00e3o&#8221;. <\/p>\n<table>\n<td><a>Arte da faixa que o Vasco gostaria de usar no Maracan\u00e3, mas teve o conte\u00fado vetado<\/a><\/td>\n<\/table>\n<p>Tradicionalmente, os clubes mandantes costumam colocar mensagens institucionais em frente no Setor Leste do Maracan\u00e3, de frente para as c\u00e2meras de televis\u00e3o. O Vasco entrou em contato com o cons\u00f3rcio, que forneceu as medidas para a faixa. A arte foi fabricada, mas vetada pelos administradores do est\u00e1dio. Segundo o ge apurou, o problema foi o conte\u00fado da mensagem. <\/p>\n<p>O Vasco j\u00e1 enviou um pedido de reconsidera\u00e7\u00e3o ao Maracan\u00e3, mas at\u00e9 o momento n\u00e3o teve retorno. O clube n\u00e3o pensa em fabricar uma nova mensagem caso o veto seja mantido. <\/p>\n<p>O Vasco enfrenta o Cruzeiro, neste domingo, \u00e0s 16h, no Maracan\u00e3, e todos os 65 mil mil ingressos disponibilizados foram vendidos em pouco mais de 48 horas. <\/p>\n<p>Fonte: ge<\/p>\n<h3 class=\"sd-title\">Compartilhe<\/h3>\n<h3 class=\"sd-title\">Curtir isso:<\/h3>\n<p>Curtir Carregando&#8230;<a class='sd-link-color'><\/a>  <\/p>\n<h3 class=\"jp-relatedposts-headline\">Relacionado<\/h3>\n<p>Fonte: <a href=\"\/\/vasconet.com.br\/2022\/06\/11\/vitor-roma-e-um-absurdo-retirarem-a-participacao-do-vasco-na-receita-dos-bares-no-jogo-contra-o-cruzeiro\" title=\"vasconet.com.br\/2022\/06\/11\/vitor-roma-e-um-absurdo-retirarem-a-participacao-do-vasco-na-receita-dos-bares-no-jogo-contra-o-cruzeiro\" target=\"_blank\" rel=\"bookmark noopener\"><cite>vasconet.com.br\/2022\/06\/11\/vitor-roma-e-um-absurdo-retirarem-a-participacao-do-vasco-na-receita-dos-bares-no-jogo-contra-o-cruzeiro<\/cite><\/a><\/p>\n","protected":false},"excerpt":{"rendered":"<p>SIGA-NOS Vitor Roma: &#8216;\u00c9 um absurdo retirarem a participa\u00e7\u00e3o do Vasco na receita dos bares no jogo contra o Cruzeiro&#8217;<\/p>\n","protected":false},"author":1,"featured_media":19512,"comment_status":"closed","ping_status":"closed","sticky":false,"template":"","format":"standard","meta":{"colormag_page_container_layout":"default_layout","colormag_page_sidebar_layout":"default_layout","footnotes":""},"categories":[15],"tags":[],"class_list":["post-19511","post","type-post","status-publish","format-standard","has-post-thumbnail","hentry","category-noticias"],"_links":{"self":[{"href":"https:\/\/euvivoaselecao.com.br\/index.php\/wp-json\/wp\/v2\/posts\/19511","targetHints":{"allow":["GET"]}}],"collection":[{"href":"https:\/\/euvivoaselecao.com.br\/index.php\/wp-json\/wp\/v2\/posts"}],"about":[{"href":"https:\/\/euvivoaselecao.com.br\/index.php\/wp-json\/wp\/v2\/types\/post"}],"author":[{"embeddable":true,"href":"https:\/\/euvivoaselecao.com.br\/index.php\/wp-json\/wp\/v2\/users\/1"}],"replies":[{"embeddable":true,"href":"https:\/\/euvivoaselecao.com.br\/index.php\/wp-json\/wp\/v2\/comments?post=19511"}],"version-history":[{"count":1,"href":"https:\/\/euvivoaselecao.com.br\/index.php\/wp-json\/wp\/v2\/posts\/19511\/revisions"}],"predecessor-version":[{"id":19513,"href":"https:\/\/euvivoaselecao.com.br\/index.php\/wp-json\/wp\/v2\/posts\/19511\/revisions\/19513"}],"wp:featuredmedia":[{"embeddable":true,"href":"https:\/\/euvivoaselecao.com.br\/index.php\/wp-json\/wp\/v2\/media\/19512"}],"wp:attachment":[{"href":"https:\/\/euvivoaselecao.com.br\/index.php\/wp-json\/wp\/v2\/media?parent=19511"}],"wp:term":[{"taxonomy":"category","embeddable":true,"href":"https:\/\/euvivoaselecao.com.br\/index.php\/wp-json\/wp\/v2\/categories?post=19511"},{"taxonomy":"post_tag","embeddable":true,"href":"https:\/\/euvivoaselecao.com.br\/index.php\/wp-json\/wp\/v2\/tags?post=19511"}],"curies":[{"name":"wp","href":"https:\/\/api.w.org\/{rel}","templated":true}]}}