{"id":20200,"date":"2022-06-23T01:23:53","date_gmt":"2022-06-23T04:23:53","guid":{"rendered":"https:\/\/euvivoaselecao.com.br\/?p=20200"},"modified":"2022-06-23T01:23:53","modified_gmt":"2022-06-23T04:23:53","slug":"vinicius-goncalves-dias-araujo-de-sp-apitara-vasco-x-operario-vinicius-furlan-sera-o-var-vasconet","status":"publish","type":"post","link":"https:\/\/euvivoaselecao.com.br\/index.php\/2022\/06\/23\/vinicius-goncalves-dias-araujo-de-sp-apitara-vasco-x-operario-vinicius-furlan-sera-o-var-vasconet\/","title":{"rendered":"Vin\u00edcius Gon\u00e7alves Dias Ara\u00fajo, de SP, apitar\u00e1 Vasco x Oper\u00e1rio; Vin\u00edcius Furlan ser\u00e1 o VAR &#8211; VASCONet"},"content":{"rendered":"<p> <a href=\"https:\/\/news.google.com\/publications\/CAAqBwgKMMvIlgswru6tAw?hl=pt-BR&amp;gl=BR&amp;ceid=BR%3Apt-419\"><strong>SIGA-NOS<\/strong>  <\/a>            <\/p>\n<p>Vin\u00edcius Gon\u00e7alves Dias Ara\u00fajo, de SP, apitar\u00e1 Vasco x Oper\u00e1rio; Vin\u00edcius Furlan ser\u00e1 o VAR Quarta-feira, 22\/06\/2022 &#8211; 23:31 CAMPEONATO BRASILEIRO DE FUTEBOL &#8211; S\u00c9RIE B &#8211; 2022 <\/p>\n<p>S\u00e3o Janu\u00e1rio &#8211; Rio de Janeiro &#8211; RJ <\/p>\n<p>Sexta, 24 de Junho de 2022 &#8211; 19:00 <\/p>\n<p>Vasco da Gama &#8211; RJ X Oper\u00e1rio &#8211; PR <\/p>\n<table>\n<th>Fun\u00e7\u00e3o<\/th>\n<th>Nome<\/th>\n<th>Federa\u00e7\u00e3o<\/th>\n<th>\u00c1rbitro<\/th>\n<td> <a> Vinicius Gon\u00e7alves Dias Araujo <\/a> <\/td>\n<td>SP<\/td>\n<th>\u00c1rbitro Assistente 1<\/th>\n<td> <a> Evandro de Melo Lima <\/a> <\/td>\n<td>SP<\/td>\n<th>\u00c1rbitro Assistente 2<\/th>\n<td> <a> Luiz Alberto Andrini Nogueira <\/a> <\/td>\n<td>SP<\/td>\n<th>Quarto \u00c1rbitro<\/th>\n<td> <a> Alex Gomes Stefano <\/a> <\/td>\n<td>RJ<\/td>\n<th>Analista de Campo<\/th>\n<td> <a> Cl\u00e1udio Jos\u00e9 de Oliveira Soares <\/a> <\/td>\n<td>RJ<\/td>\n<th>\u00c1rbitro de V\u00eddeo<\/th>\n<td> <a> Vinicius Furlan <\/a> <\/td>\n<td>SP<\/td>\n<th>AVAR<\/th>\n<td> <a> Herman Brumel Vani <\/a> <\/td>\n<td>SP<\/td>\n<th>Observador de VAR<\/th>\n<td> <a> Italo Medeiros de Azevedo <\/a> <\/td>\n<td>RN<\/td>\n<\/table>\n<p> Fonte: CBF<\/p>\n<h3 class=\"sd-title\">Compartilhe<\/h3>\n<h3 class=\"sd-title\">Curtir isso:<\/h3>\n<p>Curtir Carregando&#8230;<a class='sd-link-color'><\/a>  <\/p>\n<h3 class=\"jp-relatedposts-headline\">Relacionado<\/h3>\n<p>Fonte: <a href=\"\/\/vasconet.com.br\/2022\/06\/22\/vinicius-goncalves-dias-araujo-de-sp-apitara-vasco-x-operario-vinicius-furlan-sera-o-var\" title=\"vasconet.com.br\/2022\/06\/22\/vinicius-goncalves-dias-araujo-de-sp-apitara-vasco-x-operario-vinicius-furlan-sera-o-var\" target=\"_blank\" rel=\"bookmark noopener\"><cite>vasconet.com.br\/2022\/06\/22\/vinicius-goncalves-dias-araujo-de-sp-apitara-vasco-x-operario-vinicius-furlan-sera-o-var<\/cite><\/a><\/p>\n","protected":false},"excerpt":{"rendered":"<p>SIGA-NOS Vin\u00edcius Gon\u00e7alves Dias Ara\u00fajo, de SP, apitar\u00e1 Vasco x Oper\u00e1rio; Vin\u00edcius Furlan ser\u00e1 o VAR Quarta-feira, 22\/06\/2022 &#8211; 23:31<\/p>\n","protected":false},"author":1,"featured_media":20201,"comment_status":"closed","ping_status":"closed","sticky":false,"template":"","format":"standard","meta":{"colormag_page_container_layout":"default_layout","colormag_page_sidebar_layout":"default_layout","footnotes":""},"categories":[15],"tags":[],"class_list":["post-20200","post","type-post","status-publish","format-standard","has-post-thumbnail","hentry","category-noticias"],"_links":{"self":[{"href":"https:\/\/euvivoaselecao.com.br\/index.php\/wp-json\/wp\/v2\/posts\/20200","targetHints":{"allow":["GET"]}}],"collection":[{"href":"https:\/\/euvivoaselecao.com.br\/index.php\/wp-json\/wp\/v2\/posts"}],"about":[{"href":"https:\/\/euvivoaselecao.com.br\/index.php\/wp-json\/wp\/v2\/types\/post"}],"author":[{"embeddable":true,"href":"https:\/\/euvivoaselecao.com.br\/index.php\/wp-json\/wp\/v2\/users\/1"}],"replies":[{"embeddable":true,"href":"https:\/\/euvivoaselecao.com.br\/index.php\/wp-json\/wp\/v2\/comments?post=20200"}],"version-history":[{"count":1,"href":"https:\/\/euvivoaselecao.com.br\/index.php\/wp-json\/wp\/v2\/posts\/20200\/revisions"}],"predecessor-version":[{"id":20202,"href":"https:\/\/euvivoaselecao.com.br\/index.php\/wp-json\/wp\/v2\/posts\/20200\/revisions\/20202"}],"wp:featuredmedia":[{"embeddable":true,"href":"https:\/\/euvivoaselecao.com.br\/index.php\/wp-json\/wp\/v2\/media\/20201"}],"wp:attachment":[{"href":"https:\/\/euvivoaselecao.com.br\/index.php\/wp-json\/wp\/v2\/media?parent=20200"}],"wp:term":[{"taxonomy":"category","embeddable":true,"href":"https:\/\/euvivoaselecao.com.br\/index.php\/wp-json\/wp\/v2\/categories?post=20200"},{"taxonomy":"post_tag","embeddable":true,"href":"https:\/\/euvivoaselecao.com.br\/index.php\/wp-json\/wp\/v2\/tags?post=20200"}],"curies":[{"name":"wp","href":"https:\/\/api.w.org\/{rel}","templated":true}]}}