{"id":20786,"date":"2022-07-01T11:25:34","date_gmt":"2022-07-01T14:25:34","guid":{"rendered":"https:\/\/euvivoaselecao.com.br\/?p=20786"},"modified":"2022-07-01T11:25:34","modified_gmt":"2022-07-01T14:25:34","slug":"floresta-x-altos-pi-a-meta-e-vencer-para-se-afastar-do-z4","status":"publish","type":"post","link":"https:\/\/euvivoaselecao.com.br\/index.php\/2022\/07\/01\/floresta-x-altos-pi-a-meta-e-vencer-para-se-afastar-do-z4\/","title":{"rendered":"Floresta x Altos-PI &#8211; A meta \u00e9 vencer para se afastar do Z4"},"content":{"rendered":"<br \/>\n<h1 class=\"intro__title -pos-jogo\" style=\"background: linear-gradient(90deg, #188038 30%, rgba(0, 39, 12, 0.6) 75%)\">                                                                                                                                                                                                                                                                                                        <img decoding=\"async\" src=\"https:\/\/www.futebolinterior.com.br\/wp-content\/uploads\/2020\/11\/unnamed-file-1310-150x150.png\" alt=\"Altos-PI\">                                                                                                                                              Floresta x Altos-PI &#8211; A meta \u00e9 vencer para se afastar do Z4 <\/h1>\n<h2 class=\"intro__subtitle\"> A bola rola neste s\u00e1bado, \u00e1s 15h, no PV em Fortaleza  <\/h2>\n<p class=\"intro__resume\"> As duas equipes dividem a 13\u00aa posi\u00e7\u00e3o com 14 pontos <\/p>\n<p>Categorias:                                                              <a href=\"https:\/\/www.futebolinterior.com.br\/futebol-brasil\/\">                                      Futebol Brasil                                <\/a>                                                          <\/p>\n<p>Por: <a href=\"https:\/\/www.futebolinterior.com.br\/opniao\/rivail-oliveira\/\" title=\"Rivail Oliveira\">Rivail Oliveira<\/a>, 01\/07\/2022 <\/p>\n<p>                                                                                                              <img decoding=\"async\" width=\"818\" height=\"459\" src=\"https:\/\/images.futebolinterior.com.br\/2022\/07\/1_jogo___floresta___altos___campeonato___brasileiro___serie___c_45-16977765.jpg\" class=\"attachment-post-thumbnail size-post-thumbnail wp-post-image\" alt=\"1 jogo floresta altos campeonato brasileiro serie c 45 16977765\" loading=\"lazy\" title=\"Floresta x Altos-PI - A meta \u00e9 vencer para se afastar do Z4 1\">                                                                                                                                                                                                                                                                                                                                                                                                                                                                                                                                                                                                                                                                                                                                                                                                                                                                                                                                                             <\/p>\n<p>Fortaleza, CE, 01 (AFI) &#8211; O Floresta recebe o Altos-PI neste s\u00e1bado, \u00e0s 15h, no Est\u00e1dio Presidente Vargas em Fortaleza pela 13\u00aa rodada do Campeonato Brasileiro da S\u00e9rie C. As duas equipes fazem campanha semelhantes com 14 pontos na 13\u00aa posi\u00e7\u00e3o. O Floresta vem de vit\u00f3ria contra o Ferrovi\u00e1rio e o Altos empatou na rodada passada diante do Vit\u00f3ria. \u00a0<\/p>\n<\/p>\n<p>O Jacar\u00e9 piauiense tem quatro vit\u00f3rias e n\u00e3o perde h\u00e1 quatro jogos, s\u00e3o duas vit\u00f3rias e dois empates na 13\u00aa posi\u00e7\u00e3o com 14 pontos, j\u00e1 o Lobo da Vila tamb\u00e9m tem 14 pontos e nos \u00faltimos quatro jogos, foram duas derrotas, um empate e uma vit\u00f3ria. No saldo de gols, o Altos tem menos quatro gols e o Floresta menos seis.<\/p>\n<\/p>\n<p>Quem vencer neste duelo, poder\u00e1 se distanciar da zona do rebaixamento. A pedido do Floresta Esporte Clube, a CBF alterou local da partida que saiu do Est\u00e1dio Doming\u00e3o em Horizonte para o Presidente Vargas em Fortaleza. O t\u00e9cnico Leston Junior tem todo o elenco \u00e0 disposi\u00e7\u00e3o e dever\u00e1 repetir a escala\u00e7\u00e3o da rodada passada.<\/p>\n<\/p>\n<p><strong>JACAR\u00c9 COM D\u00daVIDAS<\/strong><\/p>\n<p>O t\u00e9cnico Fernando Tonett comandou a equipe num jogo-treino, quando venceu o sub-20 do Tiradentes-PI, por 1 a 0 durante a semana de treinamentos. Para o jogo diante dos cearenses, o treinador tem algumas d\u00favidas. A novidade dever\u00e1 ser as voltas de Souza e Betinho. O zagueiro Mimica e atacante Paulo Rangel tamb\u00e9m ficam \u00e0 disposi\u00e7\u00e3o. Dieyson e Diego brigam pela posi\u00e7\u00e3o na lateral esquerda. Danilo Silva com uma les\u00e3o na regi\u00e3o posterior da coxa, Netinho com les\u00e3o no p\u00fabis, Lucas Campos com les\u00e3o no ligamento do joelho e F\u00e1bio Aguiar lesionado na coxa ficam de fora. J\u00e1 Dieyson tamb\u00e9m \u00e9 d\u00favida, e Diego \u00e9 a op\u00e7\u00e3o para seu lugar.<\/p>\n<h3 class=\"endgame__title\">FICHA T\u00c9CNICA<\/h3>\n<p>                                                                                                             <img decoding=\"async\" src=\"https:\/\/www.futebolinterior.com.br\/wp-content\/uploads\/2020\/11\/unnamed-file-1359-150x150.png\" alt=\"Floresta-CE\" class=\"endgame__score-team-img\" title=\"Floresta x Altos-PI - A meta \u00e9 vencer para se afastar do Z4 2\">                                                              Floresta-CE                                                                                                                                          <i class=\"icon\">                                                                                                                                                         <\/i>                                                                                                              <img decoding=\"async\" src=\"https:\/\/www.futebolinterior.com.br\/wp-content\/uploads\/2020\/11\/unnamed-file-1310-150x150.png\" alt=\"Altos-PI\" class=\"endgame__score-team-img\" title=\"Floresta x Altos-PI - A meta \u00e9 vencer para se afastar do Z4 3\">                                                              Altos-PI                                                                                                                                                                                                                                                   <i class=\"icon\"> <img decoding=\"async\" src=\"https:\/\/www.futebolinterior.com.br\/wp-content\/themes\/futebol-interior\/assets\/img\/ficha-tecnica\/fase.svg\" alt=\"Fase\" class=\"endgame__score-team-img\" title=\"Floresta x Altos-PI - A meta \u00e9 vencer para se afastar do Z4 4\"> <\/i>                                      Fase:                                                                  Grupo                                                                                                                                                                                                         <i class=\"icon\"> <img decoding=\"async\" src=\"https:\/\/www.futebolinterior.com.br\/wp-content\/themes\/futebol-interior\/assets\/img\/ficha-tecnica\/rodada.svg\" alt=\"Fase\" class=\"endgame__score-team-img\" title=\"Floresta x Altos-PI - A meta \u00e9 vencer para se afastar do Z4 5\"> <\/i>                                      Rodada:                                                                  13\u00aa                                                                                                                                                                                 <i class=\"icon\"> <img decoding=\"async\" src=\"https:\/\/www.futebolinterior.com.br\/wp-content\/themes\/futebol-interior\/assets\/img\/ficha-tecnica\/data.svg\" alt=\"Fase\" class=\"endgame__score-team-img\" title=\"Floresta x Altos-PI - A meta \u00e9 vencer para se afastar do Z4 6\"> <\/i>                                      Data:                                                                                                       02\/07\/2022                                                                                                                                                                                                                 <i class=\"icon\"> <img decoding=\"async\" src=\"https:\/\/www.futebolinterior.com.br\/wp-content\/themes\/futebol-interior\/assets\/img\/ficha-tecnica\/hora.svg\" alt=\"Fase\" class=\"endgame__score-team-img\" title=\"Floresta x Altos-PI - A meta \u00e9 vencer para se afastar do Z4 7\"> <\/i>                                      Hora:                                                                                                       3:00 pm                                                                                                                                                                                                                                                           <i class=\"icon\"> <img decoding=\"async\" src=\"https:\/\/www.futebolinterior.com.br\/wp-content\/themes\/futebol-interior\/assets\/img\/ficha-tecnica\/arbitragem.svg\" alt=\"Fase\" class=\"endgame__score-team-img\" title=\"Floresta x Altos-PI - A meta \u00e9 vencer para se afastar do Z4 8\"> <\/i>                                      Arbitro:                                                                                                       Leonilson Fernandes Trigueiro Filho (RN)                                                                                                                                                                                                                 <i class=\"icon\"> <img decoding=\"async\" src=\"https:\/\/www.futebolinterior.com.br\/wp-content\/themes\/futebol-interior\/assets\/img\/ficha-tecnica\/assistentes.svg\" alt=\"Fase\" class=\"endgame__score-team-img\" title=\"Floresta x Altos-PI - A meta \u00e9 vencer para se afastar do Z4 9\"> <\/i>                                      Assistentes:                                                                                                                                               Lu\u00eds Carlos de Fran\u00e7a Costa (RN) e Jo\u00e3o Henrique Queiroz da Silva (RN)                                                                                                                                                                                                                                                                                                                       <i class=\"icon\"> <img decoding=\"async\" src=\"https:\/\/www.futebolinterior.com.br\/wp-content\/themes\/futebol-interior\/assets\/img\/ficha-tecnica\/estadio.svg\" alt=\"Fase\" class=\"endgame__score-team-img\" title=\"Floresta x Altos-PI - A meta \u00e9 vencer para se afastar do Z4 10\"> <\/i>                                      Est\u00e1dio:                                                                  Presidente Vargas                                                                                                                                                                                                                                                                           <i class=\"icon\"> <img decoding=\"async\" src=\"https:\/\/www.futebolinterior.com.br\/wp-content\/themes\/futebol-interior\/assets\/img\/ficha-tecnica\/local.svg\" alt=\"Fase\" class=\"endgame__score-team-img\" title=\"Floresta x Altos-PI - A meta \u00e9 vencer para se afastar do Z4 11\"> <\/i>                                      Endere\u00e7o:                                                                                                       Fortaleza (CE)                                                                                                                                                                                                                                                                                                                                                                           <img decoding=\"async\" src=\"https:\/\/www.futebolinterior.com.br\/wp-content\/uploads\/2020\/11\/unnamed-file-1359-150x150.png\" alt=\"Floresta Esporte Clube\" title=\"Floresta x Altos-PI - A meta \u00e9 vencer para se afastar do Z4 12\">                             Floresta-CE                                                                                                                                              <\/p>\n<p>Marc\u00e3o; Dudu, Perema, Mailson e Fabio Alves; J\u00f4 Almedia, Carlinhos e Renan Mota; Carlos Renato, Fl\u00e1vio Torres e Raphael Luz.<\/p>\n<p>                                                                                                                                            <b>T\u00e9cnico:<\/b> Leston J\u00fanior                                                                                                                                                    <img decoding=\"async\" src=\"https:\/\/www.futebolinterior.com.br\/wp-content\/uploads\/2020\/11\/unnamed-file-1310-150x150.png\" alt=\"Associa\u00e7\u00e3o Atl\u00e9tica Altos\" title=\"Floresta x Altos-PI - A meta \u00e9 vencer para se afastar do Z4 13\">                             Altos-PI                                                                                                                                               <\/p>\n<p>Rafael; J\u00falio Ferrari, Ramon, Mimica e Dieyson (Diego); Valderrama, Sousa Tibiri e Marcos Aur\u00e9lio; Elielton, Manoel e Betinho (Paulo Rangel).<\/p>\n<p>                                                                                                                                             <b>T\u00e9cnico:<\/b> Fernando Tonet                                                                                                                                                                                                                                                                                                                                                                                                                                                                                                             <\/p>\n<h3 class=\"checkit__title\"> Confira tamb\u00e9m: <\/h3>\n<p>Fonte: <a href=\"\/\/www.futebolinterior.com.br\/floresta-x-altos-pi-a-meta-e-vencer-para-se-afastar-do-z4\" title=\"www.futebolinterior.com.br\/floresta-x-altos-pi-a-meta-e-vencer-para-se-afastar-do-z4\" target=\"_blank\" rel=\"bookmark noopener\"><cite>www.futebolinterior.com.br\/floresta-x-altos-pi-a-meta-e-vencer-para-se-afastar-do-z4<\/cite><\/a><\/p>\n","protected":false},"excerpt":{"rendered":"<p>Floresta x Altos-PI &#8211; A meta \u00e9 vencer para se afastar do Z4 A bola rola neste s\u00e1bado, \u00e1s 15h,<\/p>\n","protected":false},"author":1,"featured_media":20787,"comment_status":"closed","ping_status":"closed","sticky":false,"template":"","format":"standard","meta":{"colormag_page_container_layout":"default_layout","colormag_page_sidebar_layout":"default_layout","footnotes":""},"categories":[15],"tags":[],"class_list":["post-20786","post","type-post","status-publish","format-standard","has-post-thumbnail","hentry","category-noticias"],"_links":{"self":[{"href":"https:\/\/euvivoaselecao.com.br\/index.php\/wp-json\/wp\/v2\/posts\/20786","targetHints":{"allow":["GET"]}}],"collection":[{"href":"https:\/\/euvivoaselecao.com.br\/index.php\/wp-json\/wp\/v2\/posts"}],"about":[{"href":"https:\/\/euvivoaselecao.com.br\/index.php\/wp-json\/wp\/v2\/types\/post"}],"author":[{"embeddable":true,"href":"https:\/\/euvivoaselecao.com.br\/index.php\/wp-json\/wp\/v2\/users\/1"}],"replies":[{"embeddable":true,"href":"https:\/\/euvivoaselecao.com.br\/index.php\/wp-json\/wp\/v2\/comments?post=20786"}],"version-history":[{"count":1,"href":"https:\/\/euvivoaselecao.com.br\/index.php\/wp-json\/wp\/v2\/posts\/20786\/revisions"}],"predecessor-version":[{"id":20788,"href":"https:\/\/euvivoaselecao.com.br\/index.php\/wp-json\/wp\/v2\/posts\/20786\/revisions\/20788"}],"wp:featuredmedia":[{"embeddable":true,"href":"https:\/\/euvivoaselecao.com.br\/index.php\/wp-json\/wp\/v2\/media\/20787"}],"wp:attachment":[{"href":"https:\/\/euvivoaselecao.com.br\/index.php\/wp-json\/wp\/v2\/media?parent=20786"}],"wp:term":[{"taxonomy":"category","embeddable":true,"href":"https:\/\/euvivoaselecao.com.br\/index.php\/wp-json\/wp\/v2\/categories?post=20786"},{"taxonomy":"post_tag","embeddable":true,"href":"https:\/\/euvivoaselecao.com.br\/index.php\/wp-json\/wp\/v2\/tags?post=20786"}],"curies":[{"name":"wp","href":"https:\/\/api.w.org\/{rel}","templated":true}]}}