{"id":21436,"date":"2022-07-11T18:27:28","date_gmt":"2022-07-11T21:27:28","guid":{"rendered":"https:\/\/euvivoaselecao.com.br\/?p=21436"},"modified":"2022-07-11T18:27:28","modified_gmt":"2022-07-11T21:27:28","slug":"bastidores-de-criciuma-0-x-1-vasco-tiveram-discursos-emocionados-vasconet","status":"publish","type":"post","link":"https:\/\/euvivoaselecao.com.br\/index.php\/2022\/07\/11\/bastidores-de-criciuma-0-x-1-vasco-tiveram-discursos-emocionados-vasconet\/","title":{"rendered":"Bastidores de Crici\u00fama 0 x 1 Vasco tiveram discursos emocionados &#8211; VASCONet"},"content":{"rendered":"<p> <a href=\"https:\/\/news.google.com\/publications\/CAAqBwgKMMvIlgswru6tAw?hl=pt-BR&amp;gl=BR&amp;ceid=BR%3Apt-419\"><strong>SIGA-NOS<\/strong> <img loading=\"lazy\" decoding=\"async\" class=\"wp-image-6276\" src=\"https:\/\/vasconet.com.br\/wp-content\/uploads\/2021\/09\/google-news-siga-nos.png\" alt=\"google news siga-nos\" width=\"153\" height=\"31\" \/> <\/a>            <\/p>\n<p>Bastidores de Crici\u00fama 0 x 1 Vasco tiveram discursos emocionados Segunda-feira, 11\/07\/2022 &#8211; 10:20  <\/p>\n<p>A torcida do Vasco mais uma vez mostrou que est\u00e1 em total sintonia com o time. Mesmo fora de casa, no Est\u00e1dio Heriberto Hulse, os vasca\u00ednos esgotaram todos os ingressos dispon\u00edveis para os visitantes e foram recompensados com a vit\u00f3ria por 1 a 0 sobre o Crici\u00fama muita comemora\u00e7\u00e3o junto com os jogadores. <\/p>\n<p>V\u00eddeo de bastidores divulgado pela Vasco TV (veja acima) mostra que a festa foi grande. Ap\u00f3s o apito final, os jogadores se dirigiram at\u00e9 a torcida. Quase todos tiveram seus nomes gritados, mas Quintero, Yuri Lara e Thiago Rodrigues foram os mais exaltados. <\/p>\n<p>&#8211; Vasco da Gama &ndash; gritava o goleiro, em \u00eaxtase. <\/p>\n<p>Jogadores e torcida tamb\u00e9m puxaram o grito de Casaca e cantaram juntos o hino do Vasco. <\/p>\n<p>No vesti\u00e1rio, discursos emocionados. Um deles foi do auxiliar Jo\u00e3o Eduardo. <\/p>\n<p>&#8211; Eu vim de Portugal, larguei a minha fam\u00edlia, \u00e9 dif\u00edcil, car&#8230; Mas a uni\u00e3o que sinto aqui \u00e9 amor. \u00c9 um ciclo de amor. \u00c9 o que sinto aqui pela primeira vez na vida. Estou h\u00e1 um m\u00eas com voc\u00eas. E esse sentimento que vai nos levar ao acesso no fim. Obrigado &ndash; disse o portugu\u00eas, emocionado. <\/p>\n<p>Maur\u00edcio Souza tamb\u00e9m elogiou a atua\u00e7\u00e3o do time, disse que &#8220;deu gosto&#8221; ver seus jogadores em campo pela entrega, mas pediu p\u00e9s no ch\u00e3o e citou a longa caminhada pela frente. <\/p>\n<p>Fonte: ge<\/p>\n<h3 class=\"sd-title\">Compartilhe<\/h3>\n<h3 class=\"sd-title\">Curtir isso:<\/h3>\n<p>Curtir Carregando&#8230;<a class='sd-link-color'><\/a>  <\/p>\n<h3 class=\"jp-relatedposts-headline\">Relacionado<\/h3>\n<p>Fonte: <a href=\"\/\/vasconet.com.br\/2022\/07\/11\/bastidores-de-criciuma-0-x-1-vasco-tiveram-discursos-emocionados\" title=\"vasconet.com.br\/2022\/07\/11\/bastidores-de-criciuma-0-x-1-vasco-tiveram-discursos-emocionados\" target=\"_blank\" rel=\"bookmark noopener\"><cite>vasconet.com.br\/2022\/07\/11\/bastidores-de-criciuma-0-x-1-vasco-tiveram-discursos-emocionados<\/cite><\/a><\/p>\n","protected":false},"excerpt":{"rendered":"<p>SIGA-NOS Bastidores de Crici\u00fama 0 x 1 Vasco tiveram discursos emocionados Segunda-feira, 11\/07\/2022 &#8211; 10:20 A torcida do Vasco mais<\/p>\n","protected":false},"author":1,"featured_media":0,"comment_status":"closed","ping_status":"closed","sticky":false,"template":"","format":"standard","meta":{"colormag_page_container_layout":"default_layout","colormag_page_sidebar_layout":"default_layout","footnotes":""},"categories":[15],"tags":[],"class_list":["post-21436","post","type-post","status-publish","format-standard","hentry","category-noticias"],"_links":{"self":[{"href":"https:\/\/euvivoaselecao.com.br\/index.php\/wp-json\/wp\/v2\/posts\/21436","targetHints":{"allow":["GET"]}}],"collection":[{"href":"https:\/\/euvivoaselecao.com.br\/index.php\/wp-json\/wp\/v2\/posts"}],"about":[{"href":"https:\/\/euvivoaselecao.com.br\/index.php\/wp-json\/wp\/v2\/types\/post"}],"author":[{"embeddable":true,"href":"https:\/\/euvivoaselecao.com.br\/index.php\/wp-json\/wp\/v2\/users\/1"}],"replies":[{"embeddable":true,"href":"https:\/\/euvivoaselecao.com.br\/index.php\/wp-json\/wp\/v2\/comments?post=21436"}],"version-history":[{"count":1,"href":"https:\/\/euvivoaselecao.com.br\/index.php\/wp-json\/wp\/v2\/posts\/21436\/revisions"}],"predecessor-version":[{"id":21437,"href":"https:\/\/euvivoaselecao.com.br\/index.php\/wp-json\/wp\/v2\/posts\/21436\/revisions\/21437"}],"wp:attachment":[{"href":"https:\/\/euvivoaselecao.com.br\/index.php\/wp-json\/wp\/v2\/media?parent=21436"}],"wp:term":[{"taxonomy":"category","embeddable":true,"href":"https:\/\/euvivoaselecao.com.br\/index.php\/wp-json\/wp\/v2\/categories?post=21436"},{"taxonomy":"post_tag","embeddable":true,"href":"https:\/\/euvivoaselecao.com.br\/index.php\/wp-json\/wp\/v2\/tags?post=21436"}],"curies":[{"name":"wp","href":"https:\/\/api.w.org\/{rel}","templated":true}]}}