{"id":21438,"date":"2022-07-11T19:25:48","date_gmt":"2022-07-11T22:25:48","guid":{"rendered":"https:\/\/euvivoaselecao.com.br\/?p=21438"},"modified":"2022-07-11T19:25:48","modified_gmt":"2022-07-11T22:25:48","slug":"copa-paulista-tecnico-do-sao-bento-defende-time-ninguem-erra-de-proposito","status":"publish","type":"post","link":"https:\/\/euvivoaselecao.com.br\/index.php\/2022\/07\/11\/copa-paulista-tecnico-do-sao-bento-defende-time-ninguem-erra-de-proposito\/","title":{"rendered":"Copa Paulista: T\u00e9cnico do S\u00e3o Bento defende time: &quot;Ningu\u00e9m erra de prop\u00f3sito&quot;"},"content":{"rendered":"<br \/>\n<h1 class=\"intro__title\" style=\"background: linear-gradient(90deg, rgb(9, 14, 47) 30%, rgba(14, 20, 70, 0.6) 90%)\"> Copa Paulista: T\u00e9cnico do S\u00e3o Bento defende time: &#8220;Ningu\u00e9m erra de prop\u00f3sito&#8221; <\/h1>\n<h2 class=\"intro__subtitle\"> A pr\u00f3xima partida do S\u00e3o Bento na Copa Paulista ser\u00e1 contra a Primavera neste s\u00e1bado (16), \u00e0s 15h no est\u00e1dio \u00cdtalo M\u00e1rio Limongi, em Indaiatuba <\/h2>\n<p class=\"intro__resume\"> Ap\u00f3s a estreia arrebatadora em que venceu por 4 a 1, o S\u00e3o Bento perdeu a segunda rodada da Copa Paulista para o XV de Piracicaba por 2 a 0 <\/p>\n<p>Categorias:                                                                      <a href=\"https:\/\/www.futebolinterior.com.br\/estaduais\/\">                                          Estaduais                                    <\/a>                                                                  <\/p>\n<p>Por: <a href=\"https:\/\/www.futebolinterior.com.br\/opniao\/agencia-futebol-interior\/\" title=\"Ag\u00eancia Futebol Interior\">Ag\u00eancia Futebol Interior<\/a>, 11\/07\/2022 <\/p>\n<p>                                                                                                                                                              <img decoding=\"async\" width=\"641\" height=\"391\" src=\"https:\/\/images.futebolinterior.com.br\/2022\/07\/sao-bento-copa-paulista-1.jpg\" class=\"attachment-post-thumbnail size-post-thumbnail wp-post-image\" alt=\"sao bento copa paulista 1\" loading=\"lazy\" title=\"Copa Paulista: T\u00e9cnico do S\u00e3o Bento defende time: &quot;Ningu\u00e9m erra de prop\u00f3sito&quot; 1\">                                                            T\u00e9cnico do S\u00e3o Bento na Copa Paulista, Kike ( Foto: Neto Bonvino\/S\u00e3o Bento)                                                                                                                                                                                                                                                                                                                                                                                                                                                                                                                                                                                                                                                                                                                                                                                                                                                                                                                                                                                           <\/p>\n<p>Sorocaba, SP, 11 (AFI) &#8211; Ap\u00f3s a estreia arrebatadora em que venceu por 4 a 1, o <strong><a href=\"https:\/\/www.futebolinterior.com.br\/clube\/esporte-clube-sao-bento\/\">S\u00e3o Bento<\/a><\/strong> perdeu a segunda rodada da <strong><a href=\"https:\/\/futebolpaulista.com.br\/Competicoes\/Classificacao.aspx?idCampeonato=100&amp;ano=2022&amp;nav=1\" target=\"_blank\" rel=\"noreferrer noopener\">Copa Paulista<\/a> <\/strong>para o<strong> XV de Piracicaba<\/strong> por 2 a 0, no \u00faltimo s\u00e1bado. Pela derrota, o time de Sorocaba foi para o terceiro lugar do Grupo 2 com tr\u00eas pontos conquistados. <\/p>\n<h2>S\u00c3O BENTO NA COPA PAULISTA<\/h2>\n<p>O t\u00e9cnico do Bent\u00e3o, Kike Andrade falou sobre a derrota ressaltando o time e a ess\u00eancia do S\u00e3o Bento. <\/p>\n<p>&#8220;O verdadeiro\u00a0S\u00e3o Bento\u00a0\u00e9 o time guerreiro, qualificado. \u00c9 o time que jogou em Rio Claro e no primeiro tempo contra o XV. Isso faz parte do jogo. Quando voc\u00ea toma um gol, voc\u00ea toma o segundo e desorganiza. A derrota s\u00f3 dura at\u00e9 a pr\u00f3xima vit\u00f3ria. No pr\u00f3ximo jogo, vamos corrigir. Quando voc\u00ea ganha, nem tudo est\u00e1 certo. Quando voc\u00ea perde, nem tudo est\u00e1 errado.&#8221;, disse Kike. <\/p>\n<p>Al\u00e9m disso, Kike ainda exaltou os atletas que toparam o desafio da competi\u00e7\u00e3o estadual dentro das circunst\u00e2ncias do clube. <\/p>\n<p>&#8220;Os atletas que est\u00e3o aqui colocaram a quest\u00e3o financeira em segundo, terceiro, \u00faltimo plano. S\u00e3o atletas que est\u00e3o aqui, onde uma boa parte de atletas se negaram a estar aqui devido a quest\u00e3o financeira. Eles vieram para fazer o melhor. Ningu\u00e9m erra porque quer, ningu\u00e9m erra de prop\u00f3sito&#8221;, afirmou o treinador. <\/p>\n<h2>PR\u00d3XIMO JOGO<\/h2>\n<p>A pr\u00f3xima partida do S\u00e3o Bento na Copa Paulista ser\u00e1 contra a Primavera neste s\u00e1bado (16), \u00e0s 15h no est\u00e1dio \u00cdtalo M\u00e1rio Limongi, em Indaiatuba. <\/p>\n<h3 class=\"checkit__title\"> Confira tamb\u00e9m: <\/h3>\n<p>Fonte: <a href=\"\/\/www.futebolinterior.com.br\/copa-paulista-tecnico-do-sao-bento-defende-time-ninguem-erra-de-proposito\" title=\"www.futebolinterior.com.br\/copa-paulista-tecnico-do-sao-bento-defende-time-ninguem-erra-de-proposito\" target=\"_blank\" rel=\"bookmark noopener\"><cite>www.futebolinterior.com.br\/copa-paulista-tecnico-do-sao-bento-defende-time-ninguem-erra-de-proposito<\/cite><\/a><\/p>\n","protected":false},"excerpt":{"rendered":"<p>Copa Paulista: T\u00e9cnico do S\u00e3o Bento defende time: &#8220;Ningu\u00e9m erra de prop\u00f3sito&#8221; A pr\u00f3xima partida do S\u00e3o Bento na Copa<\/p>\n","protected":false},"author":1,"featured_media":0,"comment_status":"closed","ping_status":"closed","sticky":false,"template":"","format":"standard","meta":{"colormag_page_container_layout":"default_layout","colormag_page_sidebar_layout":"default_layout","footnotes":""},"categories":[15],"tags":[],"class_list":["post-21438","post","type-post","status-publish","format-standard","hentry","category-noticias"],"_links":{"self":[{"href":"https:\/\/euvivoaselecao.com.br\/index.php\/wp-json\/wp\/v2\/posts\/21438","targetHints":{"allow":["GET"]}}],"collection":[{"href":"https:\/\/euvivoaselecao.com.br\/index.php\/wp-json\/wp\/v2\/posts"}],"about":[{"href":"https:\/\/euvivoaselecao.com.br\/index.php\/wp-json\/wp\/v2\/types\/post"}],"author":[{"embeddable":true,"href":"https:\/\/euvivoaselecao.com.br\/index.php\/wp-json\/wp\/v2\/users\/1"}],"replies":[{"embeddable":true,"href":"https:\/\/euvivoaselecao.com.br\/index.php\/wp-json\/wp\/v2\/comments?post=21438"}],"version-history":[{"count":1,"href":"https:\/\/euvivoaselecao.com.br\/index.php\/wp-json\/wp\/v2\/posts\/21438\/revisions"}],"predecessor-version":[{"id":21439,"href":"https:\/\/euvivoaselecao.com.br\/index.php\/wp-json\/wp\/v2\/posts\/21438\/revisions\/21439"}],"wp:attachment":[{"href":"https:\/\/euvivoaselecao.com.br\/index.php\/wp-json\/wp\/v2\/media?parent=21438"}],"wp:term":[{"taxonomy":"category","embeddable":true,"href":"https:\/\/euvivoaselecao.com.br\/index.php\/wp-json\/wp\/v2\/categories?post=21438"},{"taxonomy":"post_tag","embeddable":true,"href":"https:\/\/euvivoaselecao.com.br\/index.php\/wp-json\/wp\/v2\/tags?post=21438"}],"curies":[{"name":"wp","href":"https:\/\/api.w.org\/{rel}","templated":true}]}}