{"id":21532,"date":"2022-07-13T19:27:06","date_gmt":"2022-07-13T22:27:06","guid":{"rendered":"https:\/\/euvivoaselecao.com.br\/?p=21532"},"modified":"2022-07-13T19:27:06","modified_gmt":"2022-07-13T22:27:06","slug":"operario-pr-x-sport-leao-busca-2a-vitoria-para-colar-no-g-4","status":"publish","type":"post","link":"https:\/\/euvivoaselecao.com.br\/index.php\/2022\/07\/13\/operario-pr-x-sport-leao-busca-2a-vitoria-para-colar-no-g-4\/","title":{"rendered":"Oper\u00e1rio-PR x Sport &#8211; Le\u00e3o busca 2\u00aa vit\u00f3ria para colar no G-4"},"content":{"rendered":"<br \/>\n<h1 class=\"intro__title -pos-jogo\" style=\"background: linear-gradient(90deg, #188038 30%, rgba(0, 39, 12, 0.6) 75%)\">                                                                                                                                                              <img decoding=\"async\" src=\"https:\/\/www.futebolinterior.com.br\/wp-content\/uploads\/2020\/11\/unnamed-file-588-150x150.png\" alt=\"Oper\u00e1rio-PR\">                                                                                                                                          <img decoding=\"async\" src=\"https:\/\/www.futebolinterior.com.br\/wp-content\/uploads\/2020\/11\/unnamed-file-111-150x150.png\" alt=\"Sport\">                                                                                                                                              Oper\u00e1rio-PR x Sport &#8211; Le\u00e3o busca 2\u00aa vit\u00f3ria para colar no G-4 <\/h1>\n<h2 class=\"intro__subtitle\"> Na \u00faltima rodada, o Sport superou o Londrina, por 2 a 0, em casa, e encerrou o jejum de seis jogos <\/h2>\n<p>Categorias:                                                              <a href=\"https:\/\/www.futebolinterior.com.br\/futebol-brasil\/\">                                      Futebol Brasil                                <\/a>                                                          <\/p>\n<p>Por: <a href=\"https:\/\/www.futebolinterior.com.br\/opniao\/agencia-futebol-interior\/\" title=\"Ag\u00eancia Futebol Interior\">Ag\u00eancia Futebol Interior<\/a>, 13\/07\/2022 <\/p>\n<p>                                                                                                              <img decoding=\"async\" width=\"597\" height=\"422\" src=\"https:\/\/images.futebolinterior.com.br\/2022\/07\/Spor.jpg\" class=\"attachment-post-thumbnail size-post-thumbnail wp-post-image\" alt=\"Jogadores do Sport juntos ao t\u00e9cnico Lisca\" loading=\"lazy\" title=\"Oper\u00e1rio-PR x Sport - Le\u00e3o busca 2\u00aa vit\u00f3ria para colar no G-4 1\">                                                    Jogadores do Sport juntos ao t\u00e9cnico Lisca (Foto: Nayra Halm\/Sport)                                                                                                                                                                                                                                                                                                                                                                                                                                                                                                                                                                                                                                                                                                                                                                                                                                                                                                                                                               <\/p>\n<p>Ponta Grossa, PR, 13 (AFI) &#8211; O confronto entre <strong>Oper\u00e1rio<\/strong> e <strong>Sport<\/strong>, \u00e0s 18h30 desta quinta-feira, marca a abertura da 18\u00aa e pen\u00faltima rodada do primeiro turno do <strong>Campeonato Brasileiro S\u00e9rie B<\/strong>. Os pernambucanos buscam a segunda vit\u00f3ria seguida para se aproximarem do G-4 e colocarem press\u00e3o no Gr\u00eamio, enquanto os paranaenses ainda s\u00e3o perseguidos pelo fantasma do rebaixamento. A partida ser\u00e1 realizada no Est\u00e1dio Germano Kruger, em Ponta Grossa (PR).<\/p>\n<p>Na \u00faltima rodada, o Sport superou o Londrina, por 2 a 0, em casa, e encerrou o jejum de seis jogos. Aparece em quinto lugar, com 25 pontos, quatro a menos do que o quarto colocado Gr\u00eamio. <\/p>\n<p>J\u00e1 o Oper\u00e1rio foi derrotado pelo Brusque, por 2 a 0, fora de casa, e pelo CRB, por 3 a 2, em casa. Assim, ocupa a 13\u00aa coloca\u00e7\u00e3o, com 19 pontos, apenas um a mais do que o N\u00e1utico, que abre o Z-4, em 17\u00ba, com 18 pontos.<\/p>\n<h2 class=\"is-style--dashed\">OPER\u00c1RIO<\/h2>\n<p>O grande problema no Oper\u00e1rio \u00e9 a quantidade de jogadores no departamento m\u00e9dico. S\u00e3o nove no total: Rafael Bonfim, Alem\u00e3o, Rafael Oller, Jean Carlo, Fernando Neto, Leandrinho, Thales, Paulo S\u00e9rgio e Felipe Saraiva. Ao menos poder\u00e1 contar com o atacante Silvinho, recuperado de les\u00e3o.<\/p>\n<p>Expulso no \u00faltimo jogo, o t\u00e9cnico Claudinei Oliveira est\u00e1 fora e o time ser\u00e1 comandado pelo auxiliar Luciano Gusso, que pediu mudan\u00e7a de atitude. &#8220;N\u00e3o estamos felizes com a nossa situa\u00e7\u00e3o, mas acredito muito nesse jogo e na sequ\u00eancia do campeonato. Precisamos de uma mudan\u00e7a de atitude para dar a volta por cima&#8221;, avaliou.<\/p>\n<h2 class=\"is-style--dashed\">SPORT<\/h2>\n<p>O t\u00e9cnico Lisca tamb\u00e9m ter\u00e1 problemas na escala\u00e7\u00e3o. Com dores musculares, o meia Giovanni est\u00e1 fora, assim como o atacante Kayke, que se recupera de les\u00e3o na coxa. A boa not\u00edcia fica por conta dos retornos do volante Bruno Matias e do lateral-esquerdo Lucas Hern\u00e1ndez, recuperados de les\u00f5es.<\/p>\n<p>Ap\u00f3s vencer a primeira, Lisca elogiou o trabalho que j\u00e1 vinha sendo desenvolvido e quer equil\u00edbrio entre defesa e ataque. \u201cAinda tem muita coisa para evoluir. O Gilmar deixou uma boa estrutura aqui e talvez a gente tenha que adiantar um pouco o time. Pressionar mais no campo ofensivo, adiantar a linha defensiva. Esse \u00e9 o nosso grande desafio: manter a regularidade defensiva, mas ser mais agressivo e contundente no \u00faltimo ter\u00e7o\u201d, explicou.<\/p>\n<h3 class=\"endgame__title\">FICHA T\u00c9CNICA<\/h3>\n<p>                                                                                                             <img decoding=\"async\" src=\"https:\/\/www.futebolinterior.com.br\/wp-content\/uploads\/2020\/11\/unnamed-file-588-150x150.png\" alt=\"Oper\u00e1rio-PR\" class=\"endgame__score-team-img\" title=\"Oper\u00e1rio-PR x Sport - Le\u00e3o busca 2\u00aa vit\u00f3ria para colar no G-4 2\">                                                              Oper\u00e1rio-PR                                                                                                                                          <i class=\"icon\">                                                                                                                                                         <\/i>                                                                                                              <img decoding=\"async\" src=\"https:\/\/www.futebolinterior.com.br\/wp-content\/uploads\/2020\/11\/unnamed-file-111-150x150.png\" alt=\"Sport\" class=\"endgame__score-team-img\" title=\"Oper\u00e1rio-PR x Sport - Le\u00e3o busca 2\u00aa vit\u00f3ria para colar no G-4 3\">                                                              Sport                                                                                                                                                                                                                                                   <i class=\"icon\"> <img decoding=\"async\" src=\"https:\/\/www.futebolinterior.com.br\/wp-content\/themes\/futebol-interior\/assets\/img\/ficha-tecnica\/fase.svg\" alt=\"Fase\" class=\"endgame__score-team-img\" title=\"Oper\u00e1rio-PR x Sport - Le\u00e3o busca 2\u00aa vit\u00f3ria para colar no G-4 4\"> <\/i>                                      Fase:                                                                  \u00danica                                                                                                                                                                                                         <i class=\"icon\"> <img decoding=\"async\" src=\"https:\/\/www.futebolinterior.com.br\/wp-content\/themes\/futebol-interior\/assets\/img\/ficha-tecnica\/rodada.svg\" alt=\"Fase\" class=\"endgame__score-team-img\" title=\"Oper\u00e1rio-PR x Sport - Le\u00e3o busca 2\u00aa vit\u00f3ria para colar no G-4 5\"> <\/i>                                      Rodada:                                                                  18\u00aa                                                                                                                                                                                 <i class=\"icon\"> <img decoding=\"async\" src=\"https:\/\/www.futebolinterior.com.br\/wp-content\/themes\/futebol-interior\/assets\/img\/ficha-tecnica\/data.svg\" alt=\"Fase\" class=\"endgame__score-team-img\" title=\"Oper\u00e1rio-PR x Sport - Le\u00e3o busca 2\u00aa vit\u00f3ria para colar no G-4 6\"> <\/i>                                      Data:                                                                                                       14\/07\/2022                                                                                                                                                                                                                 <i class=\"icon\"> <img decoding=\"async\" src=\"https:\/\/www.futebolinterior.com.br\/wp-content\/themes\/futebol-interior\/assets\/img\/ficha-tecnica\/hora.svg\" alt=\"Fase\" class=\"endgame__score-team-img\" title=\"Oper\u00e1rio-PR x Sport - Le\u00e3o busca 2\u00aa vit\u00f3ria para colar no G-4 7\"> <\/i>                                      Hora:                                                                                                       6:30 pm                                                                                                                                                                                                                                                           <i class=\"icon\"> <img decoding=\"async\" src=\"https:\/\/www.futebolinterior.com.br\/wp-content\/themes\/futebol-interior\/assets\/img\/ficha-tecnica\/arbitragem.svg\" alt=\"Fase\" class=\"endgame__score-team-img\" title=\"Oper\u00e1rio-PR x Sport - Le\u00e3o busca 2\u00aa vit\u00f3ria para colar no G-4 8\"> <\/i>                                      Arbitro:                                                                                                       Wagner do Nascimento Magalh\u00e3es (RJ)                                                                                                                                                                                                                 <i class=\"icon\"> <img decoding=\"async\" src=\"https:\/\/www.futebolinterior.com.br\/wp-content\/themes\/futebol-interior\/assets\/img\/ficha-tecnica\/assistentes.svg\" alt=\"Fase\" class=\"endgame__score-team-img\" title=\"Oper\u00e1rio-PR x Sport - Le\u00e3o busca 2\u00aa vit\u00f3ria para colar no G-4 9\"> <\/i>                                      Assistentes:                                                                                                                                               Thiago Henrique Neto Correa Farinha (RJ) e Luiz Claudio Regazone (RJ)                                                                                                                                                                                                                                                                                                                       <i class=\"icon\"> <img decoding=\"async\" src=\"https:\/\/www.futebolinterior.com.br\/wp-content\/themes\/futebol-interior\/assets\/img\/ficha-tecnica\/estadio.svg\" alt=\"Fase\" class=\"endgame__score-team-img\" title=\"Oper\u00e1rio-PR x Sport - Le\u00e3o busca 2\u00aa vit\u00f3ria para colar no G-4 10\"> <\/i>                                      Est\u00e1dio:                                                                  Germano Kruger                                                                                                                                                                                                                                                                           <i class=\"icon\"> <img decoding=\"async\" src=\"https:\/\/www.futebolinterior.com.br\/wp-content\/themes\/futebol-interior\/assets\/img\/ficha-tecnica\/local.svg\" alt=\"Fase\" class=\"endgame__score-team-img\" title=\"Oper\u00e1rio-PR x Sport - Le\u00e3o busca 2\u00aa vit\u00f3ria para colar no G-4 11\"> <\/i>                                      Endere\u00e7o:                                                                                                       Ponta Grossa (PR)                                                                                                                                                                                                                                                                                                                                                                           <img decoding=\"async\" src=\"https:\/\/www.futebolinterior.com.br\/wp-content\/uploads\/2020\/11\/unnamed-file-588-150x150.png\" alt=\"Oper\u00e1rio Ferrovi\u00e1rio Esporte Clube\" title=\"Oper\u00e1rio-PR x Sport - Le\u00e3o busca 2\u00aa vit\u00f3ria para colar no G-4 12\">                             Oper\u00e1rio-PR                                                                                                                                              <\/p>\n<p>Vanderlei; Arnaldo, Reni\u00ea, Willian Machado e Fabiano; Ricardinho, Tomas Bastos e Giovanni Pavani; Silvinho, J\u00fanior Brand\u00e3o e Javier Reina.<\/p>\n<p>                                                                                                                                            <b>T\u00e9cnico:<\/b> Claudinei Oliveira                                                                                                                                                    <img decoding=\"async\" src=\"https:\/\/www.futebolinterior.com.br\/wp-content\/uploads\/2020\/11\/unnamed-file-111-150x150.png\" alt=\"Sport Club do Recife\" title=\"Oper\u00e1rio-PR x Sport - Le\u00e3o busca 2\u00aa vit\u00f3ria para colar no G-4 13\">                             Sport                                                                                                                                               <\/p>\n<p>Mailson; Ewrthon, Rafael Thyere, Sabino e Sander; Fabinho, Blas C\u00e1cares e Thiago Lopes; Alanzinho, Parraguez e Luciano Juba.<\/p>\n<p>                                                                                                                                             <b>T\u00e9cnico:<\/b> Lisca                                                                                                                                                                                                                                                                                                                                                                                                                                                                                                                                                                                                                                                                                                                                                                                                                                                                                                                                                                                                                                                      <\/p>\n<p>Fonte: <a href=\"\/\/www.futebolinterior.com.br\/operario-pr-x-sport-leao-busca-2a-vitoria-para-colar-no-g-4\" title=\"www.futebolinterior.com.br\/operario-pr-x-sport-leao-busca-2a-vitoria-para-colar-no-g-4\" target=\"_blank\" rel=\"bookmark noopener\"><cite>www.futebolinterior.com.br\/operario-pr-x-sport-leao-busca-2a-vitoria-para-colar-no-g-4<\/cite><\/a><\/p>\n","protected":false},"excerpt":{"rendered":"<p>Oper\u00e1rio-PR x Sport &#8211; Le\u00e3o busca 2\u00aa vit\u00f3ria para colar no G-4 Na \u00faltima rodada, o Sport superou o Londrina,<\/p>\n","protected":false},"author":1,"featured_media":0,"comment_status":"closed","ping_status":"closed","sticky":false,"template":"","format":"standard","meta":{"colormag_page_container_layout":"default_layout","colormag_page_sidebar_layout":"default_layout","footnotes":""},"categories":[15],"tags":[],"class_list":["post-21532","post","type-post","status-publish","format-standard","hentry","category-noticias"],"_links":{"self":[{"href":"https:\/\/euvivoaselecao.com.br\/index.php\/wp-json\/wp\/v2\/posts\/21532","targetHints":{"allow":["GET"]}}],"collection":[{"href":"https:\/\/euvivoaselecao.com.br\/index.php\/wp-json\/wp\/v2\/posts"}],"about":[{"href":"https:\/\/euvivoaselecao.com.br\/index.php\/wp-json\/wp\/v2\/types\/post"}],"author":[{"embeddable":true,"href":"https:\/\/euvivoaselecao.com.br\/index.php\/wp-json\/wp\/v2\/users\/1"}],"replies":[{"embeddable":true,"href":"https:\/\/euvivoaselecao.com.br\/index.php\/wp-json\/wp\/v2\/comments?post=21532"}],"version-history":[{"count":1,"href":"https:\/\/euvivoaselecao.com.br\/index.php\/wp-json\/wp\/v2\/posts\/21532\/revisions"}],"predecessor-version":[{"id":21533,"href":"https:\/\/euvivoaselecao.com.br\/index.php\/wp-json\/wp\/v2\/posts\/21532\/revisions\/21533"}],"wp:attachment":[{"href":"https:\/\/euvivoaselecao.com.br\/index.php\/wp-json\/wp\/v2\/media?parent=21532"}],"wp:term":[{"taxonomy":"category","embeddable":true,"href":"https:\/\/euvivoaselecao.com.br\/index.php\/wp-json\/wp\/v2\/categories?post=21532"},{"taxonomy":"post_tag","embeddable":true,"href":"https:\/\/euvivoaselecao.com.br\/index.php\/wp-json\/wp\/v2\/tags?post=21532"}],"curies":[{"name":"wp","href":"https:\/\/api.w.org\/{rel}","templated":true}]}}