{"id":22243,"date":"2022-07-25T00:28:23","date_gmt":"2022-07-25T03:28:23","guid":{"rendered":"https:\/\/euvivoaselecao.com.br\/?p=22243"},"modified":"2022-07-25T00:28:23","modified_gmt":"2022-07-25T03:28:23","slug":"confira-os-relacionados-do-vasco-para-o-jogo-contra-o-vila-nova-getulio-segue-como-desfalque-vasconet","status":"publish","type":"post","link":"https:\/\/euvivoaselecao.com.br\/index.php\/2022\/07\/25\/confira-os-relacionados-do-vasco-para-o-jogo-contra-o-vila-nova-getulio-segue-como-desfalque-vasconet\/","title":{"rendered":"Confira os relacionados do Vasco para o jogo contra o Vila Nova; Get\u00falio segue como desfalque &#8211; VASCONet"},"content":{"rendered":"<p> <a href=\"https:\/\/news.google.com\/publications\/CAAqBwgKMMvIlgswru6tAw?hl=pt-BR&amp;gl=BR&amp;ceid=BR%3Apt-419\"><strong>SIGA-NOS<\/strong>  <\/a>            <\/p>\n<p>Confira os relacionados do Vasco para o jogo contra o Vila Nova; Get\u00falio segue como desfalque Sexta-feira, 22\/07\/2022 &#8211; 11:51 Vasco da Gama @VascodaGama Estes s\u00e3o os relacionados para a partida entre #VILxVAS pelo Campeonato Brasileiro. <\/p>\n<p>#VascoDaGama <\/p>\n<table>\n<td><a>          <\/a><\/td>\n<\/table>\n<p>O atacante Get\u00falio segue entregue ao DESP. Est\u00e1 evoluindo bem, realizando trabalhos na fisioterapia e no campo. Tem a previs\u00e3o de iniciar a transi\u00e7\u00e3o na segunda-feira. <\/p>\n<p>O zagueiro Anderson Concei\u00e7\u00e3o cumpre suspens\u00e3o. <a><b>https:\/\/twitter.com\/VascodaGama\/status\/1550490364318027778<\/b><\/a> <\/p>\n<p>Fonte: Twitter oficial do Vasco<\/p>\n<h3 class=\"sd-title\">Compartilhe<\/h3>\n<h3 class=\"sd-title\">Curtir isso:<\/h3>\n<p>Curtir Carregando&#8230;<a class='sd-link-color'><\/a>  <\/p>\n<h3 class=\"jp-relatedposts-headline\">Relacionado<\/h3>\n<p>Fonte: <a href=\"\/\/vasconet.com.br\/2022\/07\/22\/confira-os-relacionados-do-vasco-para-o-jogo-contra-o-vila-nova-getulio-segue-como-desfalque\" title=\"vasconet.com.br\/2022\/07\/22\/confira-os-relacionados-do-vasco-para-o-jogo-contra-o-vila-nova-getulio-segue-como-desfalque\" target=\"_blank\" rel=\"bookmark noopener\"><cite>vasconet.com.br\/2022\/07\/22\/confira-os-relacionados-do-vasco-para-o-jogo-contra-o-vila-nova-getulio-segue-como-desfalque<\/cite><\/a><\/p>\n","protected":false},"excerpt":{"rendered":"<p>SIGA-NOS Confira os relacionados do Vasco para o jogo contra o Vila Nova; Get\u00falio segue como desfalque Sexta-feira, 22\/07\/2022 &#8211;<\/p>\n","protected":false},"author":1,"featured_media":0,"comment_status":"closed","ping_status":"closed","sticky":false,"template":"","format":"standard","meta":{"colormag_page_container_layout":"default_layout","colormag_page_sidebar_layout":"default_layout","footnotes":""},"categories":[15],"tags":[],"class_list":["post-22243","post","type-post","status-publish","format-standard","hentry","category-noticias"],"_links":{"self":[{"href":"https:\/\/euvivoaselecao.com.br\/index.php\/wp-json\/wp\/v2\/posts\/22243","targetHints":{"allow":["GET"]}}],"collection":[{"href":"https:\/\/euvivoaselecao.com.br\/index.php\/wp-json\/wp\/v2\/posts"}],"about":[{"href":"https:\/\/euvivoaselecao.com.br\/index.php\/wp-json\/wp\/v2\/types\/post"}],"author":[{"embeddable":true,"href":"https:\/\/euvivoaselecao.com.br\/index.php\/wp-json\/wp\/v2\/users\/1"}],"replies":[{"embeddable":true,"href":"https:\/\/euvivoaselecao.com.br\/index.php\/wp-json\/wp\/v2\/comments?post=22243"}],"version-history":[{"count":1,"href":"https:\/\/euvivoaselecao.com.br\/index.php\/wp-json\/wp\/v2\/posts\/22243\/revisions"}],"predecessor-version":[{"id":22244,"href":"https:\/\/euvivoaselecao.com.br\/index.php\/wp-json\/wp\/v2\/posts\/22243\/revisions\/22244"}],"wp:attachment":[{"href":"https:\/\/euvivoaselecao.com.br\/index.php\/wp-json\/wp\/v2\/media?parent=22243"}],"wp:term":[{"taxonomy":"category","embeddable":true,"href":"https:\/\/euvivoaselecao.com.br\/index.php\/wp-json\/wp\/v2\/categories?post=22243"},{"taxonomy":"post_tag","embeddable":true,"href":"https:\/\/euvivoaselecao.com.br\/index.php\/wp-json\/wp\/v2\/tags?post=22243"}],"curies":[{"name":"wp","href":"https:\/\/api.w.org\/{rel}","templated":true}]}}