{"id":22249,"date":"2022-07-25T02:27:13","date_gmt":"2022-07-25T05:27:13","guid":{"rendered":"https:\/\/euvivoaselecao.com.br\/?p=22249"},"modified":"2022-07-25T02:27:13","modified_gmt":"2022-07-25T05:27:13","slug":"palacios-e-figueiredo-estao-a-disposicao-para-o-jogo-contra-o-vila-nova-vasconet","status":"publish","type":"post","link":"https:\/\/euvivoaselecao.com.br\/index.php\/2022\/07\/25\/palacios-e-figueiredo-estao-a-disposicao-para-o-jogo-contra-o-vila-nova-vasconet\/","title":{"rendered":"Palacios e Figueiredo est\u00e3o \u00e0 disposi\u00e7\u00e3o para o jogo contra o Vila Nova &#8211; VASCONet"},"content":{"rendered":"<p> <a href=\"https:\/\/news.google.com\/publications\/CAAqBwgKMMvIlgswru6tAw?hl=pt-BR&amp;gl=BR&amp;ceid=BR%3Apt-419\"><strong>SIGA-NOS<\/strong>  <\/a>            <\/p>\n<p>Palacios e Figueiredo est\u00e3o \u00e0 disposi\u00e7\u00e3o para o jogo contra o Vila Nova Sexta-feira, 22\/07\/2022 &#8211; 12:04 Joel Silva @JoelSilva90 Vasco divulga relacionados. As novidades s\u00e3o Figueiredo e Pal\u00e1cios. Anderson Concei\u00e7\u00e3o suspenso, e Get\u00falio, machucado, est\u00e3o fora. <\/p>\n<table>\n<td><a>          <\/a><\/td>\n<\/table>\n<p>Fonte: Twitter do jornalista Joel Silva\/Jogada 10<\/p>\n<h3 class=\"sd-title\">Compartilhe<\/h3>\n<h3 class=\"sd-title\">Curtir isso:<\/h3>\n<p>Curtir Carregando&#8230;<a class='sd-link-color'><\/a>  <\/p>\n<h3 class=\"jp-relatedposts-headline\">Relacionado<\/h3>\n<p>Fonte: <a href=\"\/\/vasconet.com.br\/2022\/07\/22\/palacios-e-figueiredo-estao-a-disposicao-para-o-jogo-contra-o-vila-nova\" title=\"vasconet.com.br\/2022\/07\/22\/palacios-e-figueiredo-estao-a-disposicao-para-o-jogo-contra-o-vila-nova\" target=\"_blank\" rel=\"bookmark noopener\"><cite>vasconet.com.br\/2022\/07\/22\/palacios-e-figueiredo-estao-a-disposicao-para-o-jogo-contra-o-vila-nova<\/cite><\/a><\/p>\n","protected":false},"excerpt":{"rendered":"<p>SIGA-NOS Palacios e Figueiredo est\u00e3o \u00e0 disposi\u00e7\u00e3o para o jogo contra o Vila Nova Sexta-feira, 22\/07\/2022 &#8211; 12:04 Joel Silva<\/p>\n","protected":false},"author":1,"featured_media":0,"comment_status":"closed","ping_status":"closed","sticky":false,"template":"","format":"standard","meta":{"colormag_page_container_layout":"default_layout","colormag_page_sidebar_layout":"default_layout","footnotes":""},"categories":[15],"tags":[],"class_list":["post-22249","post","type-post","status-publish","format-standard","hentry","category-noticias"],"_links":{"self":[{"href":"https:\/\/euvivoaselecao.com.br\/index.php\/wp-json\/wp\/v2\/posts\/22249","targetHints":{"allow":["GET"]}}],"collection":[{"href":"https:\/\/euvivoaselecao.com.br\/index.php\/wp-json\/wp\/v2\/posts"}],"about":[{"href":"https:\/\/euvivoaselecao.com.br\/index.php\/wp-json\/wp\/v2\/types\/post"}],"author":[{"embeddable":true,"href":"https:\/\/euvivoaselecao.com.br\/index.php\/wp-json\/wp\/v2\/users\/1"}],"replies":[{"embeddable":true,"href":"https:\/\/euvivoaselecao.com.br\/index.php\/wp-json\/wp\/v2\/comments?post=22249"}],"version-history":[{"count":1,"href":"https:\/\/euvivoaselecao.com.br\/index.php\/wp-json\/wp\/v2\/posts\/22249\/revisions"}],"predecessor-version":[{"id":22250,"href":"https:\/\/euvivoaselecao.com.br\/index.php\/wp-json\/wp\/v2\/posts\/22249\/revisions\/22250"}],"wp:attachment":[{"href":"https:\/\/euvivoaselecao.com.br\/index.php\/wp-json\/wp\/v2\/media?parent=22249"}],"wp:term":[{"taxonomy":"category","embeddable":true,"href":"https:\/\/euvivoaselecao.com.br\/index.php\/wp-json\/wp\/v2\/categories?post=22249"},{"taxonomy":"post_tag","embeddable":true,"href":"https:\/\/euvivoaselecao.com.br\/index.php\/wp-json\/wp\/v2\/tags?post=22249"}],"curies":[{"name":"wp","href":"https:\/\/api.w.org\/{rel}","templated":true}]}}