{"id":22251,"date":"2022-07-25T03:10:20","date_gmt":"2022-07-25T06:10:20","guid":{"rendered":"https:\/\/euvivoaselecao.com.br\/?p=22251"},"modified":"2022-07-25T03:10:20","modified_gmt":"2022-07-25T06:10:20","slug":"fabio-santos-vive-noite-de-artilheiro-em-virada-do-corinthians","status":"publish","type":"post","link":"https:\/\/euvivoaselecao.com.br\/index.php\/2022\/07\/25\/fabio-santos-vive-noite-de-artilheiro-em-virada-do-corinthians\/","title":{"rendered":"F\u00e1bio Santos vive noite de artilheiro em virada do Corinthians"},"content":{"rendered":"<br \/>\n<h1 class=\"intro__title\" style=\"background: linear-gradient(90deg, rgb(0, 0, 0) 30%, rgba(0, 0, 0, 0.6) 90%)\"> F\u00e1bio Santos vive noite de artilheiro em virada do Corinthians <\/h1>\n<h2 class=\"intro__subtitle\"> &#8220;Foi uma noite m\u00e1gica, que vai ficar marcada na minha carreira&#8221; <\/h2>\n<p class=\"intro__resume\"> F\u00e1bio Santos marcou dois na vit\u00f3ria do Corinthians, de virada, por 2 a 1 sobre o Atl\u00e9tico-MG <\/p>\n<p>Categorias:                                                                      <a href=\"https:\/\/www.futebolinterior.com.br\/grandes-clubes-de-sao-paulo\/\">                                          Grandes clubes de S\u00e3o Paulo                                    <\/a>                                                                  <\/p>\n<p>Por: <a href=\"https:\/\/www.futebolinterior.com.br\/opniao\/agencia-estado\/\" title=\"Ag\u00eancia Estado\">Ag\u00eancia Estado<\/a>, 24\/07\/2022 <\/p>\n<p>                                                                                                                                                                                                                          F\u00e1bio Santos marcou dois na vit\u00f3ria do Corinthians (Foto: Rodrigo Coca\/Ag. Corinthians)                                                                                                                                                                                                                                                                                                                                                                                                                                                                                                                                                                                                                                                                                                                                                                                                                                                                                                                                                                                           <\/p>\n<p>Belo Horizonte, MG, 24 &#8211; O lateral-esquerdo <strong>F\u00e1bio<\/strong> <strong>Santos <\/strong>foi o grande nome da vit\u00f3ria do <strong>Corinthians <\/strong>sobre o <strong>Atl\u00e9tico<\/strong>&#8211;<strong>MG <\/strong>por <strong>2 a 1<\/strong>, de virada, neste domingo. O veterano marcou os <strong>dois gols <\/strong>do time paulista e <strong>comandou <\/strong>o <strong>triunfo <\/strong>que deixou os corintianos na <strong>vice<\/strong>&#8211;<strong>lideran\u00e7a <\/strong>da tabela do <strong>Brasileir\u00e3o<\/strong>.<\/p>\n<p>Ao fim da partida, o lateral celebrou a boa fase vivida no Corinthians. O jogador de 37 anos diz viver a melhor temporada de sua carreira. Acostumado a auxiliar a defesa, ele tamb\u00e9m colabora no ataque agora. Foram cinco gols em 24 partidas na atual temporada.<\/p>\n<p>&#8220;Tenho vivido uma grande temporada, d\u00ea um tempo para c\u00e1 fiquei ainda mais profissional. Estou muito satisfeito pela minha temporada, n\u00e3o s\u00f3 por mim, mas pela temporada e pelo grupo. Foi uma noite m\u00e1gica, que vai ficar marcada na minha carreira&#8221;, afirmou o lateral ao canal Premi\u00e8re.<\/p>\n<p>Ele tamb\u00e9m exaltou a poderosa rea\u00e7\u00e3o corintiana, que marcou dois gols em apenas sete minutos, no segundo tempo, para buscar a virada. Mas cobrou mais op\u00e7\u00f5es no ataque da equipe. &#8220;A gente tem um time muito competitivo, precisamos machucar mais o advers\u00e1rio e ter mais alternativas do meio para frente. Estamos competindo bem, a equipe sabe jogar jogos grandes e isso \u00e9 importante para a sequ\u00eancia que teremos.&#8221;<\/p>\n<p>A noite de gl\u00f3ria de F\u00e1bio Santos terminou com um pouco de sangue. Ele sofreu um choque com o atacante Hulk e foi atingido no nariz. Em tom de brincadeira, ele minimizou o problema ao citar o companheiro de time Adson.<\/p>\n<p>&#8220;Por enquanto estou bem, vamos ver se colocando no lugar n\u00e3o vai piorar. Me falaram que estou com a cara do Adson, e ficar com a cara do Adson \u00e9 ruim&#8221;, disse o veterano, entre risos.<\/p>\n<h3 class=\"checkit__title\"> Confira tamb\u00e9m: <\/h3>\n<p>Fonte: <a href=\"\/\/www.futebolinterior.com.br\/fabio-santos-vive-noite-de-artilheiro-em-virada-do-corinthians\" title=\"www.futebolinterior.com.br\/fabio-santos-vive-noite-de-artilheiro-em-virada-do-corinthians\" target=\"_blank\" rel=\"bookmark noopener\"><cite>www.futebolinterior.com.br\/fabio-santos-vive-noite-de-artilheiro-em-virada-do-corinthians<\/cite><\/a><\/p>\n","protected":false},"excerpt":{"rendered":"<p>F\u00e1bio Santos vive noite de artilheiro em virada do Corinthians &#8220;Foi uma noite m\u00e1gica, que vai ficar marcada na minha<\/p>\n","protected":false},"author":1,"featured_media":0,"comment_status":"closed","ping_status":"closed","sticky":false,"template":"","format":"standard","meta":{"colormag_page_container_layout":"default_layout","colormag_page_sidebar_layout":"default_layout","footnotes":""},"categories":[15],"tags":[],"class_list":["post-22251","post","type-post","status-publish","format-standard","hentry","category-noticias"],"_links":{"self":[{"href":"https:\/\/euvivoaselecao.com.br\/index.php\/wp-json\/wp\/v2\/posts\/22251","targetHints":{"allow":["GET"]}}],"collection":[{"href":"https:\/\/euvivoaselecao.com.br\/index.php\/wp-json\/wp\/v2\/posts"}],"about":[{"href":"https:\/\/euvivoaselecao.com.br\/index.php\/wp-json\/wp\/v2\/types\/post"}],"author":[{"embeddable":true,"href":"https:\/\/euvivoaselecao.com.br\/index.php\/wp-json\/wp\/v2\/users\/1"}],"replies":[{"embeddable":true,"href":"https:\/\/euvivoaselecao.com.br\/index.php\/wp-json\/wp\/v2\/comments?post=22251"}],"version-history":[{"count":1,"href":"https:\/\/euvivoaselecao.com.br\/index.php\/wp-json\/wp\/v2\/posts\/22251\/revisions"}],"predecessor-version":[{"id":22252,"href":"https:\/\/euvivoaselecao.com.br\/index.php\/wp-json\/wp\/v2\/posts\/22251\/revisions\/22252"}],"wp:attachment":[{"href":"https:\/\/euvivoaselecao.com.br\/index.php\/wp-json\/wp\/v2\/media?parent=22251"}],"wp:term":[{"taxonomy":"category","embeddable":true,"href":"https:\/\/euvivoaselecao.com.br\/index.php\/wp-json\/wp\/v2\/categories?post=22251"},{"taxonomy":"post_tag","embeddable":true,"href":"https:\/\/euvivoaselecao.com.br\/index.php\/wp-json\/wp\/v2\/tags?post=22251"}],"curies":[{"name":"wp","href":"https:\/\/api.w.org\/{rel}","templated":true}]}}