{"id":38378,"date":"2025-01-01T12:18:42","date_gmt":"2025-01-01T15:18:42","guid":{"rendered":"https:\/\/euvivoaselecao.com.br\/index.php\/2025\/01\/01\/viola-da-a-volta-por-cima-em-mania-de-voce-e-vira-dona-do-resort\/"},"modified":"2025-01-01T12:18:42","modified_gmt":"2025-01-01T15:18:42","slug":"viola-da-a-volta-por-cima-em-mania-de-voce-e-vira-dona-do-resort","status":"publish","type":"post","link":"https:\/\/euvivoaselecao.com.br\/index.php\/2025\/01\/01\/viola-da-a-volta-por-cima-em-mania-de-voce-e-vira-dona-do-resort\/","title":{"rendered":"Viola d\u00e1 a volta por cima em Mania de Voc\u00ea e vira dona do Resort"},"content":{"rendered":"<p><\/p>\n<div wp_automatic_readability=\"146.91837756635\">\n<p><strong>Viola d\u00e1 a volta por cima em <em>Mania de Voc\u00ea<\/em><\/strong><\/p>\n<p>Nos pr\u00f3ximos cap\u00edtulos da novela <em>Mania de Voc\u00ea<\/em>, Viola mostrar\u00e1 que sua for\u00e7a e determina\u00e7\u00e3o podem transformar qualquer desafio em vit\u00f3ria. Ap\u00f3s ser alvo de humilha\u00e7\u00f5es e acusa\u00e7\u00f5es injustas por parte de Mavi e Luma, a chef de cozinha encontra um detalhe surpreendente no contrato de sociedade do resort que muda completamente o jogo.<\/p>\n<h3><strong>A revela\u00e7\u00e3o do contrato<\/strong><\/h3>\n<p>Tudo come\u00e7a quando Viola, com a ajuda de Marcel, decide investigar documentos antigos em busca de uma forma de se defender das acusa\u00e7\u00f5es. Durante essa pesquisa, ela descobre uma cl\u00e1usula esquecida no contrato de sociedade assinado por seus pais. A cl\u00e1usula estabelece que, em casos de m\u00e1 gest\u00e3o ou irregularidades, a sociedade seria transferida para o outro s\u00f3cio, ou seja, para os herdeiros leg\u00edtimos de Marcel.<\/p>\n<p>Essa descoberta acontece no momento certo, j\u00e1 que Mavi e Luma est\u00e3o envolvidos em esc\u00e2ndalos financeiros e den\u00fancias trabalhistas. A chef percebe que tem em m\u00e3os a oportunidade legal de reivindicar a posse do resort.<\/p>\n<h3><strong>Viola enfrenta seus advers\u00e1rios<\/strong><\/h3>\n<p>Decidida a virar o jogo, Viola re\u00fane provas das irregularidades de Mavi e Luma e convoca uma reuni\u00e3o no resort. Acompanhada de Marcel e de um advogado, ela exp\u00f5e as fraudes e apresenta a cl\u00e1usula que lhe garante a transfer\u00eancia da sociedade.<\/p>\n<p>Diante das acusa\u00e7\u00f5es e documentos apresentados, Mavi perde o controle:<br \/>\u2014 Voc\u00ea acha que pode entrar aqui e tomar o que \u00e9 meu? Isso \u00e9 loucura! Esse resort \u00e9 a minha vida!<\/p>\n<p>Apesar da resist\u00eancia, a advogada de Viola confirma a legitimidade do contrato e a chef assume o controle do empreendimento, deixando Mavi e Luma em total desespero.<\/p>\n<h3><strong>Uma nova era para o resort<\/strong><\/h3>\n<p>Com Viola no comando, o resort entra em uma nova fase, marcada por \u00e9tica e inova\u00e7\u00e3o. A chef promete transformar o local em refer\u00eancia de excel\u00eancia, resgatando o prest\u00edgio que havia sido perdido sob a gest\u00e3o de Mavi e Luma.<\/p>\n<p>Essa virada mostra que Viola \u00e9 uma personagem que n\u00e3o desiste, independentemente das adversidades. Sua vit\u00f3ria representa n\u00e3o apenas uma conquista pessoal, mas tamb\u00e9m uma li\u00e7\u00e3o sobre resili\u00eancia e justi\u00e7a.<\/p>\n<p><em>Fique ligado nos pr\u00f3ximos cap\u00edtulos de Mania de Voc\u00ea e acompanhe os desdobramentos dessa emocionante trama!<\/em><\/p>\n<p><strong>Destino da Heran\u00e7a de Ney Latorraca Gera Surpresa: Marido e Fam\u00edlia do Ator Est\u00e3o Fora do Testamento<\/strong><\/p>\n<p>Ney Latorraca, um dos maiores nomes das artes c\u00eanicas brasileiras, voltou aos holofotes com a revela\u00e7\u00e3o de detalhes sobre seu testamento. O ator, que sempre foi muito reservado sobre sua vida pessoal, teria exclu\u00eddo tanto seu marido quanto seus familiares do destino de sua heran\u00e7a, priorizando institui\u00e7\u00f5es de caridade.<\/p>\n<h3><strong>Uma Decis\u00e3o Planejada<\/strong><\/h3>\n<p>Em entrevista concedida ao jornal <em>Extra<\/em> em 2021, Ney afirmou que sua vontade sempre foi destinar os frutos de sua carreira para causas sociais. Entre as institui\u00e7\u00f5es escolhidas pelo ator est\u00e3o o Retiro dos Artistas e a Associa\u00e7\u00e3o Brasileira Beneficente de Reabilita\u00e7\u00e3o (ABBR).<\/p>\n<p>\u201c\u00c9 um desejo da minha m\u00e3e tamb\u00e9m. Acho que \u00e9 assim que tem que ser. O que eu ganhei com o teatro tem que voltar para essas causas. Essa \u00e9 a miss\u00e3o do artista, pelo menos para mim\u201d, declarou o ator na \u00e9poca, justificando sua decis\u00e3o como um gesto de retribui\u00e7\u00e3o \u00e0 sociedade que tanto o acolheu.<\/p>\n<h3><strong>Surpresa Entre Amigos e F\u00e3s<\/strong><\/h3>\n<p>A exclus\u00e3o do marido no testamento causou espanto entre amigos pr\u00f3ximos e admiradores, j\u00e1 que Ney sempre demonstrou ter uma rela\u00e7\u00e3o harmoniosa e p\u00fablica com o companheiro. Essa decis\u00e3o reacendeu debates sobre heran\u00e7as em uni\u00f5es afetivas, direitos de c\u00f4njuges em relacionamentos n\u00e3o formalizados e as escolhas individuais em rela\u00e7\u00e3o ao patrim\u00f4nio pessoal.<\/p>\n<p>Fontes pr\u00f3ximas ao casal indicam que, apesar da escolha surpreendente, a rela\u00e7\u00e3o entre Ney e o marido sempre foi de respeito e compreens\u00e3o. No entanto, a not\u00edcia trouxe \u00e0 tona questionamentos sobre como o amor e os la\u00e7os familiares se manifestam em decis\u00f5es patrimoniais.<\/p>\n<h3><strong>Uma Carreira Memor\u00e1vel<\/strong><\/h3>\n<p>Nascido em Santos, S\u00e3o Paulo, Ney Latorraca dedicou sua vida \u00e0s artes, com uma trajet\u00f3ria marcada por atua\u00e7\u00f5es memor\u00e1veis no teatro, na televis\u00e3o e no cinema. Formado na Escola de Arte Dram\u00e1tica da Universidade de S\u00e3o Paulo (USP), o ator consolidou-se como um dos grandes nomes da dramaturgia brasileira.<\/p>\n<p>Seja no humor, como nos cl\u00e1ssicos da TV Globo, ou em pap\u00e9is dram\u00e1ticos no teatro, Ney conquistou o p\u00fablico com seu talento e carisma. O ator sempre destacou a import\u00e2ncia de retribuir ao meio art\u00edstico e \u00e0 sociedade o sucesso que alcan\u00e7ou ao longo de sua carreira.<\/p>\n<h3><strong>Discuss\u00f5es em Torno da Decis\u00e3o<\/strong><\/h3>\n<p>A escolha de Ney Latorraca de priorizar causas sociais em detrimento de sua fam\u00edlia ou c\u00f4njuge levanta reflex\u00f5es sobre autonomia e valores. Para alguns, trata-se de uma atitude altru\u00edsta, que reflete o esp\u00edrito generoso do ator. Para outros, a decis\u00e3o pode ser vista como controversa, especialmente considerando a proximidade com o marido.<\/p>\n<p>Independente das opini\u00f5es, a postura de Ney refor\u00e7a sua vis\u00e3o sobre a arte e a vida: retribuir \u00e9 um ato de amor. Sua decis\u00e3o, certamente, continuar\u00e1 gerando discuss\u00f5es e reflex\u00f5es sobre heran\u00e7a, rela\u00e7\u00f5es familiares e escolhas de vida.<\/p>\n<p>Nos resta acompanhar os desdobramentos dessa hist\u00f3ria e celebrar o legado art\u00edstico e humano de Ney Latorraca.<\/p>\n<p><!-- CONTENT END 2 --><\/p><\/div>\n","protected":false},"excerpt":{"rendered":"<p>Viola d\u00e1 a volta por cima em Mania de Voc\u00ea Nos pr\u00f3ximos cap\u00edtulos da novela Mania de Voc\u00ea, Viola mostrar\u00e1<\/p>\n","protected":false},"author":2,"featured_media":0,"comment_status":"","ping_status":"","sticky":false,"template":"","format":"standard","meta":{"colormag_page_container_layout":"default_layout","colormag_page_sidebar_layout":"default_layout","footnotes":""},"categories":[],"tags":[],"class_list":["post-38378","post","type-post","status-publish","format-standard","hentry"],"_links":{"self":[{"href":"https:\/\/euvivoaselecao.com.br\/index.php\/wp-json\/wp\/v2\/posts\/38378","targetHints":{"allow":["GET"]}}],"collection":[{"href":"https:\/\/euvivoaselecao.com.br\/index.php\/wp-json\/wp\/v2\/posts"}],"about":[{"href":"https:\/\/euvivoaselecao.com.br\/index.php\/wp-json\/wp\/v2\/types\/post"}],"author":[{"embeddable":true,"href":"https:\/\/euvivoaselecao.com.br\/index.php\/wp-json\/wp\/v2\/users\/2"}],"replies":[{"embeddable":true,"href":"https:\/\/euvivoaselecao.com.br\/index.php\/wp-json\/wp\/v2\/comments?post=38378"}],"version-history":[{"count":0,"href":"https:\/\/euvivoaselecao.com.br\/index.php\/wp-json\/wp\/v2\/posts\/38378\/revisions"}],"wp:attachment":[{"href":"https:\/\/euvivoaselecao.com.br\/index.php\/wp-json\/wp\/v2\/media?parent=38378"}],"wp:term":[{"taxonomy":"category","embeddable":true,"href":"https:\/\/euvivoaselecao.com.br\/index.php\/wp-json\/wp\/v2\/categories?post=38378"},{"taxonomy":"post_tag","embeddable":true,"href":"https:\/\/euvivoaselecao.com.br\/index.php\/wp-json\/wp\/v2\/tags?post=38378"}],"curies":[{"name":"wp","href":"https:\/\/api.w.org\/{rel}","templated":true}]}}