{"id":38532,"date":"2025-01-06T20:57:58","date_gmt":"2025-01-06T23:57:58","guid":{"rendered":"https:\/\/euvivoaselecao.com.br\/index.php\/2025\/01\/06\/confira-a-programacao-da-feira-do-artesanato-de-sorocaba-no-mes-de-janeiro-de-2025-agencia-de-noticias\/"},"modified":"2025-01-06T20:57:58","modified_gmt":"2025-01-06T23:57:58","slug":"confira-a-programacao-da-feira-do-artesanato-de-sorocaba-no-mes-de-janeiro-de-2025-agencia-de-noticias","status":"publish","type":"post","link":"https:\/\/euvivoaselecao.com.br\/index.php\/2025\/01\/06\/confira-a-programacao-da-feira-do-artesanato-de-sorocaba-no-mes-de-janeiro-de-2025-agencia-de-noticias\/","title":{"rendered":"Confira a programa\u00e7\u00e3o da Feira do Artesanato de Sorocaba no m\u00eas de janeiro de 2025 \u2013 Ag\u00eancia de Not\u00edcias"},"content":{"rendered":"<p><\/p>\n<div>\n<div class=\"col\">\n<p class=\"mt-0\">\n                        <strong><br \/>\n                            <span class=\"far fa-calendar mr-1 mt-2\"\/><br \/>\n                            6 de janeiro de 2025<br \/>\n                            <span class=\"far fa-clock ml-3 mt-2\"\/><br \/>\n                            16:55<br \/>\n                        <\/strong>\n                    <\/p>\n<p class=\"mb-0\">Por: <strong>Lu\u00eds Gustavo Adabro<\/strong><\/p>\n<\/p><\/div>\n<\/p><\/div>\n<div>\n<p>A Prefeitura de Sorocaba, por meio da Secretaria de Rela\u00e7\u00f5es do Trabalho e Qualifica\u00e7\u00e3o Profissional (Sert), em parceria com o Fundo Social de Solidariedade (FSS) e a Associa\u00e7\u00e3o Sorocabana de Artesanato (ASA), divulga o calend\u00e1rio de janeiro da tradicional Feira de Artesanato na cidade.<\/p>\n<p>A programa\u00e7\u00e3o da Feira do Artesanato segue at\u00e9 s\u00e1bado (11) na Pra\u00e7a Cel. Fernando Prestes (Centro) e, na sequ\u00eancia, de 13 e 17 de janeiro, Pra\u00e7a Carlos de Campos (Centro). A partir do dia 20, a feira acontecer\u00e1 na Pra\u00e7a da Ma\u00e7onaria (Jardim Paulistano), permanecendo at\u00e9 o dia 24. \u00a0Por fim, entre os dias 27 e 31, ser\u00e1 a vez do Largo do Ros\u00e1rio (Centro) receber os artes\u00e3os.\u00a0O hor\u00e1rio de funcionamento \u00e9 sempre das 9h \u00e0s 17h, de segunda a sexta-feira, e das 9h \u00e0s 14h, aos s\u00e1bados.<\/p>\n<p>A Feira de Artesanato apresenta uma grande variedade de produtos confeccionados artesanalmente, tais como: artigos em croch\u00ea e tric\u00f4, bijuterias, pe\u00e7as decorativas, artigos em couro, mosaicos, quadros, porcelanas, roupas e acess\u00f3rios para pets, plantas ornamentais, entre outros. Quem visitar tamb\u00e9m vai poder conferir as v\u00e1rias barracas de comidas t\u00edpicas brasileiras e internacionais, como bolinho caipira, crepe, yakissoba, waffer, tapioca, pastel, fogazza e muito mais.<\/p>\n<p><strong>Endere\u00e7os:<\/strong><\/p>\n<p>Pra\u00e7a Cel. Fernando Prestes: Rua Dr. Braguinha, altura do n\u00ba 56 \u2013 Centro;<\/p>\n<p>Pra\u00e7a Largo do Ros\u00e1rio: Rua Souza Pereira, altura do n\u00ba 9 \u2013 Centro;<\/p>\n<p>Pra\u00e7a Carlos de Campos: Rua Miranda Azevedo, altura do n\u00ba 77 \u2013 Centro;<\/p>\n<p>Pra\u00e7a da Ma\u00e7onaria: Rua Gustavo Teixeira, altura do n\u00ba 644 \u2013 Jardim Paulistano.<\/p>\n<p><strong>Para mais informa\u00e7\u00f5es, acesse:\u00a0https:\/\/turismo.sorocaba.sp.gov.br\/visite\/feira-de-artesanato-de-sorocaba.<\/strong><\/p>\n<\/p><\/div>\n","protected":false},"excerpt":{"rendered":"<p>6 de janeiro de 2025 16:55 Por: Lu\u00eds Gustavo Adabro A Prefeitura de Sorocaba, por meio da Secretaria de Rela\u00e7\u00f5es<\/p>\n","protected":false},"author":1,"featured_media":0,"comment_status":"","ping_status":"","sticky":false,"template":"","format":"standard","meta":{"colormag_page_container_layout":"default_layout","colormag_page_sidebar_layout":"default_layout","footnotes":""},"categories":[1],"tags":[],"class_list":["post-38532","post","type-post","status-publish","format-standard","hentry","category-sem-categoria"],"_links":{"self":[{"href":"https:\/\/euvivoaselecao.com.br\/index.php\/wp-json\/wp\/v2\/posts\/38532","targetHints":{"allow":["GET"]}}],"collection":[{"href":"https:\/\/euvivoaselecao.com.br\/index.php\/wp-json\/wp\/v2\/posts"}],"about":[{"href":"https:\/\/euvivoaselecao.com.br\/index.php\/wp-json\/wp\/v2\/types\/post"}],"author":[{"embeddable":true,"href":"https:\/\/euvivoaselecao.com.br\/index.php\/wp-json\/wp\/v2\/users\/1"}],"replies":[{"embeddable":true,"href":"https:\/\/euvivoaselecao.com.br\/index.php\/wp-json\/wp\/v2\/comments?post=38532"}],"version-history":[{"count":0,"href":"https:\/\/euvivoaselecao.com.br\/index.php\/wp-json\/wp\/v2\/posts\/38532\/revisions"}],"wp:attachment":[{"href":"https:\/\/euvivoaselecao.com.br\/index.php\/wp-json\/wp\/v2\/media?parent=38532"}],"wp:term":[{"taxonomy":"category","embeddable":true,"href":"https:\/\/euvivoaselecao.com.br\/index.php\/wp-json\/wp\/v2\/categories?post=38532"},{"taxonomy":"post_tag","embeddable":true,"href":"https:\/\/euvivoaselecao.com.br\/index.php\/wp-json\/wp\/v2\/tags?post=38532"}],"curies":[{"name":"wp","href":"https:\/\/api.w.org\/{rel}","templated":true}]}}