{"id":38533,"date":"2025-01-06T21:36:43","date_gmt":"2025-01-07T00:36:43","guid":{"rendered":"https:\/\/euvivoaselecao.com.br\/index.php\/2025\/01\/06\/sao-jose-dos-campos-celebra-o-dia-da-guarda-civil-municipal\/"},"modified":"2025-01-06T21:36:43","modified_gmt":"2025-01-07T00:36:43","slug":"sao-jose-dos-campos-celebra-o-dia-da-guarda-civil-municipal","status":"publish","type":"post","link":"https:\/\/euvivoaselecao.com.br\/index.php\/2025\/01\/06\/sao-jose-dos-campos-celebra-o-dia-da-guarda-civil-municipal\/","title":{"rendered":"S\u00e3o Jos\u00e9 dos Campos celebra o Dia da Guarda Civil Municipal"},"content":{"rendered":"<p><\/p>\n<div>\n<p><b>Paula Paz<\/b><br \/>&#13;<br \/>\n&#13;<br \/>\n                <span style=\"font-weight: bold;\">Secretaria de Prote\u00e7\u00e3o ao Cidad\u00e3o<\/span><\/p>\n<p><span style=\"font-weight: 400;\">Neste 6 de janeiro, S\u00e3o Jos\u00e9 dos Campos comemora o Dia da Guarda Civil Municipal (GCM), institui\u00e7\u00e3o criada em 1988 para proteger os bens, servi\u00e7os e instala\u00e7\u00f5es p\u00fablicas, al\u00e9m de garantir a seguran\u00e7a e o bem estar da popula\u00e7\u00e3o.<\/span><\/p>\n<p><span style=\"font-weight: 400;\">Ao longo de 37 anos, a GCM se tornou uma refer\u00eancia em inova\u00e7\u00e3o e efici\u00eancia, com um efetivo atuante 24 horas por dia nas ruas. Suas a\u00e7\u00f5es incluem apoio \u00e0 fiscaliza\u00e7\u00e3o, combate ao crime e ao vandalismo, patrulhamento preventivo e ostensivo e a participa\u00e7\u00e3o em eventos oficiais.<\/span><\/p>\n<p><span style=\"font-weight: 400;\">A corpora\u00e7\u00e3o tamb\u00e9m se destaca pelo uso de tecnologia sustent\u00e1vel. A frota conta com 30 viaturas 100% el\u00e9tricas, que n\u00e3o emitem CO\u00b2, al\u00e9m de motos t\u00e1ticas (GTAM), bicicletas el\u00e9tricas (GBike) e bases m\u00f3veis.\u00a0<\/span><\/p>\n<p><span style=\"font-weight: 400;\">Entre as rondas especializadas da Guarda Civil Municipal est\u00e3o:<\/span><\/p>\n<ul>&#13;<\/p>\n<li style=\"font-weight: 400;\" aria-level=\"1\">Ronda Escolar<span style=\"font-weight: 400;\">: que assegura a seguran\u00e7a no entorno das escolas<\/span><\/li>\n<p>&#13;<\/p>\n<li style=\"font-weight: 400;\" aria-level=\"1\">Patrulha Rural<span style=\"font-weight: 400;\">: destinada a refor\u00e7ar a seguran\u00e7a em \u00e1reas afastadas do n\u00facleo urbano<\/span><\/li>\n<p>&#13;<\/p>\n<li style=\"font-weight: 400;\" aria-level=\"1\">Ronda Ostensiva Municipal (ROMU)<span style=\"font-weight: 400;\">: com atua\u00e7\u00e3o t\u00e1tica e especializada<\/span><\/li>\n<p>&#13;<\/p>\n<li style=\"font-weight: 400;\" aria-level=\"1\">Rondas com motocicletas e bicicletas (GTAM e GBike)<span style=\"font-weight: 400;\">: garantindo agilidade e presen\u00e7a em \u00e1reas de dif\u00edcil acesso<\/span><\/li>\n<p>&#13;<\/p>\n<li style=\"font-weight: 400;\" aria-level=\"1\">Patrulha Maria da Penha:<span style=\"font-weight: 400;\">\u00a0que, desde o in\u00edcio do programa em 2019, j\u00e1 atendeu mais de 900 mulheres em situa\u00e7\u00e3o de viol\u00eancia, al\u00e9m de prender mais de 100 agressores por descumprimento de medidas protetivas<\/span><\/li>\n<p>&#13;\n<\/ul>\n<p><span style=\"font-weight: 400;\">A Academia da GCM, criada em 2022, forma e capacita os guardas municipais, promovendo treinamentos em direitos humanos, defesa pessoal, media\u00e7\u00e3o de conflitos, entre outros temas, garantindo a excel\u00eancia no atendimento \u00e0 popula\u00e7\u00e3o.<\/span><\/p>\n<p><span class=\"intertitulo\">S\u00e3o Jos\u00e9 Unida<\/span><\/p>\n<p><span style=\"font-weight: 400;\">Em 2017 a Prefeitura de S\u00e3o Jos\u00e9 criou o Programa S\u00e3o Jos\u00e9 Unida, <\/span><span style=\"font-weight: 400;\">integrando a Guarda Civil Municipal, Pol\u00edcia Militar, Pol\u00edcia Civil, Pol\u00edcia T\u00e9cnico-Cient\u00edfica, Pol\u00edcia Rodovi\u00e1ria Federal, Pol\u00edcia Rodovi\u00e1ria Estadual, Pol\u00edcia Federal, Pol\u00edcia Ambiental, Corpo de Bombeiros, Defesa Civil, DFPM (Departamento de Fiscaliza\u00e7\u00e3o e Posturas Municipais), Secretaria de Mobilidade Urbana e Detran-SP, numa for\u00e7a-tarefa para prevenir e reduzir os \u00edndices de criminalidade.<\/span><\/p>\n<p><span class=\"intertitulo\">Orgulho<\/span><\/p>\n<p><span style=\"font-weight: 400;\">O Guarda Civil Municipal Robson Ricardo Isaias, de 61 anos, integra a corpora\u00e7\u00e3o desde a funda\u00e7\u00e3o, em 1988. Casado e pai de oito filhos, ele expressa orgulho por fazer parte da institui\u00e7\u00e3o e por ter contribu\u00eddo para que S\u00e3o Jos\u00e9 dos Campos se tornasse uma cidade mais segura.<\/span><\/p>\n<p><span style=\"font-weight: 400;\">\u201cEntrei na GCM no ano da funda\u00e7\u00e3o e tenho muito orgulho de fazer parte desta institui\u00e7\u00e3o. Um caso que me marcou profundamente aconteceu h\u00e1 muitos anos, quando conseguimos impedir a morte de um idoso que estava sequestrado. Durante um patrulhamento, identificamos uma situa\u00e7\u00e3o suspeita e, ao abordarmos, descobrimos que o senhor estava sendo mantido ref\u00e9m. Nunca esquecerei o abra\u00e7o de agradecimento que ele nos deu. Sou imensamente grato \u00e0 GCM por ter servido \u00e0 popula\u00e7\u00e3o e, ao mesmo tempo, por ter tido a oportunidade de criar meus filhos e minha fam\u00edlia\u201d, relatou Robson.<\/span><\/p>\n<p><span style=\"font-weight: 400;\">O depoimento do guarda reflete a dedica\u00e7\u00e3o e o impacto positivo que a atua\u00e7\u00e3o da GCM tem na vida das pessoas ao longo de mais de tr\u00eas d\u00e9cadas.<\/span><\/p>\n<p><span style=\"font-weight: 400;\">Neste dia especial, S\u00e3o Jos\u00e9 dos Campos reconhece a dedica\u00e7\u00e3o e o compromisso dos homens e mulheres que integram a Guarda Civil Municipal, pilares da seguran\u00e7a e do cuidado com a cidade.<\/span><\/p>\n<p>&#13;<br \/>\n                        <strong>MAIS NOT\u00cdCIAS<\/strong><br \/>&#13;<br \/>\n                        Secretaria de Prote\u00e7\u00e3o ao Cidad\u00e3o&#13;\n                    <\/p>\n<\/p><\/div>\n","protected":false},"excerpt":{"rendered":"<p>Paula Paz&#13; &#13; Secretaria de Prote\u00e7\u00e3o ao Cidad\u00e3o Neste 6 de janeiro, S\u00e3o Jos\u00e9 dos Campos comemora o Dia da<\/p>\n","protected":false},"author":1,"featured_media":0,"comment_status":"","ping_status":"","sticky":false,"template":"","format":"standard","meta":{"colormag_page_container_layout":"default_layout","colormag_page_sidebar_layout":"default_layout","footnotes":""},"categories":[1],"tags":[],"class_list":["post-38533","post","type-post","status-publish","format-standard","hentry","category-sem-categoria"],"_links":{"self":[{"href":"https:\/\/euvivoaselecao.com.br\/index.php\/wp-json\/wp\/v2\/posts\/38533","targetHints":{"allow":["GET"]}}],"collection":[{"href":"https:\/\/euvivoaselecao.com.br\/index.php\/wp-json\/wp\/v2\/posts"}],"about":[{"href":"https:\/\/euvivoaselecao.com.br\/index.php\/wp-json\/wp\/v2\/types\/post"}],"author":[{"embeddable":true,"href":"https:\/\/euvivoaselecao.com.br\/index.php\/wp-json\/wp\/v2\/users\/1"}],"replies":[{"embeddable":true,"href":"https:\/\/euvivoaselecao.com.br\/index.php\/wp-json\/wp\/v2\/comments?post=38533"}],"version-history":[{"count":0,"href":"https:\/\/euvivoaselecao.com.br\/index.php\/wp-json\/wp\/v2\/posts\/38533\/revisions"}],"wp:attachment":[{"href":"https:\/\/euvivoaselecao.com.br\/index.php\/wp-json\/wp\/v2\/media?parent=38533"}],"wp:term":[{"taxonomy":"category","embeddable":true,"href":"https:\/\/euvivoaselecao.com.br\/index.php\/wp-json\/wp\/v2\/categories?post=38533"},{"taxonomy":"post_tag","embeddable":true,"href":"https:\/\/euvivoaselecao.com.br\/index.php\/wp-json\/wp\/v2\/tags?post=38533"}],"curies":[{"name":"wp","href":"https:\/\/api.w.org\/{rel}","templated":true}]}}