{"id":38534,"date":"2025-01-06T22:18:40","date_gmt":"2025-01-07T01:18:40","guid":{"rendered":"https:\/\/euvivoaselecao.com.br\/index.php\/2025\/01\/06\/professores-aprovados-no-maior-concurso-de-sc-sao-nomeados\/"},"modified":"2025-01-06T22:18:40","modified_gmt":"2025-01-07T01:18:40","slug":"professores-aprovados-no-maior-concurso-de-sc-sao-nomeados","status":"publish","type":"post","link":"https:\/\/euvivoaselecao.com.br\/index.php\/2025\/01\/06\/professores-aprovados-no-maior-concurso-de-sc-sao-nomeados\/","title":{"rendered":"Professores aprovados no maior concurso de SC s\u00e3o nomeados"},"content":{"rendered":"<p><\/p>\n<div>\n<p><em>Foto: Roberto Zacarias\/SECOM<\/em><\/p>\n<p>Os professores classificados na 1\u00aa chamada do maior concurso da hist\u00f3ria da Educa\u00e7\u00e3o de Santa Catarina foram nomeados via Di\u00e1rio Oficial publicado nesta segunda-feira, 6. Os profissionais tomar\u00e3o posse e come\u00e7ar\u00e3o as atividades nas escolas estaduais em 3 de fevereiro. A primeira semana de trabalho ser\u00e1 de forma\u00e7\u00e3o e preparativos para o in\u00edcio do ano letivo de 2025, no dia 10 de fevereiro.<\/p>\n<p>Para os cargos de assistente de educa\u00e7\u00e3o, de assistente t\u00e9cnico-pedag\u00f3gico e especialistas, a escolha de vagas acontecer\u00e1 entre 17 e 21 de fevereiro, de forma online, pelo site ingresso.sed.sc.gov.br. O manual de escolha de vagas j\u00e1 est\u00e1 dispon\u00edvel nos sites da <strong>SED<\/strong> e da <strong>FURB<\/strong>. Neste caso, o Ato de Nomea\u00e7\u00e3o ocorrer\u00e1 em 1\u00ba de mar\u00e7o e o in\u00edcio dos trabalhos no dia 1\u00ba de abril.<\/p>\n<p>\u201cO resultado deste concurso trar\u00e1 \u00f3timos profissionais para as nossas escolas. Tenho certeza que eles far\u00e3o uma grande diferen\u00e7a para a educa\u00e7\u00e3o de Santa Catarina e, consequentemente, na vida dos nossos estudantes\u201d, destacou o secret\u00e1rio de Estado da Educa\u00e7\u00e3o, Aristides Cimadon.<\/p>\n<p>Esta \u00e9 mais uma das a\u00e7\u00f5es da atual gest\u00e3o para melhorar ainda mais a qualidade da educa\u00e7\u00e3o catarinense. As nomea\u00e7\u00f5es dever\u00e3o acontecer em v\u00e1rias chamadas durante os quatro anos de vig\u00eancia do concurso, conforme a necessidade da rede.<\/p>\n<\/p><\/div>\n","protected":false},"excerpt":{"rendered":"<p>Foto: Roberto Zacarias\/SECOM Os professores classificados na 1\u00aa chamada do maior concurso da hist\u00f3ria da Educa\u00e7\u00e3o de Santa Catarina foram<\/p>\n","protected":false},"author":1,"featured_media":0,"comment_status":"","ping_status":"","sticky":false,"template":"","format":"standard","meta":{"colormag_page_container_layout":"default_layout","colormag_page_sidebar_layout":"default_layout","footnotes":""},"categories":[1],"tags":[],"class_list":["post-38534","post","type-post","status-publish","format-standard","hentry","category-sem-categoria"],"_links":{"self":[{"href":"https:\/\/euvivoaselecao.com.br\/index.php\/wp-json\/wp\/v2\/posts\/38534","targetHints":{"allow":["GET"]}}],"collection":[{"href":"https:\/\/euvivoaselecao.com.br\/index.php\/wp-json\/wp\/v2\/posts"}],"about":[{"href":"https:\/\/euvivoaselecao.com.br\/index.php\/wp-json\/wp\/v2\/types\/post"}],"author":[{"embeddable":true,"href":"https:\/\/euvivoaselecao.com.br\/index.php\/wp-json\/wp\/v2\/users\/1"}],"replies":[{"embeddable":true,"href":"https:\/\/euvivoaselecao.com.br\/index.php\/wp-json\/wp\/v2\/comments?post=38534"}],"version-history":[{"count":0,"href":"https:\/\/euvivoaselecao.com.br\/index.php\/wp-json\/wp\/v2\/posts\/38534\/revisions"}],"wp:attachment":[{"href":"https:\/\/euvivoaselecao.com.br\/index.php\/wp-json\/wp\/v2\/media?parent=38534"}],"wp:term":[{"taxonomy":"category","embeddable":true,"href":"https:\/\/euvivoaselecao.com.br\/index.php\/wp-json\/wp\/v2\/categories?post=38534"},{"taxonomy":"post_tag","embeddable":true,"href":"https:\/\/euvivoaselecao.com.br\/index.php\/wp-json\/wp\/v2\/tags?post=38534"}],"curies":[{"name":"wp","href":"https:\/\/api.w.org\/{rel}","templated":true}]}}