{"id":38537,"date":"2025-01-06T23:42:29","date_gmt":"2025-01-07T02:42:29","guid":{"rendered":"https:\/\/euvivoaselecao.com.br\/index.php\/2025\/01\/06\/ponte-sobre-o-rio-dourados-transforma-a-vida-dos-moradores-de-porto-vilma-e-homenageia-icone-da-regiao\/"},"modified":"2025-01-06T23:42:29","modified_gmt":"2025-01-07T02:42:29","slug":"ponte-sobre-o-rio-dourados-transforma-a-vida-dos-moradores-de-porto-vilma-e-homenageia-icone-da-regiao","status":"publish","type":"post","link":"https:\/\/euvivoaselecao.com.br\/index.php\/2025\/01\/06\/ponte-sobre-o-rio-dourados-transforma-a-vida-dos-moradores-de-porto-vilma-e-homenageia-icone-da-regiao\/","title":{"rendered":"Ponte sobre o Rio Dourados transforma a vida dos moradores de Porto Vilma e homenageia \u00edcone da regi\u00e3o"},"content":{"rendered":"<p><\/p>\n<div>\n<p style=\"text-align: center;\"><em>Investimento do Governo na estrutura amplia desenvolvimento regional, seguran\u00e7a e mobilidade, honrando a mem\u00f3ria de Amaro s\u00edmbolo de trabalho e resili\u00eancia<\/em><\/p>\n<p>Com investimento de R$ 9,4 milh\u00f5es, o Governo de Mato Grosso do Sul entregou nesta segunda-feira (6) a nova ponte de concreto sobre o Rio Dourados, no distrito de Porto Vilma, divisa entre Dourados e Deod\u00e1polis. Com 92 metros de comprimento por 10 metros de largura, a obra substitui a antiga ponte de madeira, que n\u00e3o suportava mais o tr\u00e1fego intenso e ve\u00edculos pesados, trazendo benef\u00edcios diretos para a log\u00edstica agr\u00edcola e a seguran\u00e7a dos moradores.<\/p>\n<p>\u201cEssa ponte \u00e9 mais do que concreto e a\u00e7o. Ela representa a conex\u00e3o entre passado e futuro, entre hist\u00f3rias como a do senhor Amaro, que dedicou sua vida a esta regi\u00e3o, e os sonhos de quem depende dessa infraestrutura para trabalhar, produzir e viver melhor. Essa entrega refor\u00e7a o compromisso do Governo em levar desenvolvimento para todo Estado\u201d, destacou Barbosinha.<\/p>\n<p>A nova estrutura atende a produtores locais que, antes, enfrentavam desafios para transportar fertilizantes, calc\u00e1rio e safras de soja e milho. A obra tamb\u00e9m reduz o tr\u00e1fego pesado na \u00e1rea urbana de Deod\u00e1polis, melhorando a qualidade de vida dos moradores e promovendo desenvolvimento econ\u00f4mico.<\/p>\n<p>O prefeito de Deod\u00e1polis, Jean da Sa\u00fade, enfatizou a relev\u00e2ncia da parceria entre governo estadual e munic\u00edpios. \u201cEssa ponte \u00e9 resultado de um trabalho conjunto que prioriza as reais necessidades da popula\u00e7\u00e3o. Agrade\u00e7o ao governo de MS por atender a uma demanda t\u00e3o essencial para nossa comunidade e regi\u00e3o\u201d, agradeceu o prefeito.<\/p>\n<p>A entrega da ponte faz parte de um pacote de R$ 169,7 milh\u00f5es em investimentos destinados ao munic\u00edpio de Deod\u00e1polis nesta gest\u00e3o, abrangendo infraestrutura, sa\u00fade e educa\u00e7\u00e3o.<\/p>\n<p>\u201cEstamos transformando Mato Grosso do Sul com obras que chegam diretamente \u00e0 vida das pessoas. Essa ponte \u00e9 uma ponte para o futuro, conectando sonhos e oportunidades\u201d, enfatizou Barbosinha.<\/p>\n<p><strong>Homenagem a um \u00edcone local<\/strong><\/p>\n<p>Batizada de \u201cPonte Amaro de Souza Filgueira\u201d, a estrutura homenageia o pescador que dedicou sua vida \u00e0s margens do Rio Dourados. Amaro, que se mudou para Porto Vilma em 1972, \u00e9 lembrado como um exemplo de honestidade, trabalho e alegria.<\/p>\n<p>\u201cMeu pai sempre viveu neste rio. Ele representava a for\u00e7a e a simplicidade da nossa comunidade. Essa homenagem \u00e9 motivo de orgulho para nossa fam\u00edlia e para todos que o conheceram\u201d, emocionou-se Maria L\u00facia, filha de Amaro, ao falar sobre a nova ponte.<\/p>\n<p>A vi\u00fava, Maria Neves de Souza, tamb\u00e9m expressou sua gratid\u00e3o. \u201cAmaro era uma pessoa querida por todos, e ver seu nome nessa obra t\u00e3o importante para a nossa regi\u00e3o \u00e9 uma alegria imensa. Nossa fam\u00edlia est\u00e1 muito agradecida\u201d.<\/p>\n<p>A nova ponte de Porto Vilma eleva toda a regi\u00e3o a importante passo para o desenvolvimento sustent\u00e1vel e na melhoria da qualidade de vida de seus moradores, honrando as mem\u00f3rias de quem ajudou a construir a hist\u00f3ria local e olhando para um futuro pr\u00f3spero e conectado.<\/p>\n<p><em>Lucas Cavalheiro, Comunica\u00e7\u00e3o Vice-governadoria<br \/>Fotos: Jo\u00e3o Garrig\u00f3 e Ewerton Ferreira<\/em><\/p>\n<\/div>\n","protected":false},"excerpt":{"rendered":"<p>Investimento do Governo na estrutura amplia desenvolvimento regional, seguran\u00e7a e mobilidade, honrando a mem\u00f3ria de Amaro s\u00edmbolo de trabalho e<\/p>\n","protected":false},"author":1,"featured_media":0,"comment_status":"","ping_status":"","sticky":false,"template":"","format":"standard","meta":{"colormag_page_container_layout":"default_layout","colormag_page_sidebar_layout":"default_layout","footnotes":""},"categories":[1],"tags":[],"class_list":["post-38537","post","type-post","status-publish","format-standard","hentry","category-sem-categoria"],"_links":{"self":[{"href":"https:\/\/euvivoaselecao.com.br\/index.php\/wp-json\/wp\/v2\/posts\/38537","targetHints":{"allow":["GET"]}}],"collection":[{"href":"https:\/\/euvivoaselecao.com.br\/index.php\/wp-json\/wp\/v2\/posts"}],"about":[{"href":"https:\/\/euvivoaselecao.com.br\/index.php\/wp-json\/wp\/v2\/types\/post"}],"author":[{"embeddable":true,"href":"https:\/\/euvivoaselecao.com.br\/index.php\/wp-json\/wp\/v2\/users\/1"}],"replies":[{"embeddable":true,"href":"https:\/\/euvivoaselecao.com.br\/index.php\/wp-json\/wp\/v2\/comments?post=38537"}],"version-history":[{"count":0,"href":"https:\/\/euvivoaselecao.com.br\/index.php\/wp-json\/wp\/v2\/posts\/38537\/revisions"}],"wp:attachment":[{"href":"https:\/\/euvivoaselecao.com.br\/index.php\/wp-json\/wp\/v2\/media?parent=38537"}],"wp:term":[{"taxonomy":"category","embeddable":true,"href":"https:\/\/euvivoaselecao.com.br\/index.php\/wp-json\/wp\/v2\/categories?post=38537"},{"taxonomy":"post_tag","embeddable":true,"href":"https:\/\/euvivoaselecao.com.br\/index.php\/wp-json\/wp\/v2\/tags?post=38537"}],"curies":[{"name":"wp","href":"https:\/\/api.w.org\/{rel}","templated":true}]}}